{"id":10439,"date":"2022-07-07T12:00:11","date_gmt":"2022-07-07T10:00:11","guid":{"rendered":"http:\/\/contactfm72.fr\/?p=10439"},"modified":"2022-07-06T09:27:08","modified_gmt":"2022-07-06T07:27:08","slug":"chateau-du-loir-les-travaux-du-presbytere-sont-termines","status":"publish","type":"post","link":"https:\/\/contactfm72.fr\/?p=10439","title":{"rendered":"Ch\u00e2teau-du-Loir. Les travaux du presbyt\u00e8re sont termin\u00e9s"},"content":{"rendered":"<h2>La municipalit\u00e9 de Montval-sur-Loir a engag\u00e9 20 000\u20ac de travaux pour le presbyt\u00e8re, rue Gendron, \u00e0 Ch\u00e2teau-du-Loir. Les travaux se sont finalis\u00e9s le 15 mai.<\/h2>\n<p>&nbsp;<\/p>\n<p>Le sup\u00e9rieur local de la Congr\u00e9gation, le <strong>p\u00e8re Jean Bosco<\/strong>, est heureux de faire visiter ses nouveaux locaux au sein du presbyt\u00e8re de <strong>Ch\u00e2teau-du-Loir, dans le Sud-Sarthe<\/strong>. \u00ab Les agents communaux ont fait un travail formidable \u00bb, mart\u00e8le le cur\u00e9. En effet, le presbyt\u00e8re, o\u00f9 logent<strong> les quatre cur\u00e9s<\/strong> des paroisses, ne pr\u00e9sentait seulement qu&#8217;une salle de bain qui \u00e9tait dans \u00ab un sale \u00e9tat. Je tenais la porte de la douche d&#8217;une main, et je me lavais de l&#8217;autre \u00bb, se rappelle Jean Bosco.<\/p>\n<h3>\nDes salles de bain 5 \u00e9toiles<\/h3>\n<p>Le b\u00e2timent appartenant \u00e0 la mairie, la municipalit\u00e9 a d\u00e9cid\u00e9 d&#8217;engager des travaux face \u00e0 l&#8217;urgence de la situation : deux salles de bain avec sanitaires pour 20 000\u20ac.<\/p>\n<blockquote><p>\u00ab On est parti de 0. Il fallait tout cr\u00e9er. Six corps de m\u00e9tier ont \u00e9t\u00e9 engag\u00e9s dans ces travaux. On a commenc\u00e9 en f\u00e9vrier, et on a termin\u00e9 le 15 mai \u00bb, informe St\u00e9phane Lenoble, agent de la commune. Un travail valorisant et qui change de la routine des agents de la Ville : \u00ab Notre \u00e9quipe est performante. On a m\u00eame refait la cave ; on avait chang\u00e9 la chaudi\u00e8re l&#8217;ann\u00e9e derni\u00e8re \u00bb, poursuit l&#8217;agent.<\/p><\/blockquote>\n<p>&nbsp;<\/p>\n<h3>Travail des b\u00e9n\u00e9voles<\/h3>\n<p>En plus des travaux engag\u00e9s par les agents communaux concernant les<strong> deux salles de bain et les sanitaires<\/strong>, les b\u00e9n\u00e9voles de la Paroisse ont \u00e9galement mis la main \u00e0 la p\u00e2te. Au rez-de-chauss\u00e9e, plusieurs murs font dor\u00e9navant peau neuve gr\u00e2ce \u00e0 leur effort. De<strong> nouvelles couleurs pastel<\/strong> embellissent couloirs et salles des parties communes. \u00ab On en avait bien besoin et les b\u00e9n\u00e9voles ont fait un travail remarquable \u00bb, termine Jean Bosco.<\/p>\n<h3>\nD\u00e9fibrillateur<\/h3>\n<p>Fran\u00e7ois Olivier, maire de Ch\u00e2teau-du-Loir, tient \u00e0 pr\u00e9ciser qu&#8217;un d\u00e9fibrillateur est pr\u00e9sent \u00e0 <strong>l&#8217;entr\u00e9e du presbyt\u00e8re<\/strong>, directement dans la rue Gendron : \u00ab L&#8217;Eglise est ferm\u00e9e en raison de probl\u00e8mes de d\u00e9gradations. On a donc d\u00e9cid\u00e9 de l&#8217;installer dans la rue. Il est arriv\u00e9 il y a 15 jours environ \u00bb.<\/p>\n<p>Nouveaux \u00e9quipements et travaux termin\u00e9s, les quatre cur\u00e9s de la Paroisse vont pouvoir \u00e0 pr\u00e9sent accueillir dans de bonnes conditions les futurs p\u00e8lerins cor\u00e9ens \u00e0 Ch\u00e2teau-du-Loir.<\/p>\n<!-- AddThis Advanced Settings generic via filter on the_content --><!-- AddThis Share Buttons generic via filter on the_content -->","protected":false},"excerpt":{"rendered":"<p>La municipalit\u00e9 de Montval-sur-Loir a engag\u00e9 20 000\u20ac de travaux pour le presbyt\u00e8re, rue Gendron, \u00e0 Ch\u00e2teau-du-Loir. Les travaux se sont finalis\u00e9s le 15 mai. &nbsp; Le sup\u00e9rieur local de la Congr\u00e9gation, le p\u00e8re Jean Bosco, est heureux de faire visiter ses nouveaux locaux au sein du presbyt\u00e8re de Ch\u00e2teau-du-Loir, dans le Sud-Sarthe. \u00ab Les&hellip;<!-- AddThis Advanced Settings generic via filter on get_the_excerpt --><!-- AddThis Share Buttons generic via filter on get_the_excerpt --><\/p>\n","protected":false},"author":4,"featured_media":10440,"comment_status":"closed","ping_status":"open","sticky":false,"template":"","format":"standard","meta":{"footnotes":""},"categories":[1],"tags":[],"class_list":["post-10439","post","type-post","status-publish","format-standard","has-post-thumbnail","hentry","category-contact-fm-72","category-1","description-off"],"yoast_head":"<!-- This site is optimized with the Yoast SEO plugin v27.4 - https:\/\/yoast.com\/product\/yoast-seo-wordpress\/ -->\n<title>Ch\u00e2teau-du-Loir. Les travaux du presbyt\u00e8re sont termin\u00e9s - Contact FM 99.3<\/title>\n<meta name=\"robots\" content=\"index, follow, max-snippet:-1, max-image-preview:large, max-video-preview:-1\" \/>\n<link rel=\"canonical\" href=\"https:\/\/contactfm72.fr\/?p=10439\" \/>\n<meta property=\"og:locale\" content=\"fr_FR\" \/>\n<meta property=\"og:type\" content=\"article\" \/>\n<meta property=\"og:title\" content=\"Ch\u00e2teau-du-Loir. Les travaux du presbyt\u00e8re sont termin\u00e9s - Contact FM 99.3\" \/>\n<meta property=\"og:description\" content=\"La municipalit\u00e9 de Montval-sur-Loir a engag\u00e9 20 000\u20ac de travaux pour le presbyt\u00e8re, rue Gendron, \u00e0 Ch\u00e2teau-du-Loir. Les travaux se sont finalis\u00e9s le 15 mai. &nbsp; Le sup\u00e9rieur local de la Congr\u00e9gation, le p\u00e8re Jean Bosco, est heureux de faire visiter ses nouveaux locaux au sein du presbyt\u00e8re de Ch\u00e2teau-du-Loir, dans le Sud-Sarthe. \u00ab Les&hellip;\" \/>\n<meta property=\"og:url\" content=\"https:\/\/contactfm72.fr\/?p=10439\" \/>\n<meta property=\"og:site_name\" content=\"Contact FM 99.3\" \/>\n<meta property=\"article:publisher\" content=\"https:\/\/www.facebook.com\/Contactfm.Chateauduloir\" \/>\n<meta property=\"article:published_time\" content=\"2022-07-07T10:00:11+00:00\" \/>\n<meta property=\"og:image\" content=\"https:\/\/contactfm72.fr\/wp-content\/uploads\/2022\/07\/travaux-presbyt\u00e8re.jpg\" \/>\n\t<meta property=\"og:image:width\" content=\"2048\" \/>\n\t<meta property=\"og:image:height\" content=\"1536\" \/>\n\t<meta property=\"og:image:type\" content=\"image\/jpeg\" \/>\n<meta name=\"author\" content=\"Val\u00e9rie C.\" \/>\n<meta name=\"twitter:card\" content=\"summary_large_image\" \/>\n<meta name=\"twitter:creator\" content=\"@contactfm72\" \/>\n<meta name=\"twitter:site\" content=\"@contactfm72\" \/>\n<meta name=\"twitter:label1\" content=\"\u00c9crit par\" \/>\n\t<meta name=\"twitter:data1\" content=\"Val\u00e9rie C.\" \/>\n\t<meta name=\"twitter:label2\" content=\"Dur\u00e9e de lecture estim\u00e9e\" \/>\n\t<meta name=\"twitter:data2\" content=\"2 minutes\" \/>\n<script type=\"application\/ld+json\" class=\"yoast-schema-graph\">{\"@context\":\"https:\\\/\\\/schema.org\",\"@graph\":[{\"@type\":\"Article\",\"@id\":\"https:\\\/\\\/contactfm72.fr\\\/?p=10439#article\",\"isPartOf\":{\"@id\":\"https:\\\/\\\/contactfm72.fr\\\/?p=10439\"},\"author\":{\"name\":\"Val\u00e9rie C.\",\"@id\":\"https:\\\/\\\/contactfm72.fr\\\/#\\\/schema\\\/person\\\/9fdc9d1c2eb029354a4f1535b90ba82d\"},\"headline\":\"Ch\u00e2teau-du-Loir. Les travaux du presbyt\u00e8re sont termin\u00e9s\",\"datePublished\":\"2022-07-07T10:00:11+00:00\",\"mainEntityOfPage\":{\"@id\":\"https:\\\/\\\/contactfm72.fr\\\/?p=10439\"},\"wordCount\":416,\"publisher\":{\"@id\":\"https:\\\/\\\/contactfm72.fr\\\/#organization\"},\"image\":{\"@id\":\"https:\\\/\\\/contactfm72.fr\\\/?p=10439#primaryimage\"},\"thumbnailUrl\":\"https:\\\/\\\/contactfm72.fr\\\/wp-content\\\/uploads\\\/2022\\\/07\\\/travaux-presbyt\u00e8re.jpg\",\"articleSection\":[\"Contact FM 72\"],\"inLanguage\":\"fr-FR\"},{\"@type\":\"WebPage\",\"@id\":\"https:\\\/\\\/contactfm72.fr\\\/?p=10439\",\"url\":\"https:\\\/\\\/contactfm72.fr\\\/?p=10439\",\"name\":\"Ch\u00e2teau-du-Loir. Les travaux du presbyt\u00e8re sont termin\u00e9s - Contact FM 99.3\",\"isPartOf\":{\"@id\":\"https:\\\/\\\/contactfm72.fr\\\/#website\"},\"primaryImageOfPage\":{\"@id\":\"https:\\\/\\\/contactfm72.fr\\\/?p=10439#primaryimage\"},\"image\":{\"@id\":\"https:\\\/\\\/contactfm72.fr\\\/?p=10439#primaryimage\"},\"thumbnailUrl\":\"https:\\\/\\\/contactfm72.fr\\\/wp-content\\\/uploads\\\/2022\\\/07\\\/travaux-presbyt\u00e8re.jpg\",\"datePublished\":\"2022-07-07T10:00:11+00:00\",\"breadcrumb\":{\"@id\":\"https:\\\/\\\/contactfm72.fr\\\/?p=10439#breadcrumb\"},\"inLanguage\":\"fr-FR\",\"potentialAction\":[{\"@type\":\"ReadAction\",\"target\":[\"https:\\\/\\\/contactfm72.fr\\\/?p=10439\"]}]},{\"@type\":\"ImageObject\",\"inLanguage\":\"fr-FR\",\"@id\":\"https:\\\/\\\/contactfm72.fr\\\/?p=10439#primaryimage\",\"url\":\"https:\\\/\\\/contactfm72.fr\\\/wp-content\\\/uploads\\\/2022\\\/07\\\/travaux-presbyt\u00e8re.jpg\",\"contentUrl\":\"https:\\\/\\\/contactfm72.fr\\\/wp-content\\\/uploads\\\/2022\\\/07\\\/travaux-presbyt\u00e8re.jpg\",\"width\":2048,\"height\":1536,\"caption\":\"Agents communaux, les p\u00e8res Jean et Michel, et les \u00e9lus, \u00e0 l'entr\u00e9e du presbyt\u00e8re, pr\u00e8s de Saint-Sim\u00e9on-Berneux.\"},{\"@type\":\"BreadcrumbList\",\"@id\":\"https:\\\/\\\/contactfm72.fr\\\/?p=10439#breadcrumb\",\"itemListElement\":[{\"@type\":\"ListItem\",\"position\":1,\"name\":\"Accueil\",\"item\":\"https:\\\/\\\/contactfm72.fr\\\/\"},{\"@type\":\"ListItem\",\"position\":2,\"name\":\"Ch\u00e2teau-du-Loir. Les travaux du presbyt\u00e8re sont termin\u00e9s\"}]},{\"@type\":\"WebSite\",\"@id\":\"https:\\\/\\\/contactfm72.fr\\\/#website\",\"url\":\"https:\\\/\\\/contactfm72.fr\\\/\",\"name\":\"Contact FM 99.3\",\"description\":\"Votre radio en vall\u00e9e du Loir\",\"publisher\":{\"@id\":\"https:\\\/\\\/contactfm72.fr\\\/#organization\"},\"potentialAction\":[{\"@type\":\"SearchAction\",\"target\":{\"@type\":\"EntryPoint\",\"urlTemplate\":\"https:\\\/\\\/contactfm72.fr\\\/?s={search_term_string}\"},\"query-input\":{\"@type\":\"PropertyValueSpecification\",\"valueRequired\":true,\"valueName\":\"search_term_string\"}}],\"inLanguage\":\"fr-FR\"},{\"@type\":\"Organization\",\"@id\":\"https:\\\/\\\/contactfm72.fr\\\/#organization\",\"name\":\"Contact FM 99.3\",\"url\":\"https:\\\/\\\/contactfm72.fr\\\/\",\"logo\":{\"@type\":\"ImageObject\",\"inLanguage\":\"fr-FR\",\"@id\":\"https:\\\/\\\/contactfm72.fr\\\/#\\\/schema\\\/logo\\\/image\\\/\",\"url\":\"https:\\\/\\\/contactfm72.fr\\\/wp-content\\\/uploads\\\/2025\\\/04\\\/2025-04-18-2.jpg\",\"contentUrl\":\"https:\\\/\\\/contactfm72.fr\\\/wp-content\\\/uploads\\\/2025\\\/04\\\/2025-04-18-2.jpg\",\"width\":680,\"height\":307,\"caption\":\"Contact FM 99.3\"},\"image\":{\"@id\":\"https:\\\/\\\/contactfm72.fr\\\/#\\\/schema\\\/logo\\\/image\\\/\"},\"sameAs\":[\"https:\\\/\\\/www.facebook.com\\\/Contactfm.Chateauduloir\",\"https:\\\/\\\/x.com\\\/contactfm72\",\"https:\\\/\\\/www.instagram.com\\\/contact.fm.72?igsh=cGhlMHQ5N2JlNnpp\",\"https:\\\/\\\/www.tiktok.com\\\/@contact.fm\"]},{\"@type\":\"Person\",\"@id\":\"https:\\\/\\\/contactfm72.fr\\\/#\\\/schema\\\/person\\\/9fdc9d1c2eb029354a4f1535b90ba82d\",\"name\":\"Val\u00e9rie C.\",\"image\":{\"@type\":\"ImageObject\",\"inLanguage\":\"fr-FR\",\"@id\":\"https:\\\/\\\/secure.gravatar.com\\\/avatar\\\/2f8aa28f8dfbd7d4420afd1fdcdd0a349923e2c8a38ab28198b0f9d0601e4737?s=96&d=mm&r=g\",\"url\":\"https:\\\/\\\/secure.gravatar.com\\\/avatar\\\/2f8aa28f8dfbd7d4420afd1fdcdd0a349923e2c8a38ab28198b0f9d0601e4737?s=96&d=mm&r=g\",\"contentUrl\":\"https:\\\/\\\/secure.gravatar.com\\\/avatar\\\/2f8aa28f8dfbd7d4420afd1fdcdd0a349923e2c8a38ab28198b0f9d0601e4737?s=96&d=mm&r=g\",\"caption\":\"Val\u00e9rie C.\"},\"url\":\"https:\\\/\\\/contactfm72.fr\\\/?author=4\"}]}<\/script>\n<!-- \/ Yoast SEO plugin. -->","yoast_head_json":{"title":"Ch\u00e2teau-du-Loir. Les travaux du presbyt\u00e8re sont termin\u00e9s - Contact FM 99.3","robots":{"index":"index","follow":"follow","max-snippet":"max-snippet:-1","max-image-preview":"max-image-preview:large","max-video-preview":"max-video-preview:-1"},"canonical":"https:\/\/contactfm72.fr\/?p=10439","og_locale":"fr_FR","og_type":"article","og_title":"Ch\u00e2teau-du-Loir. Les travaux du presbyt\u00e8re sont termin\u00e9s - Contact FM 99.3","og_description":"La municipalit\u00e9 de Montval-sur-Loir a engag\u00e9 20 000\u20ac de travaux pour le presbyt\u00e8re, rue Gendron, \u00e0 Ch\u00e2teau-du-Loir. Les travaux se sont finalis\u00e9s le 15 mai. &nbsp; Le sup\u00e9rieur local de la Congr\u00e9gation, le p\u00e8re Jean Bosco, est heureux de faire visiter ses nouveaux locaux au sein du presbyt\u00e8re de Ch\u00e2teau-du-Loir, dans le Sud-Sarthe. \u00ab Les&hellip;","og_url":"https:\/\/contactfm72.fr\/?p=10439","og_site_name":"Contact FM 99.3","article_publisher":"https:\/\/www.facebook.com\/Contactfm.Chateauduloir","article_published_time":"2022-07-07T10:00:11+00:00","og_image":[{"width":2048,"height":1536,"url":"https:\/\/contactfm72.fr\/wp-content\/uploads\/2022\/07\/travaux-presbyt\u00e8re.jpg","type":"image\/jpeg"}],"author":"Val\u00e9rie C.","twitter_card":"summary_large_image","twitter_creator":"@contactfm72","twitter_site":"@contactfm72","twitter_misc":{"\u00c9crit par":"Val\u00e9rie C.","Dur\u00e9e de lecture estim\u00e9e":"2 minutes"},"schema":{"@context":"https:\/\/schema.org","@graph":[{"@type":"Article","@id":"https:\/\/contactfm72.fr\/?p=10439#article","isPartOf":{"@id":"https:\/\/contactfm72.fr\/?p=10439"},"author":{"name":"Val\u00e9rie C.","@id":"https:\/\/contactfm72.fr\/#\/schema\/person\/9fdc9d1c2eb029354a4f1535b90ba82d"},"headline":"Ch\u00e2teau-du-Loir. Les travaux du presbyt\u00e8re sont termin\u00e9s","datePublished":"2022-07-07T10:00:11+00:00","mainEntityOfPage":{"@id":"https:\/\/contactfm72.fr\/?p=10439"},"wordCount":416,"publisher":{"@id":"https:\/\/contactfm72.fr\/#organization"},"image":{"@id":"https:\/\/contactfm72.fr\/?p=10439#primaryimage"},"thumbnailUrl":"https:\/\/contactfm72.fr\/wp-content\/uploads\/2022\/07\/travaux-presbyt\u00e8re.jpg","articleSection":["Contact FM 72"],"inLanguage":"fr-FR"},{"@type":"WebPage","@id":"https:\/\/contactfm72.fr\/?p=10439","url":"https:\/\/contactfm72.fr\/?p=10439","name":"Ch\u00e2teau-du-Loir. Les travaux du presbyt\u00e8re sont termin\u00e9s - Contact FM 99.3","isPartOf":{"@id":"https:\/\/contactfm72.fr\/#website"},"primaryImageOfPage":{"@id":"https:\/\/contactfm72.fr\/?p=10439#primaryimage"},"image":{"@id":"https:\/\/contactfm72.fr\/?p=10439#primaryimage"},"thumbnailUrl":"https:\/\/contactfm72.fr\/wp-content\/uploads\/2022\/07\/travaux-presbyt\u00e8re.jpg","datePublished":"2022-07-07T10:00:11+00:00","breadcrumb":{"@id":"https:\/\/contactfm72.fr\/?p=10439#breadcrumb"},"inLanguage":"fr-FR","potentialAction":[{"@type":"ReadAction","target":["https:\/\/contactfm72.fr\/?p=10439"]}]},{"@type":"ImageObject","inLanguage":"fr-FR","@id":"https:\/\/contactfm72.fr\/?p=10439#primaryimage","url":"https:\/\/contactfm72.fr\/wp-content\/uploads\/2022\/07\/travaux-presbyt\u00e8re.jpg","contentUrl":"https:\/\/contactfm72.fr\/wp-content\/uploads\/2022\/07\/travaux-presbyt\u00e8re.jpg","width":2048,"height":1536,"caption":"Agents communaux, les p\u00e8res Jean et Michel, et les \u00e9lus, \u00e0 l'entr\u00e9e du presbyt\u00e8re, pr\u00e8s de Saint-Sim\u00e9on-Berneux."},{"@type":"BreadcrumbList","@id":"https:\/\/contactfm72.fr\/?p=10439#breadcrumb","itemListElement":[{"@type":"ListItem","position":1,"name":"Accueil","item":"https:\/\/contactfm72.fr\/"},{"@type":"ListItem","position":2,"name":"Ch\u00e2teau-du-Loir. Les travaux du presbyt\u00e8re sont termin\u00e9s"}]},{"@type":"WebSite","@id":"https:\/\/contactfm72.fr\/#website","url":"https:\/\/contactfm72.fr\/","name":"Contact FM 99.3","description":"Votre radio en vall\u00e9e du Loir","publisher":{"@id":"https:\/\/contactfm72.fr\/#organization"},"potentialAction":[{"@type":"SearchAction","target":{"@type":"EntryPoint","urlTemplate":"https:\/\/contactfm72.fr\/?s={search_term_string}"},"query-input":{"@type":"PropertyValueSpecification","valueRequired":true,"valueName":"search_term_string"}}],"inLanguage":"fr-FR"},{"@type":"Organization","@id":"https:\/\/contactfm72.fr\/#organization","name":"Contact FM 99.3","url":"https:\/\/contactfm72.fr\/","logo":{"@type":"ImageObject","inLanguage":"fr-FR","@id":"https:\/\/contactfm72.fr\/#\/schema\/logo\/image\/","url":"https:\/\/contactfm72.fr\/wp-content\/uploads\/2025\/04\/2025-04-18-2.jpg","contentUrl":"https:\/\/contactfm72.fr\/wp-content\/uploads\/2025\/04\/2025-04-18-2.jpg","width":680,"height":307,"caption":"Contact FM 99.3"},"image":{"@id":"https:\/\/contactfm72.fr\/#\/schema\/logo\/image\/"},"sameAs":["https:\/\/www.facebook.com\/Contactfm.Chateauduloir","https:\/\/x.com\/contactfm72","https:\/\/www.instagram.com\/contact.fm.72?igsh=cGhlMHQ5N2JlNnpp","https:\/\/www.tiktok.com\/@contact.fm"]},{"@type":"Person","@id":"https:\/\/contactfm72.fr\/#\/schema\/person\/9fdc9d1c2eb029354a4f1535b90ba82d","name":"Val\u00e9rie C.","image":{"@type":"ImageObject","inLanguage":"fr-FR","@id":"https:\/\/secure.gravatar.com\/avatar\/2f8aa28f8dfbd7d4420afd1fdcdd0a349923e2c8a38ab28198b0f9d0601e4737?s=96&d=mm&r=g","url":"https:\/\/secure.gravatar.com\/avatar\/2f8aa28f8dfbd7d4420afd1fdcdd0a349923e2c8a38ab28198b0f9d0601e4737?s=96&d=mm&r=g","contentUrl":"https:\/\/secure.gravatar.com\/avatar\/2f8aa28f8dfbd7d4420afd1fdcdd0a349923e2c8a38ab28198b0f9d0601e4737?s=96&d=mm&r=g","caption":"Val\u00e9rie C."},"url":"https:\/\/contactfm72.fr\/?author=4"}]}},"_links":{"self":[{"href":"https:\/\/contactfm72.fr\/index.php?rest_route=\/wp\/v2\/posts\/10439","targetHints":{"allow":["GET"]}}],"collection":[{"href":"https:\/\/contactfm72.fr\/index.php?rest_route=\/wp\/v2\/posts"}],"about":[{"href":"https:\/\/contactfm72.fr\/index.php?rest_route=\/wp\/v2\/types\/post"}],"author":[{"embeddable":true,"href":"https:\/\/contactfm72.fr\/index.php?rest_route=\/wp\/v2\/users\/4"}],"replies":[{"embeddable":true,"href":"https:\/\/contactfm72.fr\/index.php?rest_route=%2Fwp%2Fv2%2Fcomments&post=10439"}],"version-history":[{"count":2,"href":"https:\/\/contactfm72.fr\/index.php?rest_route=\/wp\/v2\/posts\/10439\/revisions"}],"predecessor-version":[{"id":10442,"href":"https:\/\/contactfm72.fr\/index.php?rest_route=\/wp\/v2\/posts\/10439\/revisions\/10442"}],"wp:featuredmedia":[{"embeddable":true,"href":"https:\/\/contactfm72.fr\/index.php?rest_route=\/wp\/v2\/media\/10440"}],"wp:attachment":[{"href":"https:\/\/contactfm72.fr\/index.php?rest_route=%2Fwp%2Fv2%2Fmedia&parent=10439"}],"wp:term":[{"taxonomy":"category","embeddable":true,"href":"https:\/\/contactfm72.fr\/index.php?rest_route=%2Fwp%2Fv2%2Fcategories&post=10439"},{"taxonomy":"post_tag","embeddable":true,"href":"https:\/\/contactfm72.fr\/index.php?rest_route=%2Fwp%2Fv2%2Ftags&post=10439"}],"curies":[{"name":"wp","href":"https:\/\/api.w.org\/{rel}","templated":true}]}}