{"id":10433,"date":"2022-07-05T17:30:18","date_gmt":"2022-07-05T15:30:18","guid":{"rendered":"http:\/\/contactfm72.fr\/?p=10433"},"modified":"2022-07-05T15:20:29","modified_gmt":"2022-07-05T13:20:29","slug":"reunion-publique-a-montval-sur-loir-probleme-internet-manque-de-civisme-la-municipalite-repond-aux-questions","status":"publish","type":"post","link":"https:\/\/contactfm72.fr\/?p=10433","title":{"rendered":"R\u00e9union publique \u00e0 Montval-sur-Loir. Probl\u00e8me internet, manque de civisme\u2026 la municipalit\u00e9 r\u00e9pond aux questions"},"content":{"rendered":"<h2>Le lundi 4 juillet 2022, \u00e0 la salle des R\u00e9collets, la municipalit\u00e9 montvaloise a organis\u00e9 une r\u00e9union publique. Les quelques habitants pr\u00e9sents ont pu d\u00e9battre avec les \u00e9lus concernant plusieurs th\u00e8mes.<\/h2>\n<p>&nbsp;<\/p>\n<p>C\u2019est la <a href=\"http:\/\/contactfm72.fr\/?p=7801\">2<sup>\u00e8me<\/sup> r\u00e9union publique organis\u00e9e<\/a> depuis le d\u00e9but de leur mandat. Au sein de la salle des R\u00e9collets de <strong>Ch\u00e2teau-du-Loir<\/strong>, une vingtaine d\u2019administr\u00e9s ont pu poser leurs questions aux \u00e9lus montvalois. Plusieurs th\u00e8mes ont \u00e9t\u00e9 ainsi abord\u00e9s lors de cette r\u00e9union.<\/p>\n<p>&nbsp;<\/p>\n<h3><strong>Vitesse et manque de civisme<\/strong><\/h3>\n<p>Parmi l\u2019assembl\u00e9e, des administr\u00e9s se sont plaints de plusieurs carrefours cast\u00e9loriens jug\u00e9s \u00ab\u00a0dangereux\u00a0\u00bb que les conducteurs des v\u00e9hicules ne savent pas emprunter. En cause, le <strong>carrefour de l\u2019enseigne Aldi<\/strong>, et celui entre l\u2019<strong>avenue Jean Jaur\u00e8s et la rue du Clos Joli<\/strong>. Herv\u00e9 Ronci\u00e8re, maire de Montval-sur-Loir, rassure les habitants concernant le nouveau dispositif de ce dernier\u00a0: \u00ab\u00a0L\u2019\u00e9quipement n\u2019est assur\u00e9 par aucun prestataire. Le feu repr\u00e9sente un <strong>budget de 15\u00a0000\u20ac<\/strong> pour le changer. C\u2019est un carrefour avec beaucoup de fr\u00e9quentations et quelques accrochages ont d\u00e9j\u00e0 eu lieu. On est donc en phase de test pour savoir ce que l\u2019on va faire avec ce carrefour\u00a0\u00bb. Concernant celui de l\u2019enseigne Aldi, Fran\u00e7ois Olivier, adjoint en charge \u00e0 la s\u00e9curit\u00e9 et la pr\u00e9vention, explique\u00a0: \u00ab\u00a0On <strong>essaye d\u2019am\u00e9liorer la signalisation<\/strong>, mais tout y est. C\u2019est un giratoire avec une priorit\u00e9 \u00e0 gauche. On a un r\u00e9el probl\u00e8me de comportement des automobilistes \u00bb.<\/p>\n<p>&nbsp;<\/p>\n<h3><strong>Ils n\u2019ont plus Internet depuis mai<\/strong><\/h3>\n<p>Autre probl\u00e8me soulev\u00e9 par les montvalois, et plus pr\u00e9cis\u00e9ment par les habitants du quartier Goulard, un poteau \u00e9lectrique les emp\u00eache d\u2019avoir internet, le t\u00e9l\u00e9phone, et la t\u00e9l\u00e9vision. Un automobiliste avait percut\u00e9 un poteau en mai dernier. <strong>\u00ab\u00a0On se fout de nous\u00a0\u00bb<\/strong>, d\u00e9nonce un habitant, exasp\u00e9r\u00e9 de cette situation qu\u2019il juge tr\u00e8s regrettable, surtout pour les personnes \u00e2g\u00e9es. Pourtant, la municipalit\u00e9 explique qu\u2019elle n\u2019est pas responsable\u00a0; le r\u00e9seau Orange est propri\u00e9taire du fameux poteau et doit donc le r\u00e9parer.<\/p>\n<blockquote><p>\u00ab\u00a0Nous n\u2019avons aucune r\u00e9ponse fiable de la part d\u2019Orange. Ils ne r\u00e9pondent m\u00eame pas au t\u00e9l\u00e9phone. Je vous propose de faire une p\u00e9tition le plus t\u00f4t possible, sign\u00e9e par tous les habitants concern\u00e9s et de faire remonter ce souci au niveau national par le biais de notre nouveau d\u00e9put\u00e9\u00a0\u00bb, fait savoir Fran\u00e7ois Olivier.<\/p><\/blockquote>\n<p>&nbsp;<\/p>\n<h3><strong>Pas de m\u00e9decin traitant<\/strong><\/h3>\n<p>Des nouveaux arriv\u00e9s sur le territoire rapportent qu\u2019ils n\u2019ont toujours pas de m\u00e9decin traitant. Face \u00e0 ce probl\u00e8me d\u2019\u00e9chelle nationale, le maire informe qu\u2019il n\u2019a <strong>\u00ab\u00a0aucune solution rapide\u00a0\u00bb<\/strong>. La maison m\u00e9dicale montvaloise va bien avoir une extension via les travaux du centre Chevallier et pourra accueillir de nouveaux bureaux pour le personnel de sant\u00e9. La municipalit\u00e9 fait \u00e9galement en sorte de recevoir des \u00e9tudiants en m\u00e9decine et des faisants fonctions internes (<strong>FFI<\/strong>). La t\u00e9l\u00e9m\u00e9decine est toujours disponible dans les pharmacies. Malheureusement, il n\u2019y a aucune r\u00e9ponse imm\u00e9diate concernant ce probl\u00e8me.<\/p>\n<p>&nbsp;<\/p>\n<h3><strong>Le city stade d\u00e9m\u00e9nage<\/strong><\/h3>\n<p>Annie Faisandel, adjointe aux sports, a par la suite donn\u00e9 des indications concernant la pratique sportive \u00e0 Montval. Avec 34 clubs et plus de 2000 licenci\u00e9s, la ville vient d\u2019obtenir le <strong>label \u00ab\u00a0Terre de jeu 2024\u00a0\u00bb<\/strong>. Gr\u00e2ce \u00e0 cette obtention, la municipalit\u00e9 souhaite, via des subventions, d\u00e9placer le city stade de la rue des Paumons \u00e0 c\u00f4t\u00e9 des terrains de tennis et d\u2019y ajouter un pump track et un terrain de basket.<\/p>\n<blockquote><p>\u00ab\u00a0Ce city n\u2019a m\u00eame pas 10 ans et est d\u00e9j\u00e0 tr\u00e8s d\u00e9grad\u00e9\u00a0\u00bb, ench\u00e9rit-elle.<\/p><\/blockquote>\n<p>&nbsp;<\/p>\n<h3><strong>Pas de fermeture de classe<\/strong><\/h3>\n<p>Laure Dutertre, adjointe en charge des affaires p\u00e9riscolaires, a souhait\u00e9 clarifier la situation :<\/p>\n<blockquote><p>\u00ab\u00a0Contrairement \u00e0 ce qui a pu \u00eatre dit, il y aura aucune fermeture de classe \u00e0 Montval. Nous avons plus de 300 \u00e9l\u00e8ves sur la commune, et un peu plus de 100 enfants au sivos Montabon-Lavernat\u00a0\u00bb.<\/p><\/blockquote>\n<p>En revanche, la municipalit\u00e9 planchera sur le syst\u00e8me de chauffage des b\u00e2timents scolaires d\u00e8s la rentr\u00e9e prochaine, dans l\u2019optique d\u2019une \u00e9conomie d\u2019\u00e9nergie.<\/p>\n<p>&nbsp;<\/p>\n<p>La r\u00e9union s\u2019est achev\u00e9e sur la pr\u00e9sentation de l\u2019application <strong>Illiwap<\/strong> afin de recevoir les informations concernant les municipalit\u00e9s, les communaut\u00e9s de communes, ou encore le Syndicat Mixte du Val de Loir.<\/p>\n<blockquote><p>\u00ab\u00a0Vous recevez des informations directement sur votre portable, et vous pouvez m\u00eame faire des signalements\u00a0\u00bb, termine Fran\u00e7ois Olivier.<\/p><\/blockquote>\n<p>Avec deux r\u00e9unions publiques organis\u00e9es en deux ans d\u2019installation, la municipalit\u00e9 tend \u00e0 <strong>\u00eatre \u00e0 l\u2019\u00e9coute de ses administr\u00e9s<\/strong>. Montabon devrait \u00eatre le prochain lieu de rencontre entre habitants et \u00e9lus.<\/p>\n<p>&nbsp;<\/p>\n<p>&nbsp;<\/p>\n<!-- AddThis Advanced Settings generic via filter on the_content --><!-- AddThis Share Buttons generic via filter on the_content -->","protected":false},"excerpt":{"rendered":"<p>Le lundi 4 juillet 2022, \u00e0 la salle des R\u00e9collets, la municipalit\u00e9 montvaloise a organis\u00e9 une r\u00e9union publique. Les quelques habitants pr\u00e9sents ont pu d\u00e9battre avec les \u00e9lus concernant plusieurs th\u00e8mes. &nbsp; C\u2019est la 2\u00e8me r\u00e9union publique organis\u00e9e depuis le d\u00e9but de leur mandat. Au sein de la salle des R\u00e9collets de Ch\u00e2teau-du-Loir, une vingtaine&hellip;<!-- AddThis Advanced Settings generic via filter on get_the_excerpt --><!-- AddThis Share Buttons generic via filter on get_the_excerpt --><\/p>\n","protected":false},"author":4,"featured_media":10434,"comment_status":"closed","ping_status":"open","sticky":false,"template":"","format":"standard","meta":{"footnotes":""},"categories":[1],"tags":[],"class_list":["post-10433","post","type-post","status-publish","format-standard","has-post-thumbnail","hentry","category-contact-fm-72","category-1","description-off"],"yoast_head":"<!-- This site is optimized with the Yoast SEO plugin v27.4 - https:\/\/yoast.com\/product\/yoast-seo-wordpress\/ -->\n<title>R\u00e9union publique \u00e0 Montval-sur-Loir. Probl\u00e8me internet, manque de civisme\u2026 la municipalit\u00e9 r\u00e9pond aux questions - Contact FM 99.3<\/title>\n<meta name=\"robots\" content=\"index, follow, max-snippet:-1, max-image-preview:large, max-video-preview:-1\" \/>\n<link rel=\"canonical\" href=\"https:\/\/contactfm72.fr\/?p=10433\" \/>\n<meta property=\"og:locale\" content=\"fr_FR\" \/>\n<meta property=\"og:type\" content=\"article\" \/>\n<meta property=\"og:title\" content=\"R\u00e9union publique \u00e0 Montval-sur-Loir. Probl\u00e8me internet, manque de civisme\u2026 la municipalit\u00e9 r\u00e9pond aux questions - Contact FM 99.3\" \/>\n<meta property=\"og:description\" content=\"Le lundi 4 juillet 2022, \u00e0 la salle des R\u00e9collets, la municipalit\u00e9 montvaloise a organis\u00e9 une r\u00e9union publique. Les quelques habitants pr\u00e9sents ont pu d\u00e9battre avec les \u00e9lus concernant plusieurs th\u00e8mes. &nbsp; C\u2019est la 2\u00e8me r\u00e9union publique organis\u00e9e depuis le d\u00e9but de leur mandat. Au sein de la salle des R\u00e9collets de Ch\u00e2teau-du-Loir, une vingtaine&hellip;\" \/>\n<meta property=\"og:url\" content=\"https:\/\/contactfm72.fr\/?p=10433\" \/>\n<meta property=\"og:site_name\" content=\"Contact FM 99.3\" \/>\n<meta property=\"article:publisher\" content=\"https:\/\/www.facebook.com\/Contactfm.Chateauduloir\" \/>\n<meta property=\"article:published_time\" content=\"2022-07-05T15:30:18+00:00\" \/>\n<meta property=\"og:image\" content=\"https:\/\/contactfm72.fr\/wp-content\/uploads\/2022\/07\/r\u00e9union-publique-montval.jpg\" \/>\n\t<meta property=\"og:image:width\" content=\"2048\" \/>\n\t<meta property=\"og:image:height\" content=\"1536\" \/>\n\t<meta property=\"og:image:type\" content=\"image\/jpeg\" \/>\n<meta name=\"author\" content=\"Val\u00e9rie C.\" \/>\n<meta name=\"twitter:card\" content=\"summary_large_image\" \/>\n<meta name=\"twitter:creator\" content=\"@contactfm72\" \/>\n<meta name=\"twitter:site\" content=\"@contactfm72\" \/>\n<meta name=\"twitter:label1\" content=\"\u00c9crit par\" \/>\n\t<meta name=\"twitter:data1\" content=\"Val\u00e9rie C.\" \/>\n\t<meta name=\"twitter:label2\" content=\"Dur\u00e9e de lecture estim\u00e9e\" \/>\n\t<meta name=\"twitter:data2\" content=\"4 minutes\" \/>\n<script type=\"application\/ld+json\" class=\"yoast-schema-graph\">{\"@context\":\"https:\\\/\\\/schema.org\",\"@graph\":[{\"@type\":\"Article\",\"@id\":\"https:\\\/\\\/contactfm72.fr\\\/?p=10433#article\",\"isPartOf\":{\"@id\":\"https:\\\/\\\/contactfm72.fr\\\/?p=10433\"},\"author\":{\"name\":\"Val\u00e9rie C.\",\"@id\":\"https:\\\/\\\/contactfm72.fr\\\/#\\\/schema\\\/person\\\/9fdc9d1c2eb029354a4f1535b90ba82d\"},\"headline\":\"R\u00e9union publique \u00e0 Montval-sur-Loir. Probl\u00e8me internet, manque de civisme\u2026 la municipalit\u00e9 r\u00e9pond aux questions\",\"datePublished\":\"2022-07-05T15:30:18+00:00\",\"mainEntityOfPage\":{\"@id\":\"https:\\\/\\\/contactfm72.fr\\\/?p=10433\"},\"wordCount\":835,\"publisher\":{\"@id\":\"https:\\\/\\\/contactfm72.fr\\\/#organization\"},\"image\":{\"@id\":\"https:\\\/\\\/contactfm72.fr\\\/?p=10433#primaryimage\"},\"thumbnailUrl\":\"https:\\\/\\\/contactfm72.fr\\\/wp-content\\\/uploads\\\/2022\\\/07\\\/r\u00e9union-publique-montval.jpg\",\"articleSection\":[\"Contact FM 72\"],\"inLanguage\":\"fr-FR\"},{\"@type\":\"WebPage\",\"@id\":\"https:\\\/\\\/contactfm72.fr\\\/?p=10433\",\"url\":\"https:\\\/\\\/contactfm72.fr\\\/?p=10433\",\"name\":\"R\u00e9union publique \u00e0 Montval-sur-Loir. Probl\u00e8me internet, manque de civisme\u2026 la municipalit\u00e9 r\u00e9pond aux questions - Contact FM 99.3\",\"isPartOf\":{\"@id\":\"https:\\\/\\\/contactfm72.fr\\\/#website\"},\"primaryImageOfPage\":{\"@id\":\"https:\\\/\\\/contactfm72.fr\\\/?p=10433#primaryimage\"},\"image\":{\"@id\":\"https:\\\/\\\/contactfm72.fr\\\/?p=10433#primaryimage\"},\"thumbnailUrl\":\"https:\\\/\\\/contactfm72.fr\\\/wp-content\\\/uploads\\\/2022\\\/07\\\/r\u00e9union-publique-montval.jpg\",\"datePublished\":\"2022-07-05T15:30:18+00:00\",\"breadcrumb\":{\"@id\":\"https:\\\/\\\/contactfm72.fr\\\/?p=10433#breadcrumb\"},\"inLanguage\":\"fr-FR\",\"potentialAction\":[{\"@type\":\"ReadAction\",\"target\":[\"https:\\\/\\\/contactfm72.fr\\\/?p=10433\"]}]},{\"@type\":\"ImageObject\",\"inLanguage\":\"fr-FR\",\"@id\":\"https:\\\/\\\/contactfm72.fr\\\/?p=10433#primaryimage\",\"url\":\"https:\\\/\\\/contactfm72.fr\\\/wp-content\\\/uploads\\\/2022\\\/07\\\/r\u00e9union-publique-montval.jpg\",\"contentUrl\":\"https:\\\/\\\/contactfm72.fr\\\/wp-content\\\/uploads\\\/2022\\\/07\\\/r\u00e9union-publique-montval.jpg\",\"width\":2048,\"height\":1536,\"caption\":\"Lors de la r\u00e9union publique de Montval-sur-Loir, en Sarthe. Peu d'habitants \u00e9taient pr\u00e9sents lors de cette r\u00e9union.\"},{\"@type\":\"BreadcrumbList\",\"@id\":\"https:\\\/\\\/contactfm72.fr\\\/?p=10433#breadcrumb\",\"itemListElement\":[{\"@type\":\"ListItem\",\"position\":1,\"name\":\"Accueil\",\"item\":\"https:\\\/\\\/contactfm72.fr\\\/\"},{\"@type\":\"ListItem\",\"position\":2,\"name\":\"R\u00e9union publique \u00e0 Montval-sur-Loir. Probl\u00e8me internet, manque de civisme\u2026 la municipalit\u00e9 r\u00e9pond aux questions\"}]},{\"@type\":\"WebSite\",\"@id\":\"https:\\\/\\\/contactfm72.fr\\\/#website\",\"url\":\"https:\\\/\\\/contactfm72.fr\\\/\",\"name\":\"Contact FM 99.3\",\"description\":\"Votre radio en vall\u00e9e du Loir\",\"publisher\":{\"@id\":\"https:\\\/\\\/contactfm72.fr\\\/#organization\"},\"potentialAction\":[{\"@type\":\"SearchAction\",\"target\":{\"@type\":\"EntryPoint\",\"urlTemplate\":\"https:\\\/\\\/contactfm72.fr\\\/?s={search_term_string}\"},\"query-input\":{\"@type\":\"PropertyValueSpecification\",\"valueRequired\":true,\"valueName\":\"search_term_string\"}}],\"inLanguage\":\"fr-FR\"},{\"@type\":\"Organization\",\"@id\":\"https:\\\/\\\/contactfm72.fr\\\/#organization\",\"name\":\"Contact FM 99.3\",\"url\":\"https:\\\/\\\/contactfm72.fr\\\/\",\"logo\":{\"@type\":\"ImageObject\",\"inLanguage\":\"fr-FR\",\"@id\":\"https:\\\/\\\/contactfm72.fr\\\/#\\\/schema\\\/logo\\\/image\\\/\",\"url\":\"https:\\\/\\\/contactfm72.fr\\\/wp-content\\\/uploads\\\/2025\\\/04\\\/2025-04-18-2.jpg\",\"contentUrl\":\"https:\\\/\\\/contactfm72.fr\\\/wp-content\\\/uploads\\\/2025\\\/04\\\/2025-04-18-2.jpg\",\"width\":680,\"height\":307,\"caption\":\"Contact FM 99.3\"},\"image\":{\"@id\":\"https:\\\/\\\/contactfm72.fr\\\/#\\\/schema\\\/logo\\\/image\\\/\"},\"sameAs\":[\"https:\\\/\\\/www.facebook.com\\\/Contactfm.Chateauduloir\",\"https:\\\/\\\/x.com\\\/contactfm72\",\"https:\\\/\\\/www.instagram.com\\\/contact.fm.72?igsh=cGhlMHQ5N2JlNnpp\",\"https:\\\/\\\/www.tiktok.com\\\/@contact.fm\"]},{\"@type\":\"Person\",\"@id\":\"https:\\\/\\\/contactfm72.fr\\\/#\\\/schema\\\/person\\\/9fdc9d1c2eb029354a4f1535b90ba82d\",\"name\":\"Val\u00e9rie C.\",\"image\":{\"@type\":\"ImageObject\",\"inLanguage\":\"fr-FR\",\"@id\":\"https:\\\/\\\/secure.gravatar.com\\\/avatar\\\/2f8aa28f8dfbd7d4420afd1fdcdd0a349923e2c8a38ab28198b0f9d0601e4737?s=96&d=mm&r=g\",\"url\":\"https:\\\/\\\/secure.gravatar.com\\\/avatar\\\/2f8aa28f8dfbd7d4420afd1fdcdd0a349923e2c8a38ab28198b0f9d0601e4737?s=96&d=mm&r=g\",\"contentUrl\":\"https:\\\/\\\/secure.gravatar.com\\\/avatar\\\/2f8aa28f8dfbd7d4420afd1fdcdd0a349923e2c8a38ab28198b0f9d0601e4737?s=96&d=mm&r=g\",\"caption\":\"Val\u00e9rie C.\"},\"url\":\"https:\\\/\\\/contactfm72.fr\\\/?author=4\"}]}<\/script>\n<!-- \/ Yoast SEO plugin. -->","yoast_head_json":{"title":"R\u00e9union publique \u00e0 Montval-sur-Loir. Probl\u00e8me internet, manque de civisme\u2026 la municipalit\u00e9 r\u00e9pond aux questions - Contact FM 99.3","robots":{"index":"index","follow":"follow","max-snippet":"max-snippet:-1","max-image-preview":"max-image-preview:large","max-video-preview":"max-video-preview:-1"},"canonical":"https:\/\/contactfm72.fr\/?p=10433","og_locale":"fr_FR","og_type":"article","og_title":"R\u00e9union publique \u00e0 Montval-sur-Loir. Probl\u00e8me internet, manque de civisme\u2026 la municipalit\u00e9 r\u00e9pond aux questions - Contact FM 99.3","og_description":"Le lundi 4 juillet 2022, \u00e0 la salle des R\u00e9collets, la municipalit\u00e9 montvaloise a organis\u00e9 une r\u00e9union publique. Les quelques habitants pr\u00e9sents ont pu d\u00e9battre avec les \u00e9lus concernant plusieurs th\u00e8mes. &nbsp; C\u2019est la 2\u00e8me r\u00e9union publique organis\u00e9e depuis le d\u00e9but de leur mandat. Au sein de la salle des R\u00e9collets de Ch\u00e2teau-du-Loir, une vingtaine&hellip;","og_url":"https:\/\/contactfm72.fr\/?p=10433","og_site_name":"Contact FM 99.3","article_publisher":"https:\/\/www.facebook.com\/Contactfm.Chateauduloir","article_published_time":"2022-07-05T15:30:18+00:00","og_image":[{"width":2048,"height":1536,"url":"https:\/\/contactfm72.fr\/wp-content\/uploads\/2022\/07\/r\u00e9union-publique-montval.jpg","type":"image\/jpeg"}],"author":"Val\u00e9rie C.","twitter_card":"summary_large_image","twitter_creator":"@contactfm72","twitter_site":"@contactfm72","twitter_misc":{"\u00c9crit par":"Val\u00e9rie C.","Dur\u00e9e de lecture estim\u00e9e":"4 minutes"},"schema":{"@context":"https:\/\/schema.org","@graph":[{"@type":"Article","@id":"https:\/\/contactfm72.fr\/?p=10433#article","isPartOf":{"@id":"https:\/\/contactfm72.fr\/?p=10433"},"author":{"name":"Val\u00e9rie C.","@id":"https:\/\/contactfm72.fr\/#\/schema\/person\/9fdc9d1c2eb029354a4f1535b90ba82d"},"headline":"R\u00e9union publique \u00e0 Montval-sur-Loir. Probl\u00e8me internet, manque de civisme\u2026 la municipalit\u00e9 r\u00e9pond aux questions","datePublished":"2022-07-05T15:30:18+00:00","mainEntityOfPage":{"@id":"https:\/\/contactfm72.fr\/?p=10433"},"wordCount":835,"publisher":{"@id":"https:\/\/contactfm72.fr\/#organization"},"image":{"@id":"https:\/\/contactfm72.fr\/?p=10433#primaryimage"},"thumbnailUrl":"https:\/\/contactfm72.fr\/wp-content\/uploads\/2022\/07\/r\u00e9union-publique-montval.jpg","articleSection":["Contact FM 72"],"inLanguage":"fr-FR"},{"@type":"WebPage","@id":"https:\/\/contactfm72.fr\/?p=10433","url":"https:\/\/contactfm72.fr\/?p=10433","name":"R\u00e9union publique \u00e0 Montval-sur-Loir. Probl\u00e8me internet, manque de civisme\u2026 la municipalit\u00e9 r\u00e9pond aux questions - Contact FM 99.3","isPartOf":{"@id":"https:\/\/contactfm72.fr\/#website"},"primaryImageOfPage":{"@id":"https:\/\/contactfm72.fr\/?p=10433#primaryimage"},"image":{"@id":"https:\/\/contactfm72.fr\/?p=10433#primaryimage"},"thumbnailUrl":"https:\/\/contactfm72.fr\/wp-content\/uploads\/2022\/07\/r\u00e9union-publique-montval.jpg","datePublished":"2022-07-05T15:30:18+00:00","breadcrumb":{"@id":"https:\/\/contactfm72.fr\/?p=10433#breadcrumb"},"inLanguage":"fr-FR","potentialAction":[{"@type":"ReadAction","target":["https:\/\/contactfm72.fr\/?p=10433"]}]},{"@type":"ImageObject","inLanguage":"fr-FR","@id":"https:\/\/contactfm72.fr\/?p=10433#primaryimage","url":"https:\/\/contactfm72.fr\/wp-content\/uploads\/2022\/07\/r\u00e9union-publique-montval.jpg","contentUrl":"https:\/\/contactfm72.fr\/wp-content\/uploads\/2022\/07\/r\u00e9union-publique-montval.jpg","width":2048,"height":1536,"caption":"Lors de la r\u00e9union publique de Montval-sur-Loir, en Sarthe. Peu d'habitants \u00e9taient pr\u00e9sents lors de cette r\u00e9union."},{"@type":"BreadcrumbList","@id":"https:\/\/contactfm72.fr\/?p=10433#breadcrumb","itemListElement":[{"@type":"ListItem","position":1,"name":"Accueil","item":"https:\/\/contactfm72.fr\/"},{"@type":"ListItem","position":2,"name":"R\u00e9union publique \u00e0 Montval-sur-Loir. Probl\u00e8me internet, manque de civisme\u2026 la municipalit\u00e9 r\u00e9pond aux questions"}]},{"@type":"WebSite","@id":"https:\/\/contactfm72.fr\/#website","url":"https:\/\/contactfm72.fr\/","name":"Contact FM 99.3","description":"Votre radio en vall\u00e9e du Loir","publisher":{"@id":"https:\/\/contactfm72.fr\/#organization"},"potentialAction":[{"@type":"SearchAction","target":{"@type":"EntryPoint","urlTemplate":"https:\/\/contactfm72.fr\/?s={search_term_string}"},"query-input":{"@type":"PropertyValueSpecification","valueRequired":true,"valueName":"search_term_string"}}],"inLanguage":"fr-FR"},{"@type":"Organization","@id":"https:\/\/contactfm72.fr\/#organization","name":"Contact FM 99.3","url":"https:\/\/contactfm72.fr\/","logo":{"@type":"ImageObject","inLanguage":"fr-FR","@id":"https:\/\/contactfm72.fr\/#\/schema\/logo\/image\/","url":"https:\/\/contactfm72.fr\/wp-content\/uploads\/2025\/04\/2025-04-18-2.jpg","contentUrl":"https:\/\/contactfm72.fr\/wp-content\/uploads\/2025\/04\/2025-04-18-2.jpg","width":680,"height":307,"caption":"Contact FM 99.3"},"image":{"@id":"https:\/\/contactfm72.fr\/#\/schema\/logo\/image\/"},"sameAs":["https:\/\/www.facebook.com\/Contactfm.Chateauduloir","https:\/\/x.com\/contactfm72","https:\/\/www.instagram.com\/contact.fm.72?igsh=cGhlMHQ5N2JlNnpp","https:\/\/www.tiktok.com\/@contact.fm"]},{"@type":"Person","@id":"https:\/\/contactfm72.fr\/#\/schema\/person\/9fdc9d1c2eb029354a4f1535b90ba82d","name":"Val\u00e9rie C.","image":{"@type":"ImageObject","inLanguage":"fr-FR","@id":"https:\/\/secure.gravatar.com\/avatar\/2f8aa28f8dfbd7d4420afd1fdcdd0a349923e2c8a38ab28198b0f9d0601e4737?s=96&d=mm&r=g","url":"https:\/\/secure.gravatar.com\/avatar\/2f8aa28f8dfbd7d4420afd1fdcdd0a349923e2c8a38ab28198b0f9d0601e4737?s=96&d=mm&r=g","contentUrl":"https:\/\/secure.gravatar.com\/avatar\/2f8aa28f8dfbd7d4420afd1fdcdd0a349923e2c8a38ab28198b0f9d0601e4737?s=96&d=mm&r=g","caption":"Val\u00e9rie C."},"url":"https:\/\/contactfm72.fr\/?author=4"}]}},"_links":{"self":[{"href":"https:\/\/contactfm72.fr\/index.php?rest_route=\/wp\/v2\/posts\/10433","targetHints":{"allow":["GET"]}}],"collection":[{"href":"https:\/\/contactfm72.fr\/index.php?rest_route=\/wp\/v2\/posts"}],"about":[{"href":"https:\/\/contactfm72.fr\/index.php?rest_route=\/wp\/v2\/types\/post"}],"author":[{"embeddable":true,"href":"https:\/\/contactfm72.fr\/index.php?rest_route=\/wp\/v2\/users\/4"}],"replies":[{"embeddable":true,"href":"https:\/\/contactfm72.fr\/index.php?rest_route=%2Fwp%2Fv2%2Fcomments&post=10433"}],"version-history":[{"count":1,"href":"https:\/\/contactfm72.fr\/index.php?rest_route=\/wp\/v2\/posts\/10433\/revisions"}],"predecessor-version":[{"id":10435,"href":"https:\/\/contactfm72.fr\/index.php?rest_route=\/wp\/v2\/posts\/10433\/revisions\/10435"}],"wp:featuredmedia":[{"embeddable":true,"href":"https:\/\/contactfm72.fr\/index.php?rest_route=\/wp\/v2\/media\/10434"}],"wp:attachment":[{"href":"https:\/\/contactfm72.fr\/index.php?rest_route=%2Fwp%2Fv2%2Fmedia&parent=10433"}],"wp:term":[{"taxonomy":"category","embeddable":true,"href":"https:\/\/contactfm72.fr\/index.php?rest_route=%2Fwp%2Fv2%2Fcategories&post=10433"},{"taxonomy":"post_tag","embeddable":true,"href":"https:\/\/contactfm72.fr\/index.php?rest_route=%2Fwp%2Fv2%2Ftags&post=10433"}],"curies":[{"name":"wp","href":"https:\/\/api.w.org\/{rel}","templated":true}]}}