{"id":10423,"date":"2022-07-04T12:29:50","date_gmt":"2022-07-04T10:29:50","guid":{"rendered":"http:\/\/contactfm72.fr\/?p=10423"},"modified":"2022-07-04T12:29:50","modified_gmt":"2022-07-04T10:29:50","slug":"a-peine-ouvert-le-silex-restaurant-est-victime-de-son-succes","status":"publish","type":"post","link":"https:\/\/contactfm72.fr\/?p=10423","title":{"rendered":"A peine ouvert, le Silex Restaurant est victime de son succ\u00e8s"},"content":{"rendered":"<h2 class=\"Standard\">Ma\u00eft\u00e9 Herv\u00e9 et Florent Demas sont les nouveaux propri\u00e9taires du restaurant anciennement \u00ab\u00a0Chez Miton\u00a0\u00bb, appel\u00e9 \u00ab\u00a0Silex Restaurant\u00a0\u00bb, \u00e0 Chahaignes. Le couple de restaurateurs affiche d\u00e9j\u00e0 complet pour les trois prochaines semaines.<\/h2>\n<p class=\"Standard\">\n<p class=\"Standard\">\n<p class=\"Standard\">Ils ont ouvert le mercredi 8 juin 2022, et ils sont d\u00e9j\u00e0 d\u00e9bord\u00e9s ! <strong>Florent Demas et Ma\u00eft\u00e9 Herv\u00e9<\/strong> sont les nouveaux propri\u00e9taires de l&#8217;\u00e9tablissement<strong> \u00ab Silex Restaurant \u00bb<\/strong>, anciennement \u00ab Chez Miton \u00bb, \u00e0 <strong>Chahaignes<\/strong>, dans le <strong>sud-Sarthe<\/strong>, et leur carnet de r\u00e9servation est plein : \u00ab La client\u00e8le est au rendez-vous, c&#8217;est tr\u00e8s agr\u00e9able \u00bb, fait-elle savoir.<\/p>\n<p class=\"Standard\">\n<h3 class=\"Standard\"><b>Une cuisine simple et moderne<\/b><\/h3>\n<p class=\"Standard\">Elle est originaire de <strong>Jupilles<\/strong> et lui de <strong>Montabon<\/strong>. Tous les deux riches de leurs exp\u00e9riences mutuelles en France et \u00e0 l&#8217;\u00e9tranger, comme en Australie, en Belgique, et m\u00eame en Nouvelle-Z\u00e9lande, dans des restaurants <strong>\u00e9toil\u00e9s Michelin, traditionnels, semi-gastronomiques<\/strong>, ou encore <strong>brasseries de luxe<\/strong>, ils viennent de poser leurs valises \u00e0 Chahaignes, anciennement \u00ab\u00a0Chez Miton\u00a0\u00bb.<\/p>\n<p class=\"Standard\">\n<p class=\"Standard\">Alors qu&#8217;elle est passionn\u00e9e par la p\u00e2tisserie et le v\u00e9g\u00e9tal et laisse parler sa cr\u00e9ativit\u00e9 au travers d&#8217;assiettes toujours plus subtiles, et Florent aime surprendre gr\u00e2ce \u00e0 une cuisine toujours ma\u00eetris\u00e9e et technique. Mais pourtant, ce couple de restaurateurs <strong>\u00ab\u00a0ne veut pas se mettre dans une case\u00a0\u00bb<\/strong>. Ils qualifient leur cuisine de \u00ab\u00a0simple, avec des produits bruts et locaux, fait maison, sur place, mais avec une touche de modernit\u00e9\u00a0\u00bb.<\/p>\n<p class=\"Standard\">\n<p class=\"Standard\">\n<h3 class=\"Standard\"><b>Des produits locaux de qualit\u00e9<\/b><\/h3>\n<p class=\"Standard\">Pour les deux chefs, <strong>qualit\u00e9 rime avec produits locaux<\/strong>. Pour leur cuisine contemporaine, moderne et respectueuse des traditions culinaires, Florent Demas et Ma\u00eft\u00e9 Herv\u00e9 ne font appel qu&#8217;aux producteurs de la r\u00e9gion. La tra\u00e7abilit\u00e9 des produits et leur origine locale sont primordiales\u00a0:<\/p>\n<blockquote>\n<p class=\"Standard\">\u00ab\u00a0Nos l\u00e9gumes viennent de Thoir\u00e9-sur-Dinan et Lavernat, nos vins des vignobles du coin \u00e9galement, le fromage de Mar\u00e7on, la viande vient de Sarthe et de la Touraine, \u00e9lev\u00e9s qu&#8217;en France et rien qu&#8217;en France\u00a0\u00bb, insiste Florent. Ainsi, les deux chefs souhaitent mettre en avant la richesse et la qualit\u00e9 de leurs producteurs voisins en proposant \u00e0 leur table des menus qui changent au fil des saisons et de l&#8217;inspiration des deux chefs.<\/p>\n<\/blockquote>\n<p class=\"Standard\">\n<p class=\"Standard\">\n<h3 class=\"Standard\"><b>Un coup de coeur<\/b><\/h3>\n<p class=\"Standard\">Ma\u00eft\u00e9 Herv\u00e9 et Florent Demas ont dont repris ce restaurant au c\u0153ur de Chahaignes apr\u00e8s avoir longuement \u00e9chang\u00e9 avec les anciens propri\u00e9taires. \u00ab\u00a0La passation s&#8217;est bien pass\u00e9e, Miton et Naoko nous ont montr\u00e9s tout leur soutien\u00a0\u00bb, explique Ma\u00eft\u00e9 Herv\u00e9. Un coup de c\u0153ur mutuel entre les anciens et nouveaux propri\u00e9taires puisque le couple qui \u00e9tait \u00e0 la t\u00eate de ce restaurant connu et reconnu pendant 20 ans a eu <strong>la chance d&#8217;\u00eatre les premiers clients de Ma\u00eft\u00e9 et Florent<\/strong>. \u00ab\u00a0On est tous les quatre du m\u00e9tier, nous avons les m\u00eames envies et les m\u00eames attentes\u00a0\u00bb, ajoute Florent Demas.<\/p>\n<p class=\"Standard\">\n<p class=\"Standard\">\n<h3 class=\"Standard\"><b>Quelques am\u00e9nagements<\/b><\/h3>\n<p class=\"Standard\">M\u00eame si les nouveaux restaurateurs ont tout de suite appr\u00e9ci\u00e9 ce restaurant \u00e0 <strong>deux pas de la for\u00eat de Berc\u00e9<\/strong> et qu&#8217;ils ont trouv\u00e9 ce \u00ab\u00a0lieu magnifique\u00a0\u00bb, ils ont tout de m\u00eame d\u00e9cid\u00e9 de faire quelques am\u00e9nagements\u00a0:<\/p>\n<blockquote>\n<p class=\"Standard\">\u00ab\u00a0On avait des id\u00e9es de d\u00e9corations diff\u00e9rentes, et surtout, on voulait agrandir l&#8217;espace cuisine. On a donc sacrifi\u00e9 un petit espace client pour rendre plus spacieux notre lieu de travail. On a \u00e9t\u00e9 aid\u00e9 par la commune et Sarthe Initiative pour ces travaux\u00a0\u00bb, explique le couple.<\/p>\n<\/blockquote>\n<p class=\"Standard\">\n<p class=\"Standard\">\n<h3 class=\"Standard\"><b>Un carnet de r\u00e9servation plein<\/b><\/h3>\n<p class=\"Standard\">Ma\u00eft\u00e9 et Florent ont donc ouvert les portes de leur nouvel \u00e9tablissement \u00ab Silex Restaurant \u00bb le mercredi 8 juin, et ils ne savent plus o\u00f9 donner de la t\u00eate. \u00ab Notre carnet de r\u00e9servation est plein jusqu&#8217;au d\u00e9but du mois de juillet, on est m\u00eame oblig\u00e9 de refuser des clients \u00bb, explique, navr\u00e9e, Ma\u00eft\u00e9 Herv\u00e9, voulant <strong>privil\u00e9gier la qualit\u00e9 des assiettes \u00e0 la quantit\u00e9 de clients servis<\/strong>.<\/p>\n<p class=\"Standard\">\n<p class=\"Standard\">Ils sont <strong>\u00e9paul\u00e9s d&#8217;Amandine<\/strong> qui s&#8217;occupe du service en salle. Mais seule, elle ne peut s&#8217;occuper des 35 couverts\u00a0:<\/p>\n<blockquote>\n<p class=\"Standard\">\u00ab\u00a0On recherche une personne pour aider Amandine en salle jusqu&#8217;\u00e0 fin septembre. Avec les beaux jours qui arrivent, et certainement les touristes qui vont avec, on va \u00eatre d&#8217;autant plus d\u00e9bord\u00e9s\u00a0\u00bb, ench\u00e9rit le professionnel.<\/p>\n<\/blockquote>\n<p class=\"Standard\">En revanche, face \u00e0 la probl\u00e9matique des restaurateurs et de leurs difficult\u00e9s \u00e0 recruter du personnel, le couple se r\u00e9soudra tr\u00e8s certainement \u00e0 l&#8217;avenir de faire appel \u00e0 un alternant.<\/p>\n<p class=\"Standard\">Ma\u00eft\u00e9 Herv\u00e9 et Florent Demas ont d&#8217;autres id\u00e9es pour leur \u00e9tablissement, mais souhaitent avant tout <strong>confirmer leur installation et avancer \u00e0 leur rythme<\/strong>.<\/p>\n<p class=\"Standard\">\n<p class=\"Standard\">\n<h5 class=\"Standard\">Infos pratiques\u00a0: 15, place de l&#8217;\u00e9glise, 72340 Chahaignes. Ouvert du mercredi au dimanche midi \u2013 soir, 12h \u2013 14h, et 19h30 \u2013 21h. R\u00e9servation uniquement par t\u00e9l\u00e9phone au 02 43 44 62 62.<\/h5>\n<!-- AddThis Advanced Settings generic via filter on the_content --><!-- AddThis Share Buttons generic via filter on the_content -->","protected":false},"excerpt":{"rendered":"<p>Ma\u00eft\u00e9 Herv\u00e9 et Florent Demas sont les nouveaux propri\u00e9taires du restaurant anciennement \u00ab\u00a0Chez Miton\u00a0\u00bb, appel\u00e9 \u00ab\u00a0Silex Restaurant\u00a0\u00bb, \u00e0 Chahaignes. Le couple de restaurateurs affiche d\u00e9j\u00e0 complet pour les trois prochaines semaines. Ils ont ouvert le mercredi 8 juin 2022, et ils sont d\u00e9j\u00e0 d\u00e9bord\u00e9s ! Florent Demas et Ma\u00eft\u00e9 Herv\u00e9 sont les nouveaux propri\u00e9taires de&hellip;<!-- AddThis Advanced Settings generic via filter on get_the_excerpt --><!-- AddThis Share Buttons generic via filter on get_the_excerpt --><\/p>\n","protected":false},"author":4,"featured_media":10425,"comment_status":"closed","ping_status":"open","sticky":false,"template":"","format":"standard","meta":{"footnotes":""},"categories":[1],"tags":[],"class_list":["post-10423","post","type-post","status-publish","format-standard","has-post-thumbnail","hentry","category-contact-fm-72","category-1","description-off"],"yoast_head":"<!-- This site is optimized with the Yoast SEO plugin v27.4 - https:\/\/yoast.com\/product\/yoast-seo-wordpress\/ -->\n<title>A peine ouvert, le Silex Restaurant est victime de son succ\u00e8s - Contact FM 99.3<\/title>\n<meta name=\"robots\" content=\"index, follow, max-snippet:-1, max-image-preview:large, max-video-preview:-1\" \/>\n<link rel=\"canonical\" href=\"https:\/\/contactfm72.fr\/?p=10423\" \/>\n<meta property=\"og:locale\" content=\"fr_FR\" \/>\n<meta property=\"og:type\" content=\"article\" \/>\n<meta property=\"og:title\" content=\"A peine ouvert, le Silex Restaurant est victime de son succ\u00e8s - Contact FM 99.3\" \/>\n<meta property=\"og:description\" content=\"Ma\u00eft\u00e9 Herv\u00e9 et Florent Demas sont les nouveaux propri\u00e9taires du restaurant anciennement \u00ab\u00a0Chez Miton\u00a0\u00bb, appel\u00e9 \u00ab\u00a0Silex Restaurant\u00a0\u00bb, \u00e0 Chahaignes. Le couple de restaurateurs affiche d\u00e9j\u00e0 complet pour les trois prochaines semaines. Ils ont ouvert le mercredi 8 juin 2022, et ils sont d\u00e9j\u00e0 d\u00e9bord\u00e9s ! Florent Demas et Ma\u00eft\u00e9 Herv\u00e9 sont les nouveaux propri\u00e9taires de&hellip;\" \/>\n<meta property=\"og:url\" content=\"https:\/\/contactfm72.fr\/?p=10423\" \/>\n<meta property=\"og:site_name\" content=\"Contact FM 99.3\" \/>\n<meta property=\"article:publisher\" content=\"https:\/\/www.facebook.com\/Contactfm.Chateauduloir\" \/>\n<meta property=\"article:published_time\" content=\"2022-07-04T10:29:50+00:00\" \/>\n<meta property=\"og:image\" content=\"https:\/\/contactfm72.fr\/wp-content\/uploads\/2022\/07\/silex.jpg\" \/>\n\t<meta property=\"og:image:width\" content=\"2048\" \/>\n\t<meta property=\"og:image:height\" content=\"1536\" \/>\n\t<meta property=\"og:image:type\" content=\"image\/jpeg\" \/>\n<meta name=\"author\" content=\"Val\u00e9rie C.\" \/>\n<meta name=\"twitter:card\" content=\"summary_large_image\" \/>\n<meta name=\"twitter:creator\" content=\"@contactfm72\" \/>\n<meta name=\"twitter:site\" content=\"@contactfm72\" \/>\n<meta name=\"twitter:label1\" content=\"\u00c9crit par\" \/>\n\t<meta name=\"twitter:data1\" content=\"Val\u00e9rie C.\" \/>\n\t<meta name=\"twitter:label2\" content=\"Dur\u00e9e de lecture estim\u00e9e\" \/>\n\t<meta name=\"twitter:data2\" content=\"4 minutes\" \/>\n<script type=\"application\/ld+json\" class=\"yoast-schema-graph\">{\"@context\":\"https:\\\/\\\/schema.org\",\"@graph\":[{\"@type\":\"Article\",\"@id\":\"https:\\\/\\\/contactfm72.fr\\\/?p=10423#article\",\"isPartOf\":{\"@id\":\"https:\\\/\\\/contactfm72.fr\\\/?p=10423\"},\"author\":{\"name\":\"Val\u00e9rie C.\",\"@id\":\"https:\\\/\\\/contactfm72.fr\\\/#\\\/schema\\\/person\\\/9fdc9d1c2eb029354a4f1535b90ba82d\"},\"headline\":\"A peine ouvert, le Silex Restaurant est victime de son succ\u00e8s\",\"datePublished\":\"2022-07-04T10:29:50+00:00\",\"mainEntityOfPage\":{\"@id\":\"https:\\\/\\\/contactfm72.fr\\\/?p=10423\"},\"wordCount\":805,\"publisher\":{\"@id\":\"https:\\\/\\\/contactfm72.fr\\\/#organization\"},\"image\":{\"@id\":\"https:\\\/\\\/contactfm72.fr\\\/?p=10423#primaryimage\"},\"thumbnailUrl\":\"https:\\\/\\\/contactfm72.fr\\\/wp-content\\\/uploads\\\/2022\\\/07\\\/silex.jpg\",\"articleSection\":[\"Contact FM 72\"],\"inLanguage\":\"fr-FR\"},{\"@type\":\"WebPage\",\"@id\":\"https:\\\/\\\/contactfm72.fr\\\/?p=10423\",\"url\":\"https:\\\/\\\/contactfm72.fr\\\/?p=10423\",\"name\":\"A peine ouvert, le Silex Restaurant est victime de son succ\u00e8s - Contact FM 99.3\",\"isPartOf\":{\"@id\":\"https:\\\/\\\/contactfm72.fr\\\/#website\"},\"primaryImageOfPage\":{\"@id\":\"https:\\\/\\\/contactfm72.fr\\\/?p=10423#primaryimage\"},\"image\":{\"@id\":\"https:\\\/\\\/contactfm72.fr\\\/?p=10423#primaryimage\"},\"thumbnailUrl\":\"https:\\\/\\\/contactfm72.fr\\\/wp-content\\\/uploads\\\/2022\\\/07\\\/silex.jpg\",\"datePublished\":\"2022-07-04T10:29:50+00:00\",\"breadcrumb\":{\"@id\":\"https:\\\/\\\/contactfm72.fr\\\/?p=10423#breadcrumb\"},\"inLanguage\":\"fr-FR\",\"potentialAction\":[{\"@type\":\"ReadAction\",\"target\":[\"https:\\\/\\\/contactfm72.fr\\\/?p=10423\"]}]},{\"@type\":\"ImageObject\",\"inLanguage\":\"fr-FR\",\"@id\":\"https:\\\/\\\/contactfm72.fr\\\/?p=10423#primaryimage\",\"url\":\"https:\\\/\\\/contactfm72.fr\\\/wp-content\\\/uploads\\\/2022\\\/07\\\/silex.jpg\",\"contentUrl\":\"https:\\\/\\\/contactfm72.fr\\\/wp-content\\\/uploads\\\/2022\\\/07\\\/silex.jpg\",\"width\":2048,\"height\":1536,\"caption\":\"Les deux chefs sont \u00e0 la t\u00eate du nouveau restaurant de Chahaignes depuis d\u00e9but juin 2022.\"},{\"@type\":\"BreadcrumbList\",\"@id\":\"https:\\\/\\\/contactfm72.fr\\\/?p=10423#breadcrumb\",\"itemListElement\":[{\"@type\":\"ListItem\",\"position\":1,\"name\":\"Accueil\",\"item\":\"https:\\\/\\\/contactfm72.fr\\\/\"},{\"@type\":\"ListItem\",\"position\":2,\"name\":\"A peine ouvert, le Silex Restaurant est victime de son succ\u00e8s\"}]},{\"@type\":\"WebSite\",\"@id\":\"https:\\\/\\\/contactfm72.fr\\\/#website\",\"url\":\"https:\\\/\\\/contactfm72.fr\\\/\",\"name\":\"Contact FM 99.3\",\"description\":\"Votre radio en vall\u00e9e du Loir\",\"publisher\":{\"@id\":\"https:\\\/\\\/contactfm72.fr\\\/#organization\"},\"potentialAction\":[{\"@type\":\"SearchAction\",\"target\":{\"@type\":\"EntryPoint\",\"urlTemplate\":\"https:\\\/\\\/contactfm72.fr\\\/?s={search_term_string}\"},\"query-input\":{\"@type\":\"PropertyValueSpecification\",\"valueRequired\":true,\"valueName\":\"search_term_string\"}}],\"inLanguage\":\"fr-FR\"},{\"@type\":\"Organization\",\"@id\":\"https:\\\/\\\/contactfm72.fr\\\/#organization\",\"name\":\"Contact FM 99.3\",\"url\":\"https:\\\/\\\/contactfm72.fr\\\/\",\"logo\":{\"@type\":\"ImageObject\",\"inLanguage\":\"fr-FR\",\"@id\":\"https:\\\/\\\/contactfm72.fr\\\/#\\\/schema\\\/logo\\\/image\\\/\",\"url\":\"https:\\\/\\\/contactfm72.fr\\\/wp-content\\\/uploads\\\/2025\\\/04\\\/2025-04-18-2.jpg\",\"contentUrl\":\"https:\\\/\\\/contactfm72.fr\\\/wp-content\\\/uploads\\\/2025\\\/04\\\/2025-04-18-2.jpg\",\"width\":680,\"height\":307,\"caption\":\"Contact FM 99.3\"},\"image\":{\"@id\":\"https:\\\/\\\/contactfm72.fr\\\/#\\\/schema\\\/logo\\\/image\\\/\"},\"sameAs\":[\"https:\\\/\\\/www.facebook.com\\\/Contactfm.Chateauduloir\",\"https:\\\/\\\/x.com\\\/contactfm72\",\"https:\\\/\\\/www.instagram.com\\\/contact.fm.72?igsh=cGhlMHQ5N2JlNnpp\",\"https:\\\/\\\/www.tiktok.com\\\/@contact.fm\"]},{\"@type\":\"Person\",\"@id\":\"https:\\\/\\\/contactfm72.fr\\\/#\\\/schema\\\/person\\\/9fdc9d1c2eb029354a4f1535b90ba82d\",\"name\":\"Val\u00e9rie C.\",\"image\":{\"@type\":\"ImageObject\",\"inLanguage\":\"fr-FR\",\"@id\":\"https:\\\/\\\/secure.gravatar.com\\\/avatar\\\/2f8aa28f8dfbd7d4420afd1fdcdd0a349923e2c8a38ab28198b0f9d0601e4737?s=96&d=mm&r=g\",\"url\":\"https:\\\/\\\/secure.gravatar.com\\\/avatar\\\/2f8aa28f8dfbd7d4420afd1fdcdd0a349923e2c8a38ab28198b0f9d0601e4737?s=96&d=mm&r=g\",\"contentUrl\":\"https:\\\/\\\/secure.gravatar.com\\\/avatar\\\/2f8aa28f8dfbd7d4420afd1fdcdd0a349923e2c8a38ab28198b0f9d0601e4737?s=96&d=mm&r=g\",\"caption\":\"Val\u00e9rie C.\"},\"url\":\"https:\\\/\\\/contactfm72.fr\\\/?author=4\"}]}<\/script>\n<!-- \/ Yoast SEO plugin. -->","yoast_head_json":{"title":"A peine ouvert, le Silex Restaurant est victime de son succ\u00e8s - Contact FM 99.3","robots":{"index":"index","follow":"follow","max-snippet":"max-snippet:-1","max-image-preview":"max-image-preview:large","max-video-preview":"max-video-preview:-1"},"canonical":"https:\/\/contactfm72.fr\/?p=10423","og_locale":"fr_FR","og_type":"article","og_title":"A peine ouvert, le Silex Restaurant est victime de son succ\u00e8s - Contact FM 99.3","og_description":"Ma\u00eft\u00e9 Herv\u00e9 et Florent Demas sont les nouveaux propri\u00e9taires du restaurant anciennement \u00ab\u00a0Chez Miton\u00a0\u00bb, appel\u00e9 \u00ab\u00a0Silex Restaurant\u00a0\u00bb, \u00e0 Chahaignes. Le couple de restaurateurs affiche d\u00e9j\u00e0 complet pour les trois prochaines semaines. Ils ont ouvert le mercredi 8 juin 2022, et ils sont d\u00e9j\u00e0 d\u00e9bord\u00e9s ! Florent Demas et Ma\u00eft\u00e9 Herv\u00e9 sont les nouveaux propri\u00e9taires de&hellip;","og_url":"https:\/\/contactfm72.fr\/?p=10423","og_site_name":"Contact FM 99.3","article_publisher":"https:\/\/www.facebook.com\/Contactfm.Chateauduloir","article_published_time":"2022-07-04T10:29:50+00:00","og_image":[{"width":2048,"height":1536,"url":"https:\/\/contactfm72.fr\/wp-content\/uploads\/2022\/07\/silex.jpg","type":"image\/jpeg"}],"author":"Val\u00e9rie C.","twitter_card":"summary_large_image","twitter_creator":"@contactfm72","twitter_site":"@contactfm72","twitter_misc":{"\u00c9crit par":"Val\u00e9rie C.","Dur\u00e9e de lecture estim\u00e9e":"4 minutes"},"schema":{"@context":"https:\/\/schema.org","@graph":[{"@type":"Article","@id":"https:\/\/contactfm72.fr\/?p=10423#article","isPartOf":{"@id":"https:\/\/contactfm72.fr\/?p=10423"},"author":{"name":"Val\u00e9rie C.","@id":"https:\/\/contactfm72.fr\/#\/schema\/person\/9fdc9d1c2eb029354a4f1535b90ba82d"},"headline":"A peine ouvert, le Silex Restaurant est victime de son succ\u00e8s","datePublished":"2022-07-04T10:29:50+00:00","mainEntityOfPage":{"@id":"https:\/\/contactfm72.fr\/?p=10423"},"wordCount":805,"publisher":{"@id":"https:\/\/contactfm72.fr\/#organization"},"image":{"@id":"https:\/\/contactfm72.fr\/?p=10423#primaryimage"},"thumbnailUrl":"https:\/\/contactfm72.fr\/wp-content\/uploads\/2022\/07\/silex.jpg","articleSection":["Contact FM 72"],"inLanguage":"fr-FR"},{"@type":"WebPage","@id":"https:\/\/contactfm72.fr\/?p=10423","url":"https:\/\/contactfm72.fr\/?p=10423","name":"A peine ouvert, le Silex Restaurant est victime de son succ\u00e8s - Contact FM 99.3","isPartOf":{"@id":"https:\/\/contactfm72.fr\/#website"},"primaryImageOfPage":{"@id":"https:\/\/contactfm72.fr\/?p=10423#primaryimage"},"image":{"@id":"https:\/\/contactfm72.fr\/?p=10423#primaryimage"},"thumbnailUrl":"https:\/\/contactfm72.fr\/wp-content\/uploads\/2022\/07\/silex.jpg","datePublished":"2022-07-04T10:29:50+00:00","breadcrumb":{"@id":"https:\/\/contactfm72.fr\/?p=10423#breadcrumb"},"inLanguage":"fr-FR","potentialAction":[{"@type":"ReadAction","target":["https:\/\/contactfm72.fr\/?p=10423"]}]},{"@type":"ImageObject","inLanguage":"fr-FR","@id":"https:\/\/contactfm72.fr\/?p=10423#primaryimage","url":"https:\/\/contactfm72.fr\/wp-content\/uploads\/2022\/07\/silex.jpg","contentUrl":"https:\/\/contactfm72.fr\/wp-content\/uploads\/2022\/07\/silex.jpg","width":2048,"height":1536,"caption":"Les deux chefs sont \u00e0 la t\u00eate du nouveau restaurant de Chahaignes depuis d\u00e9but juin 2022."},{"@type":"BreadcrumbList","@id":"https:\/\/contactfm72.fr\/?p=10423#breadcrumb","itemListElement":[{"@type":"ListItem","position":1,"name":"Accueil","item":"https:\/\/contactfm72.fr\/"},{"@type":"ListItem","position":2,"name":"A peine ouvert, le Silex Restaurant est victime de son succ\u00e8s"}]},{"@type":"WebSite","@id":"https:\/\/contactfm72.fr\/#website","url":"https:\/\/contactfm72.fr\/","name":"Contact FM 99.3","description":"Votre radio en vall\u00e9e du Loir","publisher":{"@id":"https:\/\/contactfm72.fr\/#organization"},"potentialAction":[{"@type":"SearchAction","target":{"@type":"EntryPoint","urlTemplate":"https:\/\/contactfm72.fr\/?s={search_term_string}"},"query-input":{"@type":"PropertyValueSpecification","valueRequired":true,"valueName":"search_term_string"}}],"inLanguage":"fr-FR"},{"@type":"Organization","@id":"https:\/\/contactfm72.fr\/#organization","name":"Contact FM 99.3","url":"https:\/\/contactfm72.fr\/","logo":{"@type":"ImageObject","inLanguage":"fr-FR","@id":"https:\/\/contactfm72.fr\/#\/schema\/logo\/image\/","url":"https:\/\/contactfm72.fr\/wp-content\/uploads\/2025\/04\/2025-04-18-2.jpg","contentUrl":"https:\/\/contactfm72.fr\/wp-content\/uploads\/2025\/04\/2025-04-18-2.jpg","width":680,"height":307,"caption":"Contact FM 99.3"},"image":{"@id":"https:\/\/contactfm72.fr\/#\/schema\/logo\/image\/"},"sameAs":["https:\/\/www.facebook.com\/Contactfm.Chateauduloir","https:\/\/x.com\/contactfm72","https:\/\/www.instagram.com\/contact.fm.72?igsh=cGhlMHQ5N2JlNnpp","https:\/\/www.tiktok.com\/@contact.fm"]},{"@type":"Person","@id":"https:\/\/contactfm72.fr\/#\/schema\/person\/9fdc9d1c2eb029354a4f1535b90ba82d","name":"Val\u00e9rie C.","image":{"@type":"ImageObject","inLanguage":"fr-FR","@id":"https:\/\/secure.gravatar.com\/avatar\/2f8aa28f8dfbd7d4420afd1fdcdd0a349923e2c8a38ab28198b0f9d0601e4737?s=96&d=mm&r=g","url":"https:\/\/secure.gravatar.com\/avatar\/2f8aa28f8dfbd7d4420afd1fdcdd0a349923e2c8a38ab28198b0f9d0601e4737?s=96&d=mm&r=g","contentUrl":"https:\/\/secure.gravatar.com\/avatar\/2f8aa28f8dfbd7d4420afd1fdcdd0a349923e2c8a38ab28198b0f9d0601e4737?s=96&d=mm&r=g","caption":"Val\u00e9rie C."},"url":"https:\/\/contactfm72.fr\/?author=4"}]}},"_links":{"self":[{"href":"https:\/\/contactfm72.fr\/index.php?rest_route=\/wp\/v2\/posts\/10423","targetHints":{"allow":["GET"]}}],"collection":[{"href":"https:\/\/contactfm72.fr\/index.php?rest_route=\/wp\/v2\/posts"}],"about":[{"href":"https:\/\/contactfm72.fr\/index.php?rest_route=\/wp\/v2\/types\/post"}],"author":[{"embeddable":true,"href":"https:\/\/contactfm72.fr\/index.php?rest_route=\/wp\/v2\/users\/4"}],"replies":[{"embeddable":true,"href":"https:\/\/contactfm72.fr\/index.php?rest_route=%2Fwp%2Fv2%2Fcomments&post=10423"}],"version-history":[{"count":1,"href":"https:\/\/contactfm72.fr\/index.php?rest_route=\/wp\/v2\/posts\/10423\/revisions"}],"predecessor-version":[{"id":10426,"href":"https:\/\/contactfm72.fr\/index.php?rest_route=\/wp\/v2\/posts\/10423\/revisions\/10426"}],"wp:featuredmedia":[{"embeddable":true,"href":"https:\/\/contactfm72.fr\/index.php?rest_route=\/wp\/v2\/media\/10425"}],"wp:attachment":[{"href":"https:\/\/contactfm72.fr\/index.php?rest_route=%2Fwp%2Fv2%2Fmedia&parent=10423"}],"wp:term":[{"taxonomy":"category","embeddable":true,"href":"https:\/\/contactfm72.fr\/index.php?rest_route=%2Fwp%2Fv2%2Fcategories&post=10423"},{"taxonomy":"post_tag","embeddable":true,"href":"https:\/\/contactfm72.fr\/index.php?rest_route=%2Fwp%2Fv2%2Ftags&post=10423"}],"curies":[{"name":"wp","href":"https:\/\/api.w.org\/{rel}","templated":true}]}}