{"id":10373,"date":"2022-06-27T16:43:35","date_gmt":"2022-06-27T14:43:35","guid":{"rendered":"http:\/\/contactfm72.fr\/?p=10373"},"modified":"2022-06-27T16:58:52","modified_gmt":"2022-06-27T14:58:52","slug":"animal-majestueux-et-emblematique-de-nos-forets-le-cerf-sexpose-a-carnuta","status":"publish","type":"post","link":"https:\/\/contactfm72.fr\/?p=10373","title":{"rendered":"Animal majestueux et embl\u00e9matique de nos for\u00eats, le cerf s\u2019expose \u00e0 Carnuta"},"content":{"rendered":"<p>Jusqu&#8217;au 31 mars 2023, Carnuta, la Maison de l&#8217;homme et de la for\u00eat \u00e0 Jupilles, accueille l&#8217;exposition &#8220;Cerf, qui es-tu ?&#8221;. Le roi de la for\u00eat est mis en valeur \u00e0 travers les diff\u00e9rentes p\u00e9riodes de sa vie au fil des saisons.<\/p>\n<p>Cette exposition pr\u00e9sente \u00e9galement des clich\u00e9s de deux photographes locaux, R\u00e9mi L\u00e9pinay et Jo\u00ebl Geffray.<\/p>\n<p>C&#8217;est le sujet de &#8220;L&#8217;interview du jour&#8221;, lundi 27 juin \u00e0 18h, mardi 28 \u00e0 13h, samedi 2 juillet \u00e0 14h et dimanche 3 \u00e0 11h.<\/p>\n<p>&nbsp;<\/p>\n<div id=\"audioigniter-283\" class=\"audioigniter-root \" data-player-type=\"full\" data-tracks-url=\"https:\/\/contactfm72.fr\/?audioigniter_playlist_id=283\" data-display-track-no=\"false\" data-reverse-track-order=\"false\" data-display-tracklist-covers=\"false\" data-display-active-cover=\"false\" data-display-artist-names=\"false\" data-display-buy-buttons=\"true\" data-buy-buttons-target=\"false\" data-cycle-tracks=\"false\" data-display-credits=\"false\" data-display-tracklist=\"true\" data-allow-tracklist-toggle=\"false\" data-allow-tracklist-loop=\"true\" data-limit-tracklist-height=\"true\" data-volume=\"100\" data-tracklist-height=\"185\" data-allow-track-loop=\"false\" ><\/div>\n<!-- AddThis Advanced Settings generic via filter on the_content --><!-- AddThis Share Buttons generic via filter on the_content -->","protected":false},"excerpt":{"rendered":"<p>Jusqu&#8217;au 31 mars 2023, Carnuta, la Maison de l&#8217;homme et de la for\u00eat \u00e0 Jupilles, accueille l&#8217;exposition &#8220;Cerf, qui es-tu ?&#8221;. Le roi de la for\u00eat est mis en valeur \u00e0 travers les diff\u00e9rentes p\u00e9riodes de sa vie au fil des saisons. Cette exposition pr\u00e9sente \u00e9galement des clich\u00e9s de deux photographes locaux, R\u00e9mi L\u00e9pinay et&hellip;<!-- AddThis Advanced Settings generic via filter on get_the_excerpt --><!-- AddThis Share Buttons generic via filter on get_the_excerpt --><\/p>\n","protected":false},"author":4,"featured_media":10374,"comment_status":"closed","ping_status":"open","sticky":false,"template":"","format":"standard","meta":{"footnotes":""},"categories":[5],"tags":[],"class_list":["post-10373","post","type-post","status-publish","format-standard","has-post-thumbnail","hentry","category-linterview-du-jour","category-5","description-off"],"yoast_head":"<!-- This site is optimized with the Yoast SEO plugin v27.4 - https:\/\/yoast.com\/product\/yoast-seo-wordpress\/ -->\n<title>Animal majestueux et embl\u00e9matique de nos for\u00eats, le cerf s\u2019expose \u00e0 Carnuta - Contact FM 99.3<\/title>\n<meta name=\"robots\" content=\"index, follow, max-snippet:-1, max-image-preview:large, max-video-preview:-1\" \/>\n<link rel=\"canonical\" href=\"https:\/\/contactfm72.fr\/?p=10373\" \/>\n<meta property=\"og:locale\" content=\"fr_FR\" \/>\n<meta property=\"og:type\" content=\"article\" \/>\n<meta property=\"og:title\" content=\"Animal majestueux et embl\u00e9matique de nos for\u00eats, le cerf s\u2019expose \u00e0 Carnuta - Contact FM 99.3\" \/>\n<meta property=\"og:description\" content=\"Jusqu&#8217;au 31 mars 2023, Carnuta, la Maison de l&#8217;homme et de la for\u00eat \u00e0 Jupilles, accueille l&#8217;exposition &#8220;Cerf, qui es-tu ?&#8221;. Le roi de la for\u00eat est mis en valeur \u00e0 travers les diff\u00e9rentes p\u00e9riodes de sa vie au fil des saisons. Cette exposition pr\u00e9sente \u00e9galement des clich\u00e9s de deux photographes locaux, R\u00e9mi L\u00e9pinay et&hellip;\" \/>\n<meta property=\"og:url\" content=\"https:\/\/contactfm72.fr\/?p=10373\" \/>\n<meta property=\"og:site_name\" content=\"Contact FM 99.3\" \/>\n<meta property=\"article:publisher\" content=\"https:\/\/www.facebook.com\/Contactfm.Chateauduloir\" \/>\n<meta property=\"article:published_time\" content=\"2022-06-27T14:43:35+00:00\" \/>\n<meta property=\"article:modified_time\" content=\"2022-06-27T14:58:52+00:00\" \/>\n<meta property=\"og:image\" content=\"https:\/\/contactfm72.fr\/wp-content\/uploads\/2022\/06\/IMG_2378.jpg\" \/>\n\t<meta property=\"og:image:width\" content=\"2016\" \/>\n\t<meta property=\"og:image:height\" content=\"1512\" \/>\n\t<meta property=\"og:image:type\" content=\"image\/jpeg\" \/>\n<meta name=\"author\" content=\"Val\u00e9rie C.\" \/>\n<meta name=\"twitter:card\" content=\"summary_large_image\" \/>\n<meta name=\"twitter:creator\" content=\"@contactfm72\" \/>\n<meta name=\"twitter:site\" content=\"@contactfm72\" \/>\n<meta name=\"twitter:label1\" content=\"\u00c9crit par\" \/>\n\t<meta name=\"twitter:data1\" content=\"Val\u00e9rie C.\" \/>\n<script type=\"application\/ld+json\" class=\"yoast-schema-graph\">{\"@context\":\"https:\\\/\\\/schema.org\",\"@graph\":[{\"@type\":\"Article\",\"@id\":\"https:\\\/\\\/contactfm72.fr\\\/?p=10373#article\",\"isPartOf\":{\"@id\":\"https:\\\/\\\/contactfm72.fr\\\/?p=10373\"},\"author\":{\"name\":\"Val\u00e9rie C.\",\"@id\":\"https:\\\/\\\/contactfm72.fr\\\/#\\\/schema\\\/person\\\/9fdc9d1c2eb029354a4f1535b90ba82d\"},\"headline\":\"Animal majestueux et embl\u00e9matique de nos for\u00eats, le cerf s\u2019expose \u00e0 Carnuta\",\"datePublished\":\"2022-06-27T14:43:35+00:00\",\"dateModified\":\"2022-06-27T14:58:52+00:00\",\"mainEntityOfPage\":{\"@id\":\"https:\\\/\\\/contactfm72.fr\\\/?p=10373\"},\"wordCount\":102,\"publisher\":{\"@id\":\"https:\\\/\\\/contactfm72.fr\\\/#organization\"},\"image\":{\"@id\":\"https:\\\/\\\/contactfm72.fr\\\/?p=10373#primaryimage\"},\"thumbnailUrl\":\"https:\\\/\\\/contactfm72.fr\\\/wp-content\\\/uploads\\\/2022\\\/06\\\/IMG_2378.jpg\",\"articleSection\":[\"L'interview du jour\"],\"inLanguage\":\"fr-FR\"},{\"@type\":\"WebPage\",\"@id\":\"https:\\\/\\\/contactfm72.fr\\\/?p=10373\",\"url\":\"https:\\\/\\\/contactfm72.fr\\\/?p=10373\",\"name\":\"Animal majestueux et embl\u00e9matique de nos for\u00eats, le cerf s\u2019expose \u00e0 Carnuta - Contact FM 99.3\",\"isPartOf\":{\"@id\":\"https:\\\/\\\/contactfm72.fr\\\/#website\"},\"primaryImageOfPage\":{\"@id\":\"https:\\\/\\\/contactfm72.fr\\\/?p=10373#primaryimage\"},\"image\":{\"@id\":\"https:\\\/\\\/contactfm72.fr\\\/?p=10373#primaryimage\"},\"thumbnailUrl\":\"https:\\\/\\\/contactfm72.fr\\\/wp-content\\\/uploads\\\/2022\\\/06\\\/IMG_2378.jpg\",\"datePublished\":\"2022-06-27T14:43:35+00:00\",\"dateModified\":\"2022-06-27T14:58:52+00:00\",\"breadcrumb\":{\"@id\":\"https:\\\/\\\/contactfm72.fr\\\/?p=10373#breadcrumb\"},\"inLanguage\":\"fr-FR\",\"potentialAction\":[{\"@type\":\"ReadAction\",\"target\":[\"https:\\\/\\\/contactfm72.fr\\\/?p=10373\"]}]},{\"@type\":\"ImageObject\",\"inLanguage\":\"fr-FR\",\"@id\":\"https:\\\/\\\/contactfm72.fr\\\/?p=10373#primaryimage\",\"url\":\"https:\\\/\\\/contactfm72.fr\\\/wp-content\\\/uploads\\\/2022\\\/06\\\/IMG_2378.jpg\",\"contentUrl\":\"https:\\\/\\\/contactfm72.fr\\\/wp-content\\\/uploads\\\/2022\\\/06\\\/IMG_2378.jpg\",\"width\":2016,\"height\":1512},{\"@type\":\"BreadcrumbList\",\"@id\":\"https:\\\/\\\/contactfm72.fr\\\/?p=10373#breadcrumb\",\"itemListElement\":[{\"@type\":\"ListItem\",\"position\":1,\"name\":\"Accueil\",\"item\":\"https:\\\/\\\/contactfm72.fr\\\/\"},{\"@type\":\"ListItem\",\"position\":2,\"name\":\"Animal majestueux et embl\u00e9matique de nos for\u00eats, le cerf s\u2019expose \u00e0 Carnuta\"}]},{\"@type\":\"WebSite\",\"@id\":\"https:\\\/\\\/contactfm72.fr\\\/#website\",\"url\":\"https:\\\/\\\/contactfm72.fr\\\/\",\"name\":\"Contact FM 99.3\",\"description\":\"Votre radio en vall\u00e9e du Loir\",\"publisher\":{\"@id\":\"https:\\\/\\\/contactfm72.fr\\\/#organization\"},\"potentialAction\":[{\"@type\":\"SearchAction\",\"target\":{\"@type\":\"EntryPoint\",\"urlTemplate\":\"https:\\\/\\\/contactfm72.fr\\\/?s={search_term_string}\"},\"query-input\":{\"@type\":\"PropertyValueSpecification\",\"valueRequired\":true,\"valueName\":\"search_term_string\"}}],\"inLanguage\":\"fr-FR\"},{\"@type\":\"Organization\",\"@id\":\"https:\\\/\\\/contactfm72.fr\\\/#organization\",\"name\":\"Contact FM 99.3\",\"url\":\"https:\\\/\\\/contactfm72.fr\\\/\",\"logo\":{\"@type\":\"ImageObject\",\"inLanguage\":\"fr-FR\",\"@id\":\"https:\\\/\\\/contactfm72.fr\\\/#\\\/schema\\\/logo\\\/image\\\/\",\"url\":\"https:\\\/\\\/contactfm72.fr\\\/wp-content\\\/uploads\\\/2025\\\/04\\\/2025-04-18-2.jpg\",\"contentUrl\":\"https:\\\/\\\/contactfm72.fr\\\/wp-content\\\/uploads\\\/2025\\\/04\\\/2025-04-18-2.jpg\",\"width\":680,\"height\":307,\"caption\":\"Contact FM 99.3\"},\"image\":{\"@id\":\"https:\\\/\\\/contactfm72.fr\\\/#\\\/schema\\\/logo\\\/image\\\/\"},\"sameAs\":[\"https:\\\/\\\/www.facebook.com\\\/Contactfm.Chateauduloir\",\"https:\\\/\\\/x.com\\\/contactfm72\",\"https:\\\/\\\/www.instagram.com\\\/contact.fm.72?igsh=cGhlMHQ5N2JlNnpp\",\"https:\\\/\\\/www.tiktok.com\\\/@contact.fm\"]},{\"@type\":\"Person\",\"@id\":\"https:\\\/\\\/contactfm72.fr\\\/#\\\/schema\\\/person\\\/9fdc9d1c2eb029354a4f1535b90ba82d\",\"name\":\"Val\u00e9rie C.\",\"image\":{\"@type\":\"ImageObject\",\"inLanguage\":\"fr-FR\",\"@id\":\"https:\\\/\\\/secure.gravatar.com\\\/avatar\\\/2f8aa28f8dfbd7d4420afd1fdcdd0a349923e2c8a38ab28198b0f9d0601e4737?s=96&d=mm&r=g\",\"url\":\"https:\\\/\\\/secure.gravatar.com\\\/avatar\\\/2f8aa28f8dfbd7d4420afd1fdcdd0a349923e2c8a38ab28198b0f9d0601e4737?s=96&d=mm&r=g\",\"contentUrl\":\"https:\\\/\\\/secure.gravatar.com\\\/avatar\\\/2f8aa28f8dfbd7d4420afd1fdcdd0a349923e2c8a38ab28198b0f9d0601e4737?s=96&d=mm&r=g\",\"caption\":\"Val\u00e9rie C.\"},\"url\":\"https:\\\/\\\/contactfm72.fr\\\/?author=4\"}]}<\/script>\n<!-- \/ Yoast SEO plugin. -->","yoast_head_json":{"title":"Animal majestueux et embl\u00e9matique de nos for\u00eats, le cerf s\u2019expose \u00e0 Carnuta - Contact FM 99.3","robots":{"index":"index","follow":"follow","max-snippet":"max-snippet:-1","max-image-preview":"max-image-preview:large","max-video-preview":"max-video-preview:-1"},"canonical":"https:\/\/contactfm72.fr\/?p=10373","og_locale":"fr_FR","og_type":"article","og_title":"Animal majestueux et embl\u00e9matique de nos for\u00eats, le cerf s\u2019expose \u00e0 Carnuta - Contact FM 99.3","og_description":"Jusqu&#8217;au 31 mars 2023, Carnuta, la Maison de l&#8217;homme et de la for\u00eat \u00e0 Jupilles, accueille l&#8217;exposition &#8220;Cerf, qui es-tu ?&#8221;. Le roi de la for\u00eat est mis en valeur \u00e0 travers les diff\u00e9rentes p\u00e9riodes de sa vie au fil des saisons. Cette exposition pr\u00e9sente \u00e9galement des clich\u00e9s de deux photographes locaux, R\u00e9mi L\u00e9pinay et&hellip;","og_url":"https:\/\/contactfm72.fr\/?p=10373","og_site_name":"Contact FM 99.3","article_publisher":"https:\/\/www.facebook.com\/Contactfm.Chateauduloir","article_published_time":"2022-06-27T14:43:35+00:00","article_modified_time":"2022-06-27T14:58:52+00:00","og_image":[{"width":2016,"height":1512,"url":"https:\/\/contactfm72.fr\/wp-content\/uploads\/2022\/06\/IMG_2378.jpg","type":"image\/jpeg"}],"author":"Val\u00e9rie C.","twitter_card":"summary_large_image","twitter_creator":"@contactfm72","twitter_site":"@contactfm72","twitter_misc":{"\u00c9crit par":"Val\u00e9rie C."},"schema":{"@context":"https:\/\/schema.org","@graph":[{"@type":"Article","@id":"https:\/\/contactfm72.fr\/?p=10373#article","isPartOf":{"@id":"https:\/\/contactfm72.fr\/?p=10373"},"author":{"name":"Val\u00e9rie C.","@id":"https:\/\/contactfm72.fr\/#\/schema\/person\/9fdc9d1c2eb029354a4f1535b90ba82d"},"headline":"Animal majestueux et embl\u00e9matique de nos for\u00eats, le cerf s\u2019expose \u00e0 Carnuta","datePublished":"2022-06-27T14:43:35+00:00","dateModified":"2022-06-27T14:58:52+00:00","mainEntityOfPage":{"@id":"https:\/\/contactfm72.fr\/?p=10373"},"wordCount":102,"publisher":{"@id":"https:\/\/contactfm72.fr\/#organization"},"image":{"@id":"https:\/\/contactfm72.fr\/?p=10373#primaryimage"},"thumbnailUrl":"https:\/\/contactfm72.fr\/wp-content\/uploads\/2022\/06\/IMG_2378.jpg","articleSection":["L'interview du jour"],"inLanguage":"fr-FR"},{"@type":"WebPage","@id":"https:\/\/contactfm72.fr\/?p=10373","url":"https:\/\/contactfm72.fr\/?p=10373","name":"Animal majestueux et embl\u00e9matique de nos for\u00eats, le cerf s\u2019expose \u00e0 Carnuta - Contact FM 99.3","isPartOf":{"@id":"https:\/\/contactfm72.fr\/#website"},"primaryImageOfPage":{"@id":"https:\/\/contactfm72.fr\/?p=10373#primaryimage"},"image":{"@id":"https:\/\/contactfm72.fr\/?p=10373#primaryimage"},"thumbnailUrl":"https:\/\/contactfm72.fr\/wp-content\/uploads\/2022\/06\/IMG_2378.jpg","datePublished":"2022-06-27T14:43:35+00:00","dateModified":"2022-06-27T14:58:52+00:00","breadcrumb":{"@id":"https:\/\/contactfm72.fr\/?p=10373#breadcrumb"},"inLanguage":"fr-FR","potentialAction":[{"@type":"ReadAction","target":["https:\/\/contactfm72.fr\/?p=10373"]}]},{"@type":"ImageObject","inLanguage":"fr-FR","@id":"https:\/\/contactfm72.fr\/?p=10373#primaryimage","url":"https:\/\/contactfm72.fr\/wp-content\/uploads\/2022\/06\/IMG_2378.jpg","contentUrl":"https:\/\/contactfm72.fr\/wp-content\/uploads\/2022\/06\/IMG_2378.jpg","width":2016,"height":1512},{"@type":"BreadcrumbList","@id":"https:\/\/contactfm72.fr\/?p=10373#breadcrumb","itemListElement":[{"@type":"ListItem","position":1,"name":"Accueil","item":"https:\/\/contactfm72.fr\/"},{"@type":"ListItem","position":2,"name":"Animal majestueux et embl\u00e9matique de nos for\u00eats, le cerf s\u2019expose \u00e0 Carnuta"}]},{"@type":"WebSite","@id":"https:\/\/contactfm72.fr\/#website","url":"https:\/\/contactfm72.fr\/","name":"Contact FM 99.3","description":"Votre radio en vall\u00e9e du Loir","publisher":{"@id":"https:\/\/contactfm72.fr\/#organization"},"potentialAction":[{"@type":"SearchAction","target":{"@type":"EntryPoint","urlTemplate":"https:\/\/contactfm72.fr\/?s={search_term_string}"},"query-input":{"@type":"PropertyValueSpecification","valueRequired":true,"valueName":"search_term_string"}}],"inLanguage":"fr-FR"},{"@type":"Organization","@id":"https:\/\/contactfm72.fr\/#organization","name":"Contact FM 99.3","url":"https:\/\/contactfm72.fr\/","logo":{"@type":"ImageObject","inLanguage":"fr-FR","@id":"https:\/\/contactfm72.fr\/#\/schema\/logo\/image\/","url":"https:\/\/contactfm72.fr\/wp-content\/uploads\/2025\/04\/2025-04-18-2.jpg","contentUrl":"https:\/\/contactfm72.fr\/wp-content\/uploads\/2025\/04\/2025-04-18-2.jpg","width":680,"height":307,"caption":"Contact FM 99.3"},"image":{"@id":"https:\/\/contactfm72.fr\/#\/schema\/logo\/image\/"},"sameAs":["https:\/\/www.facebook.com\/Contactfm.Chateauduloir","https:\/\/x.com\/contactfm72","https:\/\/www.instagram.com\/contact.fm.72?igsh=cGhlMHQ5N2JlNnpp","https:\/\/www.tiktok.com\/@contact.fm"]},{"@type":"Person","@id":"https:\/\/contactfm72.fr\/#\/schema\/person\/9fdc9d1c2eb029354a4f1535b90ba82d","name":"Val\u00e9rie C.","image":{"@type":"ImageObject","inLanguage":"fr-FR","@id":"https:\/\/secure.gravatar.com\/avatar\/2f8aa28f8dfbd7d4420afd1fdcdd0a349923e2c8a38ab28198b0f9d0601e4737?s=96&d=mm&r=g","url":"https:\/\/secure.gravatar.com\/avatar\/2f8aa28f8dfbd7d4420afd1fdcdd0a349923e2c8a38ab28198b0f9d0601e4737?s=96&d=mm&r=g","contentUrl":"https:\/\/secure.gravatar.com\/avatar\/2f8aa28f8dfbd7d4420afd1fdcdd0a349923e2c8a38ab28198b0f9d0601e4737?s=96&d=mm&r=g","caption":"Val\u00e9rie C."},"url":"https:\/\/contactfm72.fr\/?author=4"}]}},"_links":{"self":[{"href":"https:\/\/contactfm72.fr\/index.php?rest_route=\/wp\/v2\/posts\/10373","targetHints":{"allow":["GET"]}}],"collection":[{"href":"https:\/\/contactfm72.fr\/index.php?rest_route=\/wp\/v2\/posts"}],"about":[{"href":"https:\/\/contactfm72.fr\/index.php?rest_route=\/wp\/v2\/types\/post"}],"author":[{"embeddable":true,"href":"https:\/\/contactfm72.fr\/index.php?rest_route=\/wp\/v2\/users\/4"}],"replies":[{"embeddable":true,"href":"https:\/\/contactfm72.fr\/index.php?rest_route=%2Fwp%2Fv2%2Fcomments&post=10373"}],"version-history":[{"count":2,"href":"https:\/\/contactfm72.fr\/index.php?rest_route=\/wp\/v2\/posts\/10373\/revisions"}],"predecessor-version":[{"id":10377,"href":"https:\/\/contactfm72.fr\/index.php?rest_route=\/wp\/v2\/posts\/10373\/revisions\/10377"}],"wp:featuredmedia":[{"embeddable":true,"href":"https:\/\/contactfm72.fr\/index.php?rest_route=\/wp\/v2\/media\/10374"}],"wp:attachment":[{"href":"https:\/\/contactfm72.fr\/index.php?rest_route=%2Fwp%2Fv2%2Fmedia&parent=10373"}],"wp:term":[{"taxonomy":"category","embeddable":true,"href":"https:\/\/contactfm72.fr\/index.php?rest_route=%2Fwp%2Fv2%2Fcategories&post=10373"},{"taxonomy":"post_tag","embeddable":true,"href":"https:\/\/contactfm72.fr\/index.php?rest_route=%2Fwp%2Fv2%2Ftags&post=10373"}],"curies":[{"name":"wp","href":"https:\/\/api.w.org\/{rel}","templated":true}]}}