{"id":10259,"date":"2022-06-16T14:00:49","date_gmt":"2022-06-16T12:00:49","guid":{"rendered":"http:\/\/contactfm72.fr\/?p=10259"},"modified":"2022-06-15T14:11:06","modified_gmt":"2022-06-15T12:11:06","slug":"sud-sarthe-ou-feter-la-musique-ce-week-end-du-18-et-19-juin","status":"publish","type":"post","link":"https:\/\/contactfm72.fr\/?p=10259","title":{"rendered":"Sud Sarthe. O\u00f9 f\u00eater la musique ce week-end du 18 et 19 juin ?"},"content":{"rendered":"<h2>La f\u00eate de la musique se c\u00e9l\u00e8bre d\u00e9j\u00e0 \u00e0 Montval-sur-Loir, \u00e0 Ponc\u00e9-sur-Loir et \u00e0 Mar\u00e7on, ce week-end du 18 et 19 juin 2022. Quel est le programme\u00a0?<\/h2>\n<p>&nbsp;<\/p>\n<p>&nbsp;<\/p>\n<p>Dans le sud <strong>Sarthe<\/strong>, la <strong>f\u00eate de la musique<\/strong> commence d\u00e8s ce week-end du 18 et 19 juin.<\/p>\n<p>&nbsp;<\/p>\n<p>Au programme de la f\u00eate de la musique \u00e0 <strong>Montval-sur-Loir<\/strong>, final du tremplin musical, de la chorale et un groupe de musette&#8217;n&#8217;roll, la G\u00e2pette.<\/p>\n<p>&nbsp;<\/p>\n<h3><strong>Finale du tremplin musical<\/strong><\/h3>\n<p>Au programme du samedi 18 juin, la finale du tremplin musical avec <strong>cinq groupes<\/strong> qui s&#8217;affronteront, place de l&#8217;<strong>H\u00f4tel de Ville \u00e0 Ch\u00e2teau-du-Loir.<\/strong> Pour la seconde ann\u00e9e cons\u00e9cutive, la Municipalit\u00e9 a organis\u00e9 son tremplin musical destin\u00e9 aux artistes et groupes amateurs qui veulent se faire conna\u00eetre ou d\u00e9velopper leur projet artistique. Ils avaient jusqu&#8217;\u00e0 fin avril pour postuler, et c&#8217;est lors de la commission d&#8217;\u00e9coute que les \u00e9lus et partenaires ont fait leur choix.<\/p>\n<blockquote><p>\u00ab Cinq groupes participeront, aux genres diff\u00e9rents. Il s&#8217;agit de Na\u00effs, Underfuse, Les Oreilles Bissextiles, Leaf et Nico Marjo. Ils auront 20 minutes chacun par set. Deux prix seront donn\u00e9s, le prix du jury et celui du public \u00bb, fait savoir Sophie Jousse, directrice des affaires culturelles. Les balances des groupes commenceront d\u00e8s 10h, le samedi matin.<\/p><\/blockquote>\n<p>&nbsp;<\/p>\n<h3><strong>La G\u00e2pette et de la chorale<\/strong><\/h3>\n<p>La finale du tremplin musical ne sera pas la seule animation lors du samedi soir. La f\u00eate de la musique se c\u00e9l\u00e9brera avec le <a href=\"https:\/\/www.youtube.com\/user\/LBSCTV\">groupe de <\/a><strong><a href=\"https:\/\/www.youtube.com\/user\/LBSCTV\">musette&#8217;n&#8217;roll<\/a>, la <a href=\"https:\/\/lagapette.fr\/\">G\u00e2pette<\/a><\/strong>.<\/p>\n<blockquote><p>\u00ab C&#8217;est un groupe rock de Vitr\u00e9, avec une tr\u00e8s forte pr\u00e9sence d&#8217;accord\u00e9on. Ils ont plus de 1000 concerts \u00e0 leur actif. Les six musiciens promettent une tr\u00e8s belle soir\u00e9e \u00bb, continue la professionnelle.<\/p><\/blockquote>\n<p>Rendez-vous d\u00e8s 21h, \u00e9galement place de l&#8217;H\u00f4tel de Ville.<\/p>\n<p>Pr\u00e8s de la place, plusieurs autres manifestations seront organis\u00e9es ; la <strong>chorale Chante l&#8217;Ire<\/strong> fera une repr\u00e9sentation au parc <strong>Henri Goude<\/strong> de 20h \u00e0 21h, le samedi 18 juin, et la chorale paroissiale fera une repr\u00e9sentation au sein de l&#8217;\u00e9glise Saint-Guingalois. Le lendemain, dimanche 19 juin, l&#8217;<strong>Orchestre Symphonique de Berc\u00e9<\/strong>, guid\u00e9 par Catherine Prada, fera \u00e9galement une repr\u00e9sentation en l&#8217;\u00e9glise de Saint-Guingalois d\u00e8s 17h.<\/p>\n<p>&nbsp;<\/p>\n<h3><strong>Un week-end manouche<\/strong><\/h3>\n<p><strong>Luch\u00e9-Pring\u00e9<\/strong> organise un week-end Jazz manouche les 18 et 19 juin, initi\u00e9 par l&#8217;association Culture et patrimoine. Le samedi 18 juin, d\u00e8s 20h, retrouvez un concert du groupe <strong>&#8220;Les 24 h du Manouche&#8221;<\/strong> \u00e0 l&#8217;\u00e9glise de Luch\u00e9, au tarif de 5 euros par personne. Le lendemain, le dimanche 19 juin, \u00e0 10h30, retrouvez le b\u0153uf musical, au lavoir de Pring\u00e9, toujours avec le m\u00eame groupe, \u00ab Les 24h du Manouche \u00bb.<\/p>\n<p>&nbsp;<\/p>\n<h3><strong>A Mar\u00e7on<\/strong><\/h3>\n<p>Samedi 18 juin, \u00e0 Mar\u00e7on, d\u00e8s 17h, \u00e0 l\u2019<strong>\u00e9cole de musique<\/strong>, les \u00e9l\u00e8ves de la classe de chant et de piano feront une repr\u00e9sentation.<\/p>\n<p>A partir de 19h, place de l\u2019\u00e9glise, l\u2019<strong>Harmonie de Mar\u00e7on<\/strong> fera \u00e9galement une repr\u00e9sentation avec Patrick, Antoine, Martine, Maxime et Gilles.<\/p>\n<p>&nbsp;<\/p>\n<h3><strong>Au Moulin Pousset<\/strong><\/h3>\n<p>Au Moulin de <strong>Co\u00ebmont<\/strong>, au26, rue basse, la f\u00eate de la musique se c\u00e9l\u00e8bre le dimanche 19 juin \u00e0 partir de 16h avec de la chanson de groupe pop\/rock, des chansons fran\u00e7aises, de la guitare classique et du <strong>sitar indien<\/strong> par Michel Testard, en entr\u00e9e libre.<\/p>\n<p>&nbsp;<\/p>\n<p>&nbsp;<\/p>\n<p>La f\u00eate de la musique se c\u00e9l\u00e8bre en avance \u00e0 Montval-sur-Loir, \u00e0 Mar\u00e7on, et \u00e0 Luch\u00e9-Pring\u00e9, avec tout un programme riche et diversifi\u00e9.<\/p>\n<!-- AddThis Advanced Settings generic via filter on the_content --><!-- AddThis Share Buttons generic via filter on the_content -->","protected":false},"excerpt":{"rendered":"<p>La f\u00eate de la musique se c\u00e9l\u00e8bre d\u00e9j\u00e0 \u00e0 Montval-sur-Loir, \u00e0 Ponc\u00e9-sur-Loir et \u00e0 Mar\u00e7on, ce week-end du 18 et 19 juin 2022. Quel est le programme\u00a0? &nbsp; &nbsp; Dans le sud Sarthe, la f\u00eate de la musique commence d\u00e8s ce week-end du 18 et 19 juin. &nbsp; Au programme de la f\u00eate de la&hellip;<!-- AddThis Advanced Settings generic via filter on get_the_excerpt --><!-- AddThis Share Buttons generic via filter on get_the_excerpt --><\/p>\n","protected":false},"author":4,"featured_media":10260,"comment_status":"closed","ping_status":"open","sticky":false,"template":"","format":"standard","meta":{"footnotes":""},"categories":[1],"tags":[],"class_list":["post-10259","post","type-post","status-publish","format-standard","has-post-thumbnail","hentry","category-contact-fm-72","category-1","description-off"],"yoast_head":"<!-- This site is optimized with the Yoast SEO plugin v27.4 - https:\/\/yoast.com\/product\/yoast-seo-wordpress\/ -->\n<title>Sud Sarthe. O\u00f9 f\u00eater la musique ce week-end du 18 et 19 juin ? - Contact FM 99.3<\/title>\n<meta name=\"robots\" content=\"index, follow, max-snippet:-1, max-image-preview:large, max-video-preview:-1\" \/>\n<link rel=\"canonical\" href=\"https:\/\/contactfm72.fr\/?p=10259\" \/>\n<meta property=\"og:locale\" content=\"fr_FR\" \/>\n<meta property=\"og:type\" content=\"article\" \/>\n<meta property=\"og:title\" content=\"Sud Sarthe. O\u00f9 f\u00eater la musique ce week-end du 18 et 19 juin ? - Contact FM 99.3\" \/>\n<meta property=\"og:description\" content=\"La f\u00eate de la musique se c\u00e9l\u00e8bre d\u00e9j\u00e0 \u00e0 Montval-sur-Loir, \u00e0 Ponc\u00e9-sur-Loir et \u00e0 Mar\u00e7on, ce week-end du 18 et 19 juin 2022. Quel est le programme\u00a0? &nbsp; &nbsp; Dans le sud Sarthe, la f\u00eate de la musique commence d\u00e8s ce week-end du 18 et 19 juin. &nbsp; Au programme de la f\u00eate de la&hellip;\" \/>\n<meta property=\"og:url\" content=\"https:\/\/contactfm72.fr\/?p=10259\" \/>\n<meta property=\"og:site_name\" content=\"Contact FM 99.3\" \/>\n<meta property=\"article:publisher\" content=\"https:\/\/www.facebook.com\/Contactfm.Chateauduloir\" \/>\n<meta property=\"article:published_time\" content=\"2022-06-16T12:00:49+00:00\" \/>\n<meta property=\"og:image\" content=\"https:\/\/contactfm72.fr\/wp-content\/uploads\/2022\/06\/f\u00eate-de-la-musique-gapette.jpeg\" \/>\n\t<meta property=\"og:image:width\" content=\"1900\" \/>\n\t<meta property=\"og:image:height\" content=\"1425\" \/>\n\t<meta property=\"og:image:type\" content=\"image\/jpeg\" \/>\n<meta name=\"author\" content=\"Val\u00e9rie C.\" \/>\n<meta name=\"twitter:card\" content=\"summary_large_image\" \/>\n<meta name=\"twitter:creator\" content=\"@contactfm72\" \/>\n<meta name=\"twitter:site\" content=\"@contactfm72\" \/>\n<meta name=\"twitter:label1\" content=\"\u00c9crit par\" \/>\n\t<meta name=\"twitter:data1\" content=\"Val\u00e9rie C.\" \/>\n\t<meta name=\"twitter:label2\" content=\"Dur\u00e9e de lecture estim\u00e9e\" \/>\n\t<meta name=\"twitter:data2\" content=\"3 minutes\" \/>\n<script type=\"application\/ld+json\" class=\"yoast-schema-graph\">{\"@context\":\"https:\\\/\\\/schema.org\",\"@graph\":[{\"@type\":\"Article\",\"@id\":\"https:\\\/\\\/contactfm72.fr\\\/?p=10259#article\",\"isPartOf\":{\"@id\":\"https:\\\/\\\/contactfm72.fr\\\/?p=10259\"},\"author\":{\"name\":\"Val\u00e9rie C.\",\"@id\":\"https:\\\/\\\/contactfm72.fr\\\/#\\\/schema\\\/person\\\/9fdc9d1c2eb029354a4f1535b90ba82d\"},\"headline\":\"Sud Sarthe. O\u00f9 f\u00eater la musique ce week-end du 18 et 19 juin ?\",\"datePublished\":\"2022-06-16T12:00:49+00:00\",\"mainEntityOfPage\":{\"@id\":\"https:\\\/\\\/contactfm72.fr\\\/?p=10259\"},\"wordCount\":603,\"publisher\":{\"@id\":\"https:\\\/\\\/contactfm72.fr\\\/#organization\"},\"image\":{\"@id\":\"https:\\\/\\\/contactfm72.fr\\\/?p=10259#primaryimage\"},\"thumbnailUrl\":\"https:\\\/\\\/contactfm72.fr\\\/wp-content\\\/uploads\\\/2022\\\/06\\\/f\u00eate-de-la-musique-gapette.jpeg\",\"articleSection\":[\"Contact FM 72\"],\"inLanguage\":\"fr-FR\"},{\"@type\":\"WebPage\",\"@id\":\"https:\\\/\\\/contactfm72.fr\\\/?p=10259\",\"url\":\"https:\\\/\\\/contactfm72.fr\\\/?p=10259\",\"name\":\"Sud Sarthe. O\u00f9 f\u00eater la musique ce week-end du 18 et 19 juin ? - Contact FM 99.3\",\"isPartOf\":{\"@id\":\"https:\\\/\\\/contactfm72.fr\\\/#website\"},\"primaryImageOfPage\":{\"@id\":\"https:\\\/\\\/contactfm72.fr\\\/?p=10259#primaryimage\"},\"image\":{\"@id\":\"https:\\\/\\\/contactfm72.fr\\\/?p=10259#primaryimage\"},\"thumbnailUrl\":\"https:\\\/\\\/contactfm72.fr\\\/wp-content\\\/uploads\\\/2022\\\/06\\\/f\u00eate-de-la-musique-gapette.jpeg\",\"datePublished\":\"2022-06-16T12:00:49+00:00\",\"breadcrumb\":{\"@id\":\"https:\\\/\\\/contactfm72.fr\\\/?p=10259#breadcrumb\"},\"inLanguage\":\"fr-FR\",\"potentialAction\":[{\"@type\":\"ReadAction\",\"target\":[\"https:\\\/\\\/contactfm72.fr\\\/?p=10259\"]}]},{\"@type\":\"ImageObject\",\"inLanguage\":\"fr-FR\",\"@id\":\"https:\\\/\\\/contactfm72.fr\\\/?p=10259#primaryimage\",\"url\":\"https:\\\/\\\/contactfm72.fr\\\/wp-content\\\/uploads\\\/2022\\\/06\\\/f\u00eate-de-la-musique-gapette.jpeg\",\"contentUrl\":\"https:\\\/\\\/contactfm72.fr\\\/wp-content\\\/uploads\\\/2022\\\/06\\\/f\u00eate-de-la-musique-gapette.jpeg\",\"width\":1900,\"height\":1425,\"caption\":\"La G\u00e2pette sera pr\u00e9sente \u00e0 Ch\u00e2teau-du-Loir pour la f\u00eate de la musique le 18 juin. Cr\u00e9dits: la G\u00e2pette.\"},{\"@type\":\"BreadcrumbList\",\"@id\":\"https:\\\/\\\/contactfm72.fr\\\/?p=10259#breadcrumb\",\"itemListElement\":[{\"@type\":\"ListItem\",\"position\":1,\"name\":\"Accueil\",\"item\":\"https:\\\/\\\/contactfm72.fr\\\/\"},{\"@type\":\"ListItem\",\"position\":2,\"name\":\"Sud Sarthe. O\u00f9 f\u00eater la musique ce week-end du 18 et 19 juin ?\"}]},{\"@type\":\"WebSite\",\"@id\":\"https:\\\/\\\/contactfm72.fr\\\/#website\",\"url\":\"https:\\\/\\\/contactfm72.fr\\\/\",\"name\":\"Contact FM 99.3\",\"description\":\"Votre radio en vall\u00e9e du Loir\",\"publisher\":{\"@id\":\"https:\\\/\\\/contactfm72.fr\\\/#organization\"},\"potentialAction\":[{\"@type\":\"SearchAction\",\"target\":{\"@type\":\"EntryPoint\",\"urlTemplate\":\"https:\\\/\\\/contactfm72.fr\\\/?s={search_term_string}\"},\"query-input\":{\"@type\":\"PropertyValueSpecification\",\"valueRequired\":true,\"valueName\":\"search_term_string\"}}],\"inLanguage\":\"fr-FR\"},{\"@type\":\"Organization\",\"@id\":\"https:\\\/\\\/contactfm72.fr\\\/#organization\",\"name\":\"Contact FM 99.3\",\"url\":\"https:\\\/\\\/contactfm72.fr\\\/\",\"logo\":{\"@type\":\"ImageObject\",\"inLanguage\":\"fr-FR\",\"@id\":\"https:\\\/\\\/contactfm72.fr\\\/#\\\/schema\\\/logo\\\/image\\\/\",\"url\":\"https:\\\/\\\/contactfm72.fr\\\/wp-content\\\/uploads\\\/2025\\\/04\\\/2025-04-18-2.jpg\",\"contentUrl\":\"https:\\\/\\\/contactfm72.fr\\\/wp-content\\\/uploads\\\/2025\\\/04\\\/2025-04-18-2.jpg\",\"width\":680,\"height\":307,\"caption\":\"Contact FM 99.3\"},\"image\":{\"@id\":\"https:\\\/\\\/contactfm72.fr\\\/#\\\/schema\\\/logo\\\/image\\\/\"},\"sameAs\":[\"https:\\\/\\\/www.facebook.com\\\/Contactfm.Chateauduloir\",\"https:\\\/\\\/x.com\\\/contactfm72\",\"https:\\\/\\\/www.instagram.com\\\/contact.fm.72?igsh=cGhlMHQ5N2JlNnpp\",\"https:\\\/\\\/www.tiktok.com\\\/@contact.fm\"]},{\"@type\":\"Person\",\"@id\":\"https:\\\/\\\/contactfm72.fr\\\/#\\\/schema\\\/person\\\/9fdc9d1c2eb029354a4f1535b90ba82d\",\"name\":\"Val\u00e9rie C.\",\"image\":{\"@type\":\"ImageObject\",\"inLanguage\":\"fr-FR\",\"@id\":\"https:\\\/\\\/secure.gravatar.com\\\/avatar\\\/2f8aa28f8dfbd7d4420afd1fdcdd0a349923e2c8a38ab28198b0f9d0601e4737?s=96&d=mm&r=g\",\"url\":\"https:\\\/\\\/secure.gravatar.com\\\/avatar\\\/2f8aa28f8dfbd7d4420afd1fdcdd0a349923e2c8a38ab28198b0f9d0601e4737?s=96&d=mm&r=g\",\"contentUrl\":\"https:\\\/\\\/secure.gravatar.com\\\/avatar\\\/2f8aa28f8dfbd7d4420afd1fdcdd0a349923e2c8a38ab28198b0f9d0601e4737?s=96&d=mm&r=g\",\"caption\":\"Val\u00e9rie C.\"},\"url\":\"https:\\\/\\\/contactfm72.fr\\\/?author=4\"}]}<\/script>\n<!-- \/ Yoast SEO plugin. -->","yoast_head_json":{"title":"Sud Sarthe. O\u00f9 f\u00eater la musique ce week-end du 18 et 19 juin ? - Contact FM 99.3","robots":{"index":"index","follow":"follow","max-snippet":"max-snippet:-1","max-image-preview":"max-image-preview:large","max-video-preview":"max-video-preview:-1"},"canonical":"https:\/\/contactfm72.fr\/?p=10259","og_locale":"fr_FR","og_type":"article","og_title":"Sud Sarthe. O\u00f9 f\u00eater la musique ce week-end du 18 et 19 juin ? - Contact FM 99.3","og_description":"La f\u00eate de la musique se c\u00e9l\u00e8bre d\u00e9j\u00e0 \u00e0 Montval-sur-Loir, \u00e0 Ponc\u00e9-sur-Loir et \u00e0 Mar\u00e7on, ce week-end du 18 et 19 juin 2022. Quel est le programme\u00a0? &nbsp; &nbsp; Dans le sud Sarthe, la f\u00eate de la musique commence d\u00e8s ce week-end du 18 et 19 juin. &nbsp; Au programme de la f\u00eate de la&hellip;","og_url":"https:\/\/contactfm72.fr\/?p=10259","og_site_name":"Contact FM 99.3","article_publisher":"https:\/\/www.facebook.com\/Contactfm.Chateauduloir","article_published_time":"2022-06-16T12:00:49+00:00","og_image":[{"width":1900,"height":1425,"url":"https:\/\/contactfm72.fr\/wp-content\/uploads\/2022\/06\/f\u00eate-de-la-musique-gapette.jpeg","type":"image\/jpeg"}],"author":"Val\u00e9rie C.","twitter_card":"summary_large_image","twitter_creator":"@contactfm72","twitter_site":"@contactfm72","twitter_misc":{"\u00c9crit par":"Val\u00e9rie C.","Dur\u00e9e de lecture estim\u00e9e":"3 minutes"},"schema":{"@context":"https:\/\/schema.org","@graph":[{"@type":"Article","@id":"https:\/\/contactfm72.fr\/?p=10259#article","isPartOf":{"@id":"https:\/\/contactfm72.fr\/?p=10259"},"author":{"name":"Val\u00e9rie C.","@id":"https:\/\/contactfm72.fr\/#\/schema\/person\/9fdc9d1c2eb029354a4f1535b90ba82d"},"headline":"Sud Sarthe. O\u00f9 f\u00eater la musique ce week-end du 18 et 19 juin ?","datePublished":"2022-06-16T12:00:49+00:00","mainEntityOfPage":{"@id":"https:\/\/contactfm72.fr\/?p=10259"},"wordCount":603,"publisher":{"@id":"https:\/\/contactfm72.fr\/#organization"},"image":{"@id":"https:\/\/contactfm72.fr\/?p=10259#primaryimage"},"thumbnailUrl":"https:\/\/contactfm72.fr\/wp-content\/uploads\/2022\/06\/f\u00eate-de-la-musique-gapette.jpeg","articleSection":["Contact FM 72"],"inLanguage":"fr-FR"},{"@type":"WebPage","@id":"https:\/\/contactfm72.fr\/?p=10259","url":"https:\/\/contactfm72.fr\/?p=10259","name":"Sud Sarthe. O\u00f9 f\u00eater la musique ce week-end du 18 et 19 juin ? - Contact FM 99.3","isPartOf":{"@id":"https:\/\/contactfm72.fr\/#website"},"primaryImageOfPage":{"@id":"https:\/\/contactfm72.fr\/?p=10259#primaryimage"},"image":{"@id":"https:\/\/contactfm72.fr\/?p=10259#primaryimage"},"thumbnailUrl":"https:\/\/contactfm72.fr\/wp-content\/uploads\/2022\/06\/f\u00eate-de-la-musique-gapette.jpeg","datePublished":"2022-06-16T12:00:49+00:00","breadcrumb":{"@id":"https:\/\/contactfm72.fr\/?p=10259#breadcrumb"},"inLanguage":"fr-FR","potentialAction":[{"@type":"ReadAction","target":["https:\/\/contactfm72.fr\/?p=10259"]}]},{"@type":"ImageObject","inLanguage":"fr-FR","@id":"https:\/\/contactfm72.fr\/?p=10259#primaryimage","url":"https:\/\/contactfm72.fr\/wp-content\/uploads\/2022\/06\/f\u00eate-de-la-musique-gapette.jpeg","contentUrl":"https:\/\/contactfm72.fr\/wp-content\/uploads\/2022\/06\/f\u00eate-de-la-musique-gapette.jpeg","width":1900,"height":1425,"caption":"La G\u00e2pette sera pr\u00e9sente \u00e0 Ch\u00e2teau-du-Loir pour la f\u00eate de la musique le 18 juin. Cr\u00e9dits: la G\u00e2pette."},{"@type":"BreadcrumbList","@id":"https:\/\/contactfm72.fr\/?p=10259#breadcrumb","itemListElement":[{"@type":"ListItem","position":1,"name":"Accueil","item":"https:\/\/contactfm72.fr\/"},{"@type":"ListItem","position":2,"name":"Sud Sarthe. O\u00f9 f\u00eater la musique ce week-end du 18 et 19 juin ?"}]},{"@type":"WebSite","@id":"https:\/\/contactfm72.fr\/#website","url":"https:\/\/contactfm72.fr\/","name":"Contact FM 99.3","description":"Votre radio en vall\u00e9e du Loir","publisher":{"@id":"https:\/\/contactfm72.fr\/#organization"},"potentialAction":[{"@type":"SearchAction","target":{"@type":"EntryPoint","urlTemplate":"https:\/\/contactfm72.fr\/?s={search_term_string}"},"query-input":{"@type":"PropertyValueSpecification","valueRequired":true,"valueName":"search_term_string"}}],"inLanguage":"fr-FR"},{"@type":"Organization","@id":"https:\/\/contactfm72.fr\/#organization","name":"Contact FM 99.3","url":"https:\/\/contactfm72.fr\/","logo":{"@type":"ImageObject","inLanguage":"fr-FR","@id":"https:\/\/contactfm72.fr\/#\/schema\/logo\/image\/","url":"https:\/\/contactfm72.fr\/wp-content\/uploads\/2025\/04\/2025-04-18-2.jpg","contentUrl":"https:\/\/contactfm72.fr\/wp-content\/uploads\/2025\/04\/2025-04-18-2.jpg","width":680,"height":307,"caption":"Contact FM 99.3"},"image":{"@id":"https:\/\/contactfm72.fr\/#\/schema\/logo\/image\/"},"sameAs":["https:\/\/www.facebook.com\/Contactfm.Chateauduloir","https:\/\/x.com\/contactfm72","https:\/\/www.instagram.com\/contact.fm.72?igsh=cGhlMHQ5N2JlNnpp","https:\/\/www.tiktok.com\/@contact.fm"]},{"@type":"Person","@id":"https:\/\/contactfm72.fr\/#\/schema\/person\/9fdc9d1c2eb029354a4f1535b90ba82d","name":"Val\u00e9rie C.","image":{"@type":"ImageObject","inLanguage":"fr-FR","@id":"https:\/\/secure.gravatar.com\/avatar\/2f8aa28f8dfbd7d4420afd1fdcdd0a349923e2c8a38ab28198b0f9d0601e4737?s=96&d=mm&r=g","url":"https:\/\/secure.gravatar.com\/avatar\/2f8aa28f8dfbd7d4420afd1fdcdd0a349923e2c8a38ab28198b0f9d0601e4737?s=96&d=mm&r=g","contentUrl":"https:\/\/secure.gravatar.com\/avatar\/2f8aa28f8dfbd7d4420afd1fdcdd0a349923e2c8a38ab28198b0f9d0601e4737?s=96&d=mm&r=g","caption":"Val\u00e9rie C."},"url":"https:\/\/contactfm72.fr\/?author=4"}]}},"_links":{"self":[{"href":"https:\/\/contactfm72.fr\/index.php?rest_route=\/wp\/v2\/posts\/10259","targetHints":{"allow":["GET"]}}],"collection":[{"href":"https:\/\/contactfm72.fr\/index.php?rest_route=\/wp\/v2\/posts"}],"about":[{"href":"https:\/\/contactfm72.fr\/index.php?rest_route=\/wp\/v2\/types\/post"}],"author":[{"embeddable":true,"href":"https:\/\/contactfm72.fr\/index.php?rest_route=\/wp\/v2\/users\/4"}],"replies":[{"embeddable":true,"href":"https:\/\/contactfm72.fr\/index.php?rest_route=%2Fwp%2Fv2%2Fcomments&post=10259"}],"version-history":[{"count":2,"href":"https:\/\/contactfm72.fr\/index.php?rest_route=\/wp\/v2\/posts\/10259\/revisions"}],"predecessor-version":[{"id":10264,"href":"https:\/\/contactfm72.fr\/index.php?rest_route=\/wp\/v2\/posts\/10259\/revisions\/10264"}],"wp:featuredmedia":[{"embeddable":true,"href":"https:\/\/contactfm72.fr\/index.php?rest_route=\/wp\/v2\/media\/10260"}],"wp:attachment":[{"href":"https:\/\/contactfm72.fr\/index.php?rest_route=%2Fwp%2Fv2%2Fmedia&parent=10259"}],"wp:term":[{"taxonomy":"category","embeddable":true,"href":"https:\/\/contactfm72.fr\/index.php?rest_route=%2Fwp%2Fv2%2Fcategories&post=10259"},{"taxonomy":"post_tag","embeddable":true,"href":"https:\/\/contactfm72.fr\/index.php?rest_route=%2Fwp%2Fv2%2Ftags&post=10259"}],"curies":[{"name":"wp","href":"https:\/\/api.w.org\/{rel}","templated":true}]}}