{"id":10244,"date":"2022-06-14T15:30:08","date_gmt":"2022-06-14T13:30:08","guid":{"rendered":"http:\/\/contactfm72.fr\/?p=10244"},"modified":"2022-06-15T14:52:50","modified_gmt":"2022-06-15T12:52:50","slug":"sentier-planetaire-les-collegiens-ont-la-tete-dans-les-etoiles","status":"publish","type":"post","link":"https:\/\/contactfm72.fr\/?p=10244","title":{"rendered":"Sentier plan\u00e9taire. Les coll\u00e9giens ont la t\u00eate dans les \u00e9toiles"},"content":{"rendered":"<h2>Tout au long de leur ann\u00e9e scolaire, les \u00e9l\u00e8ves de 3<sup>\u00e8me<\/sup> du coll\u00e8ge de Berc\u00e9 \u00e0 Montval-sur-Loir ont travaill\u00e9 sur les plan\u00e8tes et ont reproduit un sentier plan\u00e9taire dans leur cour d\u2019\u00e9cole.<\/h2>\n<p>&nbsp;<\/p>\n<p>Ils ne sont qu&#8217;une quinzaine dans le monde, et l\u2019un d\u2019entre eux se trouve dans la cour du <strong>coll\u00e8ge de Berc\u00e9<\/strong>, \u00e0 <strong>Montval-sur-Loir<\/strong>, dans la <strong>Sarthe<\/strong>. Les<strong> 90 \u00e9l\u00e8ves de 3<sup>\u00e8me<\/sup><\/strong> du coll\u00e8ge ont con\u00e7u un <strong>sentier plan\u00e9taire humain<\/strong> dans leur cour d\u2019\u00e9cole.<\/p>\n<blockquote><p>\u00ab\u00a0Ils ont commenc\u00e9 \u00e0 travailler dessus en septembre et viennent de le finaliser\u00a0\u00bb, informe Fabrice Beaudet, proviseur de la cit\u00e9 scolaire.<\/p><\/blockquote>\n<p>&nbsp;<\/p>\n<h3><strong>Un projet interdisciplinaire<\/strong><\/h3>\n<p>Un sentier plan\u00e9taire est tout simplement la <strong>repr\u00e9sentation \u00e0 l\u2019\u00e9chelle adapt\u00e9e du syst\u00e8me solaire<\/strong>.<\/p>\n<blockquote><p>\u00ab\u00a0C\u2019est un projet interdisciplinaire. Les maths et les sciences pour des raisons \u00e9videntes, et m\u00eame les arts plastiques pour la peinture au sol\u00a0\u00bb, explique Magalie Keradennec, professeur de math\u00e9matiques, \u00e0 l\u2019initiative de ce plan\u00e9taire.<\/p><\/blockquote>\n<p>Les professeurs et \u00e9l\u00e8ves ont b\u00e9n\u00e9fici\u00e9 de l\u2019aide d\u2019un <strong>astrophysicien<\/strong>,<strong> Emmanuel Rollinde<\/strong>, \u00e9galement professeur en didactique de la physique \u00e0 l\u2019universit\u00e9 de <a href=\"https:\/\/www.cyu.fr\/\">Cergy<\/a>.<\/p>\n<blockquote><p>\u00ab\u00a0Depuis 2017, nous faisons des formations sur les plan\u00e8tes, propos\u00e9es dans l\u2019ensemble de l\u2019acad\u00e9mie. Magalie Keradennec y participe, et nous avons d\u00e9cid\u00e9 de lancer ce projet au coll\u00e8ge de Berc\u00e9\u00a0\u00bb, pr\u00e9cise l\u2019astrophysicien.<\/p><\/blockquote>\n<p>&nbsp;<\/p>\n<h3><strong>Un apprentissage complexe<\/strong><\/h3>\n<p>Le plan\u00e9taire du coll\u00e8ge de Berc\u00e9 a donc \u00e9t\u00e9 reproduit \u00e0 l\u2019\u00e9chelle et est un plan\u00e9taire humain ; c&#8217;est-\u00e0-dire que les \u00e9l\u00e8ves peuvent incarner les plan\u00e8tes et suivent le mouvement de ces derni\u00e8res \u00e0 travers le syst\u00e8me solaire repr\u00e9sent\u00e9. L\u2019\u00e9chelle utilis\u00e9e est un m\u00e8tre pour 1 Unit\u00e9 Astronomique (UA). A savoir que <strong>1 UA correspond \u00e0 149 597 870 700 m\u00e8tres<\/strong>. Seulement.<\/p>\n<blockquote><p>\u00ab\u00a0C\u2019est extr\u00eamement compliqu\u00e9 de reproduire les plan\u00e8tes \u00e0 l\u2019\u00e9chelle. C\u2019est un apprentissage tr\u00e8s complexe. D\u2019ailleurs Saturne, Uranus et Nepture seront prochainement ajout\u00e9es. Elles ne sont pas encore repr\u00e9sent\u00e9es car en suivant cette \u00e9chelle, ces plan\u00e8tes d\u00e9passent la cour du coll\u00e8ge et se retrouvent sur la route \u00bb, continue le professeur. A l\u2019heure actuelle, ils manquent donc trois plan\u00e8tes,<\/p><\/blockquote>\n<p>Pratiquement toutes les orbites du corps du syst\u00e8me solaire sont repr\u00e9sent\u00e9es, et les positions illustr\u00e9es indiquent leur configuration au <strong>21 juin \u00e0 12h<\/strong>. Les \u00e9l\u00e8ves peuvent donc suivre leur mouvement en suivant les points de m\u00eame couleur en se d\u00e9pla\u00e7ant et incarnant les plan\u00e8tes.<\/p>\n<p>&nbsp;<\/p>\n<p>D\u00e8s l\u2019ann\u00e9e prochaine, les lyc\u00e9ens et \u00e9l\u00e8ves des \u00e9coles de Montval-sur-Loir pourront utiliser le plan\u00e9taire, pour un apprentissage approfondi pour les plus grands, et pour une d\u00e9couverte de notre syst\u00e8me solaire pour les plus petits.<\/p>\n<!-- AddThis Advanced Settings generic via filter on the_content --><!-- AddThis Share Buttons generic via filter on the_content -->","protected":false},"excerpt":{"rendered":"<p>Tout au long de leur ann\u00e9e scolaire, les \u00e9l\u00e8ves de 3\u00e8me du coll\u00e8ge de Berc\u00e9 \u00e0 Montval-sur-Loir ont travaill\u00e9 sur les plan\u00e8tes et ont reproduit un sentier plan\u00e9taire dans leur cour d\u2019\u00e9cole. &nbsp; Ils ne sont qu&#8217;une quinzaine dans le monde, et l\u2019un d\u2019entre eux se trouve dans la cour du coll\u00e8ge de Berc\u00e9, \u00e0&hellip;<!-- AddThis Advanced Settings generic via filter on get_the_excerpt --><!-- AddThis Share Buttons generic via filter on get_the_excerpt --><\/p>\n","protected":false},"author":4,"featured_media":10246,"comment_status":"closed","ping_status":"open","sticky":false,"template":"","format":"standard","meta":{"footnotes":""},"categories":[1],"tags":[],"class_list":["post-10244","post","type-post","status-publish","format-standard","has-post-thumbnail","hentry","category-contact-fm-72","category-1","description-off"],"yoast_head":"<!-- This site is optimized with the Yoast SEO plugin v27.4 - https:\/\/yoast.com\/product\/yoast-seo-wordpress\/ -->\n<title>Sentier plan\u00e9taire. Les coll\u00e9giens ont la t\u00eate dans les \u00e9toiles - Contact FM 99.3<\/title>\n<meta name=\"robots\" content=\"index, follow, max-snippet:-1, max-image-preview:large, max-video-preview:-1\" \/>\n<link rel=\"canonical\" href=\"https:\/\/contactfm72.fr\/?p=10244\" \/>\n<meta property=\"og:locale\" content=\"fr_FR\" \/>\n<meta property=\"og:type\" content=\"article\" \/>\n<meta property=\"og:title\" content=\"Sentier plan\u00e9taire. Les coll\u00e9giens ont la t\u00eate dans les \u00e9toiles - Contact FM 99.3\" \/>\n<meta property=\"og:description\" content=\"Tout au long de leur ann\u00e9e scolaire, les \u00e9l\u00e8ves de 3\u00e8me du coll\u00e8ge de Berc\u00e9 \u00e0 Montval-sur-Loir ont travaill\u00e9 sur les plan\u00e8tes et ont reproduit un sentier plan\u00e9taire dans leur cour d\u2019\u00e9cole. &nbsp; Ils ne sont qu&#8217;une quinzaine dans le monde, et l\u2019un d\u2019entre eux se trouve dans la cour du coll\u00e8ge de Berc\u00e9, \u00e0&hellip;\" \/>\n<meta property=\"og:url\" content=\"https:\/\/contactfm72.fr\/?p=10244\" \/>\n<meta property=\"og:site_name\" content=\"Contact FM 99.3\" \/>\n<meta property=\"article:publisher\" content=\"https:\/\/www.facebook.com\/Contactfm.Chateauduloir\" \/>\n<meta property=\"article:published_time\" content=\"2022-06-14T13:30:08+00:00\" \/>\n<meta property=\"article:modified_time\" content=\"2022-06-15T12:52:50+00:00\" \/>\n<meta property=\"og:image\" content=\"https:\/\/contactfm72.fr\/wp-content\/uploads\/2022\/06\/berc\u00e9-plan\u00e8te.jpg\" \/>\n\t<meta property=\"og:image:width\" content=\"828\" \/>\n\t<meta property=\"og:image:height\" content=\"621\" \/>\n\t<meta property=\"og:image:type\" content=\"image\/jpeg\" \/>\n<meta name=\"author\" content=\"Val\u00e9rie C.\" \/>\n<meta name=\"twitter:card\" content=\"summary_large_image\" \/>\n<meta name=\"twitter:creator\" content=\"@contactfm72\" \/>\n<meta name=\"twitter:site\" content=\"@contactfm72\" \/>\n<meta name=\"twitter:label1\" content=\"\u00c9crit par\" \/>\n\t<meta name=\"twitter:data1\" content=\"Val\u00e9rie C.\" \/>\n\t<meta name=\"twitter:label2\" content=\"Dur\u00e9e de lecture estim\u00e9e\" \/>\n\t<meta name=\"twitter:data2\" content=\"2 minutes\" \/>\n<script type=\"application\/ld+json\" class=\"yoast-schema-graph\">{\"@context\":\"https:\\\/\\\/schema.org\",\"@graph\":[{\"@type\":\"Article\",\"@id\":\"https:\\\/\\\/contactfm72.fr\\\/?p=10244#article\",\"isPartOf\":{\"@id\":\"https:\\\/\\\/contactfm72.fr\\\/?p=10244\"},\"author\":{\"name\":\"Val\u00e9rie C.\",\"@id\":\"https:\\\/\\\/contactfm72.fr\\\/#\\\/schema\\\/person\\\/9fdc9d1c2eb029354a4f1535b90ba82d\"},\"headline\":\"Sentier plan\u00e9taire. Les coll\u00e9giens ont la t\u00eate dans les \u00e9toiles\",\"datePublished\":\"2022-06-14T13:30:08+00:00\",\"dateModified\":\"2022-06-15T12:52:50+00:00\",\"mainEntityOfPage\":{\"@id\":\"https:\\\/\\\/contactfm72.fr\\\/?p=10244\"},\"wordCount\":486,\"publisher\":{\"@id\":\"https:\\\/\\\/contactfm72.fr\\\/#organization\"},\"image\":{\"@id\":\"https:\\\/\\\/contactfm72.fr\\\/?p=10244#primaryimage\"},\"thumbnailUrl\":\"https:\\\/\\\/contactfm72.fr\\\/wp-content\\\/uploads\\\/2022\\\/06\\\/berc\u00e9-plan\u00e8te.jpg\",\"articleSection\":[\"Contact FM 72\"],\"inLanguage\":\"fr-FR\"},{\"@type\":\"WebPage\",\"@id\":\"https:\\\/\\\/contactfm72.fr\\\/?p=10244\",\"url\":\"https:\\\/\\\/contactfm72.fr\\\/?p=10244\",\"name\":\"Sentier plan\u00e9taire. Les coll\u00e9giens ont la t\u00eate dans les \u00e9toiles - Contact FM 99.3\",\"isPartOf\":{\"@id\":\"https:\\\/\\\/contactfm72.fr\\\/#website\"},\"primaryImageOfPage\":{\"@id\":\"https:\\\/\\\/contactfm72.fr\\\/?p=10244#primaryimage\"},\"image\":{\"@id\":\"https:\\\/\\\/contactfm72.fr\\\/?p=10244#primaryimage\"},\"thumbnailUrl\":\"https:\\\/\\\/contactfm72.fr\\\/wp-content\\\/uploads\\\/2022\\\/06\\\/berc\u00e9-plan\u00e8te.jpg\",\"datePublished\":\"2022-06-14T13:30:08+00:00\",\"dateModified\":\"2022-06-15T12:52:50+00:00\",\"breadcrumb\":{\"@id\":\"https:\\\/\\\/contactfm72.fr\\\/?p=10244#breadcrumb\"},\"inLanguage\":\"fr-FR\",\"potentialAction\":[{\"@type\":\"ReadAction\",\"target\":[\"https:\\\/\\\/contactfm72.fr\\\/?p=10244\"]}]},{\"@type\":\"ImageObject\",\"inLanguage\":\"fr-FR\",\"@id\":\"https:\\\/\\\/contactfm72.fr\\\/?p=10244#primaryimage\",\"url\":\"https:\\\/\\\/contactfm72.fr\\\/wp-content\\\/uploads\\\/2022\\\/06\\\/berc\u00e9-plan\u00e8te.jpg\",\"contentUrl\":\"https:\\\/\\\/contactfm72.fr\\\/wp-content\\\/uploads\\\/2022\\\/06\\\/berc\u00e9-plan\u00e8te.jpg\",\"width\":828,\"height\":621,\"caption\":\"Lors de l'inauguration du sentier plan\u00e9taire des \u00e9l\u00e8ves de 3\u00e8me du coll\u00e8ge de Berc\u00e9 de Montval-sur-Loir, le lundi 13 juin.\"},{\"@type\":\"BreadcrumbList\",\"@id\":\"https:\\\/\\\/contactfm72.fr\\\/?p=10244#breadcrumb\",\"itemListElement\":[{\"@type\":\"ListItem\",\"position\":1,\"name\":\"Accueil\",\"item\":\"https:\\\/\\\/contactfm72.fr\\\/\"},{\"@type\":\"ListItem\",\"position\":2,\"name\":\"Sentier plan\u00e9taire. Les coll\u00e9giens ont la t\u00eate dans les \u00e9toiles\"}]},{\"@type\":\"WebSite\",\"@id\":\"https:\\\/\\\/contactfm72.fr\\\/#website\",\"url\":\"https:\\\/\\\/contactfm72.fr\\\/\",\"name\":\"Contact FM 99.3\",\"description\":\"Votre radio en vall\u00e9e du Loir\",\"publisher\":{\"@id\":\"https:\\\/\\\/contactfm72.fr\\\/#organization\"},\"potentialAction\":[{\"@type\":\"SearchAction\",\"target\":{\"@type\":\"EntryPoint\",\"urlTemplate\":\"https:\\\/\\\/contactfm72.fr\\\/?s={search_term_string}\"},\"query-input\":{\"@type\":\"PropertyValueSpecification\",\"valueRequired\":true,\"valueName\":\"search_term_string\"}}],\"inLanguage\":\"fr-FR\"},{\"@type\":\"Organization\",\"@id\":\"https:\\\/\\\/contactfm72.fr\\\/#organization\",\"name\":\"Contact FM 99.3\",\"url\":\"https:\\\/\\\/contactfm72.fr\\\/\",\"logo\":{\"@type\":\"ImageObject\",\"inLanguage\":\"fr-FR\",\"@id\":\"https:\\\/\\\/contactfm72.fr\\\/#\\\/schema\\\/logo\\\/image\\\/\",\"url\":\"https:\\\/\\\/contactfm72.fr\\\/wp-content\\\/uploads\\\/2025\\\/04\\\/2025-04-18-2.jpg\",\"contentUrl\":\"https:\\\/\\\/contactfm72.fr\\\/wp-content\\\/uploads\\\/2025\\\/04\\\/2025-04-18-2.jpg\",\"width\":680,\"height\":307,\"caption\":\"Contact FM 99.3\"},\"image\":{\"@id\":\"https:\\\/\\\/contactfm72.fr\\\/#\\\/schema\\\/logo\\\/image\\\/\"},\"sameAs\":[\"https:\\\/\\\/www.facebook.com\\\/Contactfm.Chateauduloir\",\"https:\\\/\\\/x.com\\\/contactfm72\",\"https:\\\/\\\/www.instagram.com\\\/contact.fm.72?igsh=cGhlMHQ5N2JlNnpp\",\"https:\\\/\\\/www.tiktok.com\\\/@contact.fm\"]},{\"@type\":\"Person\",\"@id\":\"https:\\\/\\\/contactfm72.fr\\\/#\\\/schema\\\/person\\\/9fdc9d1c2eb029354a4f1535b90ba82d\",\"name\":\"Val\u00e9rie C.\",\"image\":{\"@type\":\"ImageObject\",\"inLanguage\":\"fr-FR\",\"@id\":\"https:\\\/\\\/secure.gravatar.com\\\/avatar\\\/2f8aa28f8dfbd7d4420afd1fdcdd0a349923e2c8a38ab28198b0f9d0601e4737?s=96&d=mm&r=g\",\"url\":\"https:\\\/\\\/secure.gravatar.com\\\/avatar\\\/2f8aa28f8dfbd7d4420afd1fdcdd0a349923e2c8a38ab28198b0f9d0601e4737?s=96&d=mm&r=g\",\"contentUrl\":\"https:\\\/\\\/secure.gravatar.com\\\/avatar\\\/2f8aa28f8dfbd7d4420afd1fdcdd0a349923e2c8a38ab28198b0f9d0601e4737?s=96&d=mm&r=g\",\"caption\":\"Val\u00e9rie C.\"},\"url\":\"https:\\\/\\\/contactfm72.fr\\\/?author=4\"}]}<\/script>\n<!-- \/ Yoast SEO plugin. -->","yoast_head_json":{"title":"Sentier plan\u00e9taire. Les coll\u00e9giens ont la t\u00eate dans les \u00e9toiles - Contact FM 99.3","robots":{"index":"index","follow":"follow","max-snippet":"max-snippet:-1","max-image-preview":"max-image-preview:large","max-video-preview":"max-video-preview:-1"},"canonical":"https:\/\/contactfm72.fr\/?p=10244","og_locale":"fr_FR","og_type":"article","og_title":"Sentier plan\u00e9taire. Les coll\u00e9giens ont la t\u00eate dans les \u00e9toiles - Contact FM 99.3","og_description":"Tout au long de leur ann\u00e9e scolaire, les \u00e9l\u00e8ves de 3\u00e8me du coll\u00e8ge de Berc\u00e9 \u00e0 Montval-sur-Loir ont travaill\u00e9 sur les plan\u00e8tes et ont reproduit un sentier plan\u00e9taire dans leur cour d\u2019\u00e9cole. &nbsp; Ils ne sont qu&#8217;une quinzaine dans le monde, et l\u2019un d\u2019entre eux se trouve dans la cour du coll\u00e8ge de Berc\u00e9, \u00e0&hellip;","og_url":"https:\/\/contactfm72.fr\/?p=10244","og_site_name":"Contact FM 99.3","article_publisher":"https:\/\/www.facebook.com\/Contactfm.Chateauduloir","article_published_time":"2022-06-14T13:30:08+00:00","article_modified_time":"2022-06-15T12:52:50+00:00","og_image":[{"width":828,"height":621,"url":"https:\/\/contactfm72.fr\/wp-content\/uploads\/2022\/06\/berc\u00e9-plan\u00e8te.jpg","type":"image\/jpeg"}],"author":"Val\u00e9rie C.","twitter_card":"summary_large_image","twitter_creator":"@contactfm72","twitter_site":"@contactfm72","twitter_misc":{"\u00c9crit par":"Val\u00e9rie C.","Dur\u00e9e de lecture estim\u00e9e":"2 minutes"},"schema":{"@context":"https:\/\/schema.org","@graph":[{"@type":"Article","@id":"https:\/\/contactfm72.fr\/?p=10244#article","isPartOf":{"@id":"https:\/\/contactfm72.fr\/?p=10244"},"author":{"name":"Val\u00e9rie C.","@id":"https:\/\/contactfm72.fr\/#\/schema\/person\/9fdc9d1c2eb029354a4f1535b90ba82d"},"headline":"Sentier plan\u00e9taire. Les coll\u00e9giens ont la t\u00eate dans les \u00e9toiles","datePublished":"2022-06-14T13:30:08+00:00","dateModified":"2022-06-15T12:52:50+00:00","mainEntityOfPage":{"@id":"https:\/\/contactfm72.fr\/?p=10244"},"wordCount":486,"publisher":{"@id":"https:\/\/contactfm72.fr\/#organization"},"image":{"@id":"https:\/\/contactfm72.fr\/?p=10244#primaryimage"},"thumbnailUrl":"https:\/\/contactfm72.fr\/wp-content\/uploads\/2022\/06\/berc\u00e9-plan\u00e8te.jpg","articleSection":["Contact FM 72"],"inLanguage":"fr-FR"},{"@type":"WebPage","@id":"https:\/\/contactfm72.fr\/?p=10244","url":"https:\/\/contactfm72.fr\/?p=10244","name":"Sentier plan\u00e9taire. Les coll\u00e9giens ont la t\u00eate dans les \u00e9toiles - Contact FM 99.3","isPartOf":{"@id":"https:\/\/contactfm72.fr\/#website"},"primaryImageOfPage":{"@id":"https:\/\/contactfm72.fr\/?p=10244#primaryimage"},"image":{"@id":"https:\/\/contactfm72.fr\/?p=10244#primaryimage"},"thumbnailUrl":"https:\/\/contactfm72.fr\/wp-content\/uploads\/2022\/06\/berc\u00e9-plan\u00e8te.jpg","datePublished":"2022-06-14T13:30:08+00:00","dateModified":"2022-06-15T12:52:50+00:00","breadcrumb":{"@id":"https:\/\/contactfm72.fr\/?p=10244#breadcrumb"},"inLanguage":"fr-FR","potentialAction":[{"@type":"ReadAction","target":["https:\/\/contactfm72.fr\/?p=10244"]}]},{"@type":"ImageObject","inLanguage":"fr-FR","@id":"https:\/\/contactfm72.fr\/?p=10244#primaryimage","url":"https:\/\/contactfm72.fr\/wp-content\/uploads\/2022\/06\/berc\u00e9-plan\u00e8te.jpg","contentUrl":"https:\/\/contactfm72.fr\/wp-content\/uploads\/2022\/06\/berc\u00e9-plan\u00e8te.jpg","width":828,"height":621,"caption":"Lors de l'inauguration du sentier plan\u00e9taire des \u00e9l\u00e8ves de 3\u00e8me du coll\u00e8ge de Berc\u00e9 de Montval-sur-Loir, le lundi 13 juin."},{"@type":"BreadcrumbList","@id":"https:\/\/contactfm72.fr\/?p=10244#breadcrumb","itemListElement":[{"@type":"ListItem","position":1,"name":"Accueil","item":"https:\/\/contactfm72.fr\/"},{"@type":"ListItem","position":2,"name":"Sentier plan\u00e9taire. Les coll\u00e9giens ont la t\u00eate dans les \u00e9toiles"}]},{"@type":"WebSite","@id":"https:\/\/contactfm72.fr\/#website","url":"https:\/\/contactfm72.fr\/","name":"Contact FM 99.3","description":"Votre radio en vall\u00e9e du Loir","publisher":{"@id":"https:\/\/contactfm72.fr\/#organization"},"potentialAction":[{"@type":"SearchAction","target":{"@type":"EntryPoint","urlTemplate":"https:\/\/contactfm72.fr\/?s={search_term_string}"},"query-input":{"@type":"PropertyValueSpecification","valueRequired":true,"valueName":"search_term_string"}}],"inLanguage":"fr-FR"},{"@type":"Organization","@id":"https:\/\/contactfm72.fr\/#organization","name":"Contact FM 99.3","url":"https:\/\/contactfm72.fr\/","logo":{"@type":"ImageObject","inLanguage":"fr-FR","@id":"https:\/\/contactfm72.fr\/#\/schema\/logo\/image\/","url":"https:\/\/contactfm72.fr\/wp-content\/uploads\/2025\/04\/2025-04-18-2.jpg","contentUrl":"https:\/\/contactfm72.fr\/wp-content\/uploads\/2025\/04\/2025-04-18-2.jpg","width":680,"height":307,"caption":"Contact FM 99.3"},"image":{"@id":"https:\/\/contactfm72.fr\/#\/schema\/logo\/image\/"},"sameAs":["https:\/\/www.facebook.com\/Contactfm.Chateauduloir","https:\/\/x.com\/contactfm72","https:\/\/www.instagram.com\/contact.fm.72?igsh=cGhlMHQ5N2JlNnpp","https:\/\/www.tiktok.com\/@contact.fm"]},{"@type":"Person","@id":"https:\/\/contactfm72.fr\/#\/schema\/person\/9fdc9d1c2eb029354a4f1535b90ba82d","name":"Val\u00e9rie C.","image":{"@type":"ImageObject","inLanguage":"fr-FR","@id":"https:\/\/secure.gravatar.com\/avatar\/2f8aa28f8dfbd7d4420afd1fdcdd0a349923e2c8a38ab28198b0f9d0601e4737?s=96&d=mm&r=g","url":"https:\/\/secure.gravatar.com\/avatar\/2f8aa28f8dfbd7d4420afd1fdcdd0a349923e2c8a38ab28198b0f9d0601e4737?s=96&d=mm&r=g","contentUrl":"https:\/\/secure.gravatar.com\/avatar\/2f8aa28f8dfbd7d4420afd1fdcdd0a349923e2c8a38ab28198b0f9d0601e4737?s=96&d=mm&r=g","caption":"Val\u00e9rie C."},"url":"https:\/\/contactfm72.fr\/?author=4"}]}},"_links":{"self":[{"href":"https:\/\/contactfm72.fr\/index.php?rest_route=\/wp\/v2\/posts\/10244","targetHints":{"allow":["GET"]}}],"collection":[{"href":"https:\/\/contactfm72.fr\/index.php?rest_route=\/wp\/v2\/posts"}],"about":[{"href":"https:\/\/contactfm72.fr\/index.php?rest_route=\/wp\/v2\/types\/post"}],"author":[{"embeddable":true,"href":"https:\/\/contactfm72.fr\/index.php?rest_route=\/wp\/v2\/users\/4"}],"replies":[{"embeddable":true,"href":"https:\/\/contactfm72.fr\/index.php?rest_route=%2Fwp%2Fv2%2Fcomments&post=10244"}],"version-history":[{"count":3,"href":"https:\/\/contactfm72.fr\/index.php?rest_route=\/wp\/v2\/posts\/10244\/revisions"}],"predecessor-version":[{"id":10266,"href":"https:\/\/contactfm72.fr\/index.php?rest_route=\/wp\/v2\/posts\/10244\/revisions\/10266"}],"wp:featuredmedia":[{"embeddable":true,"href":"https:\/\/contactfm72.fr\/index.php?rest_route=\/wp\/v2\/media\/10246"}],"wp:attachment":[{"href":"https:\/\/contactfm72.fr\/index.php?rest_route=%2Fwp%2Fv2%2Fmedia&parent=10244"}],"wp:term":[{"taxonomy":"category","embeddable":true,"href":"https:\/\/contactfm72.fr\/index.php?rest_route=%2Fwp%2Fv2%2Fcategories&post=10244"},{"taxonomy":"post_tag","embeddable":true,"href":"https:\/\/contactfm72.fr\/index.php?rest_route=%2Fwp%2Fv2%2Ftags&post=10244"}],"curies":[{"name":"wp","href":"https:\/\/api.w.org\/{rel}","templated":true}]}}