{"id":10233,"date":"2022-06-14T10:30:28","date_gmt":"2022-06-14T08:30:28","guid":{"rendered":"http:\/\/contactfm72.fr\/?p=10233"},"modified":"2022-06-13T16:48:00","modified_gmt":"2022-06-13T14:48:00","slug":"inauguration-une-nouvelle-salle-pour-les-grimpeurs","status":"publish","type":"post","link":"https:\/\/contactfm72.fr\/?p=10233","title":{"rendered":"Inauguration. Une nouvelle salle pour les grimpeurs"},"content":{"rendered":"<h2>Samedi 11 juin, la municipalit\u00e9 montvaloise a officiellement inaugur\u00e9 la salle de bloc autoport\u00e9e dans les locaux de la salle Orion, un nouveau terrain de jeu pour la Section Escalade et Sports d&#8217;Aventure (SESA) du COC, et pas que.<\/h2>\n<p>&nbsp;<\/p>\n<p>&nbsp;<\/p>\n<p>C&#8217;est un dossier qui date de 2015 alors m\u00eame que le club ne f\u00eatait que ses trois ans d&#8217;existence. Une <strong>nouvelle salle <\/strong>a \u00e9t\u00e9 ajout\u00e9e au complexe d&#8217;escalade, dans la salle <strong>Orion de Montval-sur-Loir<\/strong>, dans la <strong>Sarthe<\/strong>.<\/p>\n<p>&nbsp;<\/p>\n<h3>De longues ann\u00e9es d&#8217;attente<\/h3>\n<p>\u00ab En 2015, la municipalit\u00e9 de l&#8217;\u00e9poque a re\u00e7u un courrier de la SESA demandant l&#8217;extension de sa salle d&#8217;escalade en ajoutant une salle de bloc. Cette demande a \u00e9t\u00e9 appuy\u00e9e par les professeurs d&#8217;EPS des \u00e9tablissements scolaires \u00bb, informe Annie Faisandel, adjointe aux sports.<\/p>\n<p>Apr\u00e8s de longs \u00e9changes, il a \u00e9t\u00e9 d\u00e9cid\u00e9 de lancer la cr\u00e9ation de la salle de bloc qui s&#8217;av\u00e8re \u00eatre b\u00e9n\u00e9fique tant pour la <strong>fr\u00e9quentation du club<\/strong> mais aussi pour la <strong>diversit\u00e9 de son offre<\/strong>, en 2017, \u00e0 condition que l&#8217;Etat octroie une subvention \u00e0 ce projet. Accord\u00e9e en 2020, les travaux de la salle de bloc ont \u00e9t\u00e9 r\u00e9alis\u00e9s \u00e0 la fin de l&#8217;\u00e9t\u00e9 2021, et ont dur\u00e9 quatre semaines.<\/p>\n<blockquote><p>\u00ab Cette salle n&#8217;est pas seulement utilis\u00e9e par le club d&#8217;escalade, mais aussi par les scolaires, et par les jeunes de la Protection Judiciaire de la Jeunesse du Mans avec qui nous avions sign\u00e9 une convention \u00bb, continue l&#8217;\u00e9lue.<\/p><\/blockquote>\n<p>&nbsp;<\/p>\n<h3>Un autre type de grimpe<\/h3>\n<p>La premi\u00e8re salle d&#8217;escalade permet la grimpe en cordes. Une salle de <strong>huit m\u00e8tres de haut<\/strong>, riche de <strong>3000 prises<\/strong>, qui comporte plusieurs couleurs de niveaux diff\u00e9rents avec, \u00e0 chaque fois, trois \u00e0 cinq voies. La salle de bloc est bien plus petite, avec seulement<strong> quatre m\u00e8tres de haut<\/strong>, mais ne pr\u00e9sente pas le syst\u00e8me de s\u00e9curit\u00e9 avec cordes :<\/p>\n<blockquote><p>\u00ab Ce sont des prises plus sp\u00e9cifiques, sans corde, qui permet la grimpe libre. Le tapis de s\u00e9curit\u00e9 est bien plus \u00e9pais, avec 40cm contre 5 \u00e0 10cm pour la premi\u00e8re salle. C&#8217;est une pratique que la f\u00e9d\u00e9ration veut d\u00e9velopper \u00bb, explique le pr\u00e9sident du club, Baptiste Pigale.<\/p><\/blockquote>\n<p>Pour la r\u00e9alisation de cette salle, la commune de Montval-sur-Loir a b\u00e9n\u00e9fici\u00e9 d&#8217;une <strong>subvention DETR \u00e0 hauteur de 14.000 euros<\/strong> et a pr\u00e9sent\u00e9 un co\u00fbt de reste \u00e0 charge de <strong>50.105 euros<\/strong>.<\/p>\n<p>&nbsp;<\/p>\n<h3>Un club qui n&#8217;a pas connu la crise<\/h3>\n<p>Cette ann\u00e9e, le club f\u00eate ses<strong> 10 ans d&#8217;existence<\/strong>. Patrick Derr\u00e9, qui est \u00e0 l&#8217;origine de la cr\u00e9ation de l&#8217;\u00e9cole d&#8217;escalade, a alors commenc\u00e9 la pratique avec seulement six \u00e9l\u00e8ves. \u00ab Je les emmenais \u00e0 Pontvallain \u00bb, se souvient le grimpeur. Aujourd&#8217;hui, ils sont plus d&#8217;une soixantaine, et le club compte 110 adh\u00e9rents dans ses rangs. \u00ab On a eu une toute petite baisse d&#8217;adh\u00e9rents avec la crise, mais on s&#8217;est vite relev\u00e9 \u00bb, termine le pr\u00e9sident. Le club organise plusieurs sorties en ext\u00e9rieur pour r\u00e9ellement s&#8217;exercer en conditions. Le 25 juin, le club se rendra \u00e0 Sill\u00e9-le-Guillaume.<\/p>\n<p>&nbsp;<\/p>\n<p>L&#8217;interview d&#8217;Anthony Jeanneau, vice-pr\u00e9sident du club, est \u00e0 retrouver sur ce <a href=\"http:\/\/contactfm72.fr\/?p=10151\">lien<\/a>.<\/p>\n<p>&nbsp;<\/p>\n<p>&nbsp;<\/p>\n<h5>Pour plus d&#8217;informations : https:\/\/www.facebook.com\/sesa.cdl<\/h5>\n<!-- AddThis Advanced Settings generic via filter on the_content --><!-- AddThis Share Buttons generic via filter on the_content -->","protected":false},"excerpt":{"rendered":"<p>Samedi 11 juin, la municipalit\u00e9 montvaloise a officiellement inaugur\u00e9 la salle de bloc autoport\u00e9e dans les locaux de la salle Orion, un nouveau terrain de jeu pour la Section Escalade et Sports d&#8217;Aventure (SESA) du COC, et pas que. &nbsp; &nbsp; C&#8217;est un dossier qui date de 2015 alors m\u00eame que le club ne f\u00eatait&hellip;<!-- AddThis Advanced Settings generic via filter on get_the_excerpt --><!-- AddThis Share Buttons generic via filter on get_the_excerpt --><\/p>\n","protected":false},"author":4,"featured_media":10234,"comment_status":"closed","ping_status":"open","sticky":false,"template":"","format":"standard","meta":{"footnotes":""},"categories":[1],"tags":[],"class_list":["post-10233","post","type-post","status-publish","format-standard","has-post-thumbnail","hentry","category-contact-fm-72","category-1","description-off"],"yoast_head":"<!-- This site is optimized with the Yoast SEO plugin v27.4 - https:\/\/yoast.com\/product\/yoast-seo-wordpress\/ -->\n<title>Inauguration. Une nouvelle salle pour les grimpeurs - Contact FM 99.3<\/title>\n<meta name=\"robots\" content=\"index, follow, max-snippet:-1, max-image-preview:large, max-video-preview:-1\" \/>\n<link rel=\"canonical\" href=\"https:\/\/contactfm72.fr\/?p=10233\" \/>\n<meta property=\"og:locale\" content=\"fr_FR\" \/>\n<meta property=\"og:type\" content=\"article\" \/>\n<meta property=\"og:title\" content=\"Inauguration. Une nouvelle salle pour les grimpeurs - Contact FM 99.3\" \/>\n<meta property=\"og:description\" content=\"Samedi 11 juin, la municipalit\u00e9 montvaloise a officiellement inaugur\u00e9 la salle de bloc autoport\u00e9e dans les locaux de la salle Orion, un nouveau terrain de jeu pour la Section Escalade et Sports d&#8217;Aventure (SESA) du COC, et pas que. &nbsp; &nbsp; C&#8217;est un dossier qui date de 2015 alors m\u00eame que le club ne f\u00eatait&hellip;\" \/>\n<meta property=\"og:url\" content=\"https:\/\/contactfm72.fr\/?p=10233\" \/>\n<meta property=\"og:site_name\" content=\"Contact FM 99.3\" \/>\n<meta property=\"article:publisher\" content=\"https:\/\/www.facebook.com\/Contactfm.Chateauduloir\" \/>\n<meta property=\"article:published_time\" content=\"2022-06-14T08:30:28+00:00\" \/>\n<meta property=\"og:image\" content=\"https:\/\/contactfm72.fr\/wp-content\/uploads\/2022\/06\/inauguration-bloc.jpg\" \/>\n\t<meta property=\"og:image:width\" content=\"2048\" \/>\n\t<meta property=\"og:image:height\" content=\"1536\" \/>\n\t<meta property=\"og:image:type\" content=\"image\/jpeg\" \/>\n<meta name=\"author\" content=\"Val\u00e9rie C.\" \/>\n<meta name=\"twitter:card\" content=\"summary_large_image\" \/>\n<meta name=\"twitter:creator\" content=\"@contactfm72\" \/>\n<meta name=\"twitter:site\" content=\"@contactfm72\" \/>\n<meta name=\"twitter:label1\" content=\"\u00c9crit par\" \/>\n\t<meta name=\"twitter:data1\" content=\"Val\u00e9rie C.\" \/>\n\t<meta name=\"twitter:label2\" content=\"Dur\u00e9e de lecture estim\u00e9e\" \/>\n\t<meta name=\"twitter:data2\" content=\"3 minutes\" \/>\n<script type=\"application\/ld+json\" class=\"yoast-schema-graph\">{\"@context\":\"https:\\\/\\\/schema.org\",\"@graph\":[{\"@type\":\"Article\",\"@id\":\"https:\\\/\\\/contactfm72.fr\\\/?p=10233#article\",\"isPartOf\":{\"@id\":\"https:\\\/\\\/contactfm72.fr\\\/?p=10233\"},\"author\":{\"name\":\"Val\u00e9rie C.\",\"@id\":\"https:\\\/\\\/contactfm72.fr\\\/#\\\/schema\\\/person\\\/9fdc9d1c2eb029354a4f1535b90ba82d\"},\"headline\":\"Inauguration. Une nouvelle salle pour les grimpeurs\",\"datePublished\":\"2022-06-14T08:30:28+00:00\",\"mainEntityOfPage\":{\"@id\":\"https:\\\/\\\/contactfm72.fr\\\/?p=10233\"},\"wordCount\":565,\"publisher\":{\"@id\":\"https:\\\/\\\/contactfm72.fr\\\/#organization\"},\"image\":{\"@id\":\"https:\\\/\\\/contactfm72.fr\\\/?p=10233#primaryimage\"},\"thumbnailUrl\":\"https:\\\/\\\/contactfm72.fr\\\/wp-content\\\/uploads\\\/2022\\\/06\\\/inauguration-bloc.jpg\",\"articleSection\":[\"Contact FM 72\"],\"inLanguage\":\"fr-FR\"},{\"@type\":\"WebPage\",\"@id\":\"https:\\\/\\\/contactfm72.fr\\\/?p=10233\",\"url\":\"https:\\\/\\\/contactfm72.fr\\\/?p=10233\",\"name\":\"Inauguration. Une nouvelle salle pour les grimpeurs - Contact FM 99.3\",\"isPartOf\":{\"@id\":\"https:\\\/\\\/contactfm72.fr\\\/#website\"},\"primaryImageOfPage\":{\"@id\":\"https:\\\/\\\/contactfm72.fr\\\/?p=10233#primaryimage\"},\"image\":{\"@id\":\"https:\\\/\\\/contactfm72.fr\\\/?p=10233#primaryimage\"},\"thumbnailUrl\":\"https:\\\/\\\/contactfm72.fr\\\/wp-content\\\/uploads\\\/2022\\\/06\\\/inauguration-bloc.jpg\",\"datePublished\":\"2022-06-14T08:30:28+00:00\",\"breadcrumb\":{\"@id\":\"https:\\\/\\\/contactfm72.fr\\\/?p=10233#breadcrumb\"},\"inLanguage\":\"fr-FR\",\"potentialAction\":[{\"@type\":\"ReadAction\",\"target\":[\"https:\\\/\\\/contactfm72.fr\\\/?p=10233\"]}]},{\"@type\":\"ImageObject\",\"inLanguage\":\"fr-FR\",\"@id\":\"https:\\\/\\\/contactfm72.fr\\\/?p=10233#primaryimage\",\"url\":\"https:\\\/\\\/contactfm72.fr\\\/wp-content\\\/uploads\\\/2022\\\/06\\\/inauguration-bloc.jpg\",\"contentUrl\":\"https:\\\/\\\/contactfm72.fr\\\/wp-content\\\/uploads\\\/2022\\\/06\\\/inauguration-bloc.jpg\",\"width\":2048,\"height\":1536,\"caption\":\"Lors de l'inauguration officielle de la salle de bloc en pr\u00e9sence des \u00e9lus et des membres du club, le samedi 11 juin.\"},{\"@type\":\"BreadcrumbList\",\"@id\":\"https:\\\/\\\/contactfm72.fr\\\/?p=10233#breadcrumb\",\"itemListElement\":[{\"@type\":\"ListItem\",\"position\":1,\"name\":\"Accueil\",\"item\":\"https:\\\/\\\/contactfm72.fr\\\/\"},{\"@type\":\"ListItem\",\"position\":2,\"name\":\"Inauguration. Une nouvelle salle pour les grimpeurs\"}]},{\"@type\":\"WebSite\",\"@id\":\"https:\\\/\\\/contactfm72.fr\\\/#website\",\"url\":\"https:\\\/\\\/contactfm72.fr\\\/\",\"name\":\"Contact FM 99.3\",\"description\":\"Votre radio en vall\u00e9e du Loir\",\"publisher\":{\"@id\":\"https:\\\/\\\/contactfm72.fr\\\/#organization\"},\"potentialAction\":[{\"@type\":\"SearchAction\",\"target\":{\"@type\":\"EntryPoint\",\"urlTemplate\":\"https:\\\/\\\/contactfm72.fr\\\/?s={search_term_string}\"},\"query-input\":{\"@type\":\"PropertyValueSpecification\",\"valueRequired\":true,\"valueName\":\"search_term_string\"}}],\"inLanguage\":\"fr-FR\"},{\"@type\":\"Organization\",\"@id\":\"https:\\\/\\\/contactfm72.fr\\\/#organization\",\"name\":\"Contact FM 99.3\",\"url\":\"https:\\\/\\\/contactfm72.fr\\\/\",\"logo\":{\"@type\":\"ImageObject\",\"inLanguage\":\"fr-FR\",\"@id\":\"https:\\\/\\\/contactfm72.fr\\\/#\\\/schema\\\/logo\\\/image\\\/\",\"url\":\"https:\\\/\\\/contactfm72.fr\\\/wp-content\\\/uploads\\\/2025\\\/04\\\/2025-04-18-2.jpg\",\"contentUrl\":\"https:\\\/\\\/contactfm72.fr\\\/wp-content\\\/uploads\\\/2025\\\/04\\\/2025-04-18-2.jpg\",\"width\":680,\"height\":307,\"caption\":\"Contact FM 99.3\"},\"image\":{\"@id\":\"https:\\\/\\\/contactfm72.fr\\\/#\\\/schema\\\/logo\\\/image\\\/\"},\"sameAs\":[\"https:\\\/\\\/www.facebook.com\\\/Contactfm.Chateauduloir\",\"https:\\\/\\\/x.com\\\/contactfm72\",\"https:\\\/\\\/www.instagram.com\\\/contact.fm.72?igsh=cGhlMHQ5N2JlNnpp\",\"https:\\\/\\\/www.tiktok.com\\\/@contact.fm\"]},{\"@type\":\"Person\",\"@id\":\"https:\\\/\\\/contactfm72.fr\\\/#\\\/schema\\\/person\\\/9fdc9d1c2eb029354a4f1535b90ba82d\",\"name\":\"Val\u00e9rie C.\",\"image\":{\"@type\":\"ImageObject\",\"inLanguage\":\"fr-FR\",\"@id\":\"https:\\\/\\\/secure.gravatar.com\\\/avatar\\\/2f8aa28f8dfbd7d4420afd1fdcdd0a349923e2c8a38ab28198b0f9d0601e4737?s=96&d=mm&r=g\",\"url\":\"https:\\\/\\\/secure.gravatar.com\\\/avatar\\\/2f8aa28f8dfbd7d4420afd1fdcdd0a349923e2c8a38ab28198b0f9d0601e4737?s=96&d=mm&r=g\",\"contentUrl\":\"https:\\\/\\\/secure.gravatar.com\\\/avatar\\\/2f8aa28f8dfbd7d4420afd1fdcdd0a349923e2c8a38ab28198b0f9d0601e4737?s=96&d=mm&r=g\",\"caption\":\"Val\u00e9rie C.\"},\"url\":\"https:\\\/\\\/contactfm72.fr\\\/?author=4\"}]}<\/script>\n<!-- \/ Yoast SEO plugin. -->","yoast_head_json":{"title":"Inauguration. Une nouvelle salle pour les grimpeurs - Contact FM 99.3","robots":{"index":"index","follow":"follow","max-snippet":"max-snippet:-1","max-image-preview":"max-image-preview:large","max-video-preview":"max-video-preview:-1"},"canonical":"https:\/\/contactfm72.fr\/?p=10233","og_locale":"fr_FR","og_type":"article","og_title":"Inauguration. Une nouvelle salle pour les grimpeurs - Contact FM 99.3","og_description":"Samedi 11 juin, la municipalit\u00e9 montvaloise a officiellement inaugur\u00e9 la salle de bloc autoport\u00e9e dans les locaux de la salle Orion, un nouveau terrain de jeu pour la Section Escalade et Sports d&#8217;Aventure (SESA) du COC, et pas que. &nbsp; &nbsp; C&#8217;est un dossier qui date de 2015 alors m\u00eame que le club ne f\u00eatait&hellip;","og_url":"https:\/\/contactfm72.fr\/?p=10233","og_site_name":"Contact FM 99.3","article_publisher":"https:\/\/www.facebook.com\/Contactfm.Chateauduloir","article_published_time":"2022-06-14T08:30:28+00:00","og_image":[{"width":2048,"height":1536,"url":"https:\/\/contactfm72.fr\/wp-content\/uploads\/2022\/06\/inauguration-bloc.jpg","type":"image\/jpeg"}],"author":"Val\u00e9rie C.","twitter_card":"summary_large_image","twitter_creator":"@contactfm72","twitter_site":"@contactfm72","twitter_misc":{"\u00c9crit par":"Val\u00e9rie C.","Dur\u00e9e de lecture estim\u00e9e":"3 minutes"},"schema":{"@context":"https:\/\/schema.org","@graph":[{"@type":"Article","@id":"https:\/\/contactfm72.fr\/?p=10233#article","isPartOf":{"@id":"https:\/\/contactfm72.fr\/?p=10233"},"author":{"name":"Val\u00e9rie C.","@id":"https:\/\/contactfm72.fr\/#\/schema\/person\/9fdc9d1c2eb029354a4f1535b90ba82d"},"headline":"Inauguration. Une nouvelle salle pour les grimpeurs","datePublished":"2022-06-14T08:30:28+00:00","mainEntityOfPage":{"@id":"https:\/\/contactfm72.fr\/?p=10233"},"wordCount":565,"publisher":{"@id":"https:\/\/contactfm72.fr\/#organization"},"image":{"@id":"https:\/\/contactfm72.fr\/?p=10233#primaryimage"},"thumbnailUrl":"https:\/\/contactfm72.fr\/wp-content\/uploads\/2022\/06\/inauguration-bloc.jpg","articleSection":["Contact FM 72"],"inLanguage":"fr-FR"},{"@type":"WebPage","@id":"https:\/\/contactfm72.fr\/?p=10233","url":"https:\/\/contactfm72.fr\/?p=10233","name":"Inauguration. Une nouvelle salle pour les grimpeurs - Contact FM 99.3","isPartOf":{"@id":"https:\/\/contactfm72.fr\/#website"},"primaryImageOfPage":{"@id":"https:\/\/contactfm72.fr\/?p=10233#primaryimage"},"image":{"@id":"https:\/\/contactfm72.fr\/?p=10233#primaryimage"},"thumbnailUrl":"https:\/\/contactfm72.fr\/wp-content\/uploads\/2022\/06\/inauguration-bloc.jpg","datePublished":"2022-06-14T08:30:28+00:00","breadcrumb":{"@id":"https:\/\/contactfm72.fr\/?p=10233#breadcrumb"},"inLanguage":"fr-FR","potentialAction":[{"@type":"ReadAction","target":["https:\/\/contactfm72.fr\/?p=10233"]}]},{"@type":"ImageObject","inLanguage":"fr-FR","@id":"https:\/\/contactfm72.fr\/?p=10233#primaryimage","url":"https:\/\/contactfm72.fr\/wp-content\/uploads\/2022\/06\/inauguration-bloc.jpg","contentUrl":"https:\/\/contactfm72.fr\/wp-content\/uploads\/2022\/06\/inauguration-bloc.jpg","width":2048,"height":1536,"caption":"Lors de l'inauguration officielle de la salle de bloc en pr\u00e9sence des \u00e9lus et des membres du club, le samedi 11 juin."},{"@type":"BreadcrumbList","@id":"https:\/\/contactfm72.fr\/?p=10233#breadcrumb","itemListElement":[{"@type":"ListItem","position":1,"name":"Accueil","item":"https:\/\/contactfm72.fr\/"},{"@type":"ListItem","position":2,"name":"Inauguration. Une nouvelle salle pour les grimpeurs"}]},{"@type":"WebSite","@id":"https:\/\/contactfm72.fr\/#website","url":"https:\/\/contactfm72.fr\/","name":"Contact FM 99.3","description":"Votre radio en vall\u00e9e du Loir","publisher":{"@id":"https:\/\/contactfm72.fr\/#organization"},"potentialAction":[{"@type":"SearchAction","target":{"@type":"EntryPoint","urlTemplate":"https:\/\/contactfm72.fr\/?s={search_term_string}"},"query-input":{"@type":"PropertyValueSpecification","valueRequired":true,"valueName":"search_term_string"}}],"inLanguage":"fr-FR"},{"@type":"Organization","@id":"https:\/\/contactfm72.fr\/#organization","name":"Contact FM 99.3","url":"https:\/\/contactfm72.fr\/","logo":{"@type":"ImageObject","inLanguage":"fr-FR","@id":"https:\/\/contactfm72.fr\/#\/schema\/logo\/image\/","url":"https:\/\/contactfm72.fr\/wp-content\/uploads\/2025\/04\/2025-04-18-2.jpg","contentUrl":"https:\/\/contactfm72.fr\/wp-content\/uploads\/2025\/04\/2025-04-18-2.jpg","width":680,"height":307,"caption":"Contact FM 99.3"},"image":{"@id":"https:\/\/contactfm72.fr\/#\/schema\/logo\/image\/"},"sameAs":["https:\/\/www.facebook.com\/Contactfm.Chateauduloir","https:\/\/x.com\/contactfm72","https:\/\/www.instagram.com\/contact.fm.72?igsh=cGhlMHQ5N2JlNnpp","https:\/\/www.tiktok.com\/@contact.fm"]},{"@type":"Person","@id":"https:\/\/contactfm72.fr\/#\/schema\/person\/9fdc9d1c2eb029354a4f1535b90ba82d","name":"Val\u00e9rie C.","image":{"@type":"ImageObject","inLanguage":"fr-FR","@id":"https:\/\/secure.gravatar.com\/avatar\/2f8aa28f8dfbd7d4420afd1fdcdd0a349923e2c8a38ab28198b0f9d0601e4737?s=96&d=mm&r=g","url":"https:\/\/secure.gravatar.com\/avatar\/2f8aa28f8dfbd7d4420afd1fdcdd0a349923e2c8a38ab28198b0f9d0601e4737?s=96&d=mm&r=g","contentUrl":"https:\/\/secure.gravatar.com\/avatar\/2f8aa28f8dfbd7d4420afd1fdcdd0a349923e2c8a38ab28198b0f9d0601e4737?s=96&d=mm&r=g","caption":"Val\u00e9rie C."},"url":"https:\/\/contactfm72.fr\/?author=4"}]}},"_links":{"self":[{"href":"https:\/\/contactfm72.fr\/index.php?rest_route=\/wp\/v2\/posts\/10233","targetHints":{"allow":["GET"]}}],"collection":[{"href":"https:\/\/contactfm72.fr\/index.php?rest_route=\/wp\/v2\/posts"}],"about":[{"href":"https:\/\/contactfm72.fr\/index.php?rest_route=\/wp\/v2\/types\/post"}],"author":[{"embeddable":true,"href":"https:\/\/contactfm72.fr\/index.php?rest_route=\/wp\/v2\/users\/4"}],"replies":[{"embeddable":true,"href":"https:\/\/contactfm72.fr\/index.php?rest_route=%2Fwp%2Fv2%2Fcomments&post=10233"}],"version-history":[{"count":1,"href":"https:\/\/contactfm72.fr\/index.php?rest_route=\/wp\/v2\/posts\/10233\/revisions"}],"predecessor-version":[{"id":10235,"href":"https:\/\/contactfm72.fr\/index.php?rest_route=\/wp\/v2\/posts\/10233\/revisions\/10235"}],"wp:featuredmedia":[{"embeddable":true,"href":"https:\/\/contactfm72.fr\/index.php?rest_route=\/wp\/v2\/media\/10234"}],"wp:attachment":[{"href":"https:\/\/contactfm72.fr\/index.php?rest_route=%2Fwp%2Fv2%2Fmedia&parent=10233"}],"wp:term":[{"taxonomy":"category","embeddable":true,"href":"https:\/\/contactfm72.fr\/index.php?rest_route=%2Fwp%2Fv2%2Fcategories&post=10233"},{"taxonomy":"post_tag","embeddable":true,"href":"https:\/\/contactfm72.fr\/index.php?rest_route=%2Fwp%2Fv2%2Ftags&post=10233"}],"curies":[{"name":"wp","href":"https:\/\/api.w.org\/{rel}","templated":true}]}}