{"id":10228,"date":"2022-06-13T16:36:21","date_gmt":"2022-06-13T14:36:21","guid":{"rendered":"http:\/\/contactfm72.fr\/?p=10228"},"modified":"2022-06-13T16:38:48","modified_gmt":"2022-06-13T14:38:48","slug":"le-dernier-routard-consacre-son-dernier-numero-a-la-vallee-du-loir-a-velo","status":"publish","type":"post","link":"https:\/\/contactfm72.fr\/?p=10228","title":{"rendered":"Le Routard consacre son dernier guide \u00e0 la Vall\u00e9e du Loir \u00e0 v\u00e9lo"},"content":{"rendered":"<p class=\"xsm-p\">Le Routard qui consacre son dernier num\u00e9ro \u00e0 la Vall\u00e9e du Loir \u00e0 v\u00e9lo, sortira dans les librairies mercredi 15<span data-value=\"u00a0\">\u00a0<\/span>juin. 160<span data-value=\"u00a0\">\u00a0<\/span>pages \u00e0 faire \u00e0 bicyclette, de Chartres \u00e0 Angers, soit 320<span data-value=\"u00a0\">\u00a0<\/span>km.<\/p>\n<p>C\u2019est au manoir de La Possonni\u00e8re, la maison natale de Pierre de Ronsard pr\u00e8s de Couture-sur-Loir dans le Vend\u00f4mois, que l\u2019Office de tourisme de la Vall\u00e9e du Loir a choisi de faire le lancement du dernier n\u00e9 de la collection du Routard, &#8220;la Vall\u00e9e du Loir \u00e0 v\u00e9lo&#8221;.<\/p>\n<p>Philippe Coupy, son auteur, et Margaux Seill\u00e9, charg\u00e9e de promotion \u00e0 l&#8217;Office de tourisme de la Vall\u00e9e du Loir, pr\u00e9sentent ce guide dans &#8220;L&#8217;interview du jour&#8221; lundi 13 juin \u00e0 18h, mardi 14 \u00e0 13h, samedi 18 \u00e0 14h et dimanche 19 \u00e0 11h.<\/p>\n<p>&nbsp;<\/p>\n<div id=\"audioigniter-283\" class=\"audioigniter-root \" data-player-type=\"full\" data-tracks-url=\"https:\/\/contactfm72.fr\/?audioigniter_playlist_id=283\" data-display-track-no=\"false\" data-reverse-track-order=\"false\" data-display-tracklist-covers=\"false\" data-display-active-cover=\"false\" data-display-artist-names=\"false\" data-display-buy-buttons=\"true\" data-buy-buttons-target=\"false\" data-cycle-tracks=\"false\" data-display-credits=\"false\" data-display-tracklist=\"true\" data-allow-tracklist-toggle=\"false\" data-allow-tracklist-loop=\"true\" data-limit-tracklist-height=\"true\" data-volume=\"100\" data-tracklist-height=\"185\" data-allow-track-loop=\"false\" ><\/div>\n<p>&nbsp;<\/p>\n<!-- AddThis Advanced Settings generic via filter on the_content --><!-- AddThis Share Buttons generic via filter on the_content -->","protected":false},"excerpt":{"rendered":"<p>Le Routard qui consacre son dernier num\u00e9ro \u00e0 la Vall\u00e9e du Loir \u00e0 v\u00e9lo, sortira dans les librairies mercredi 15\u00a0juin. 160\u00a0pages \u00e0 faire \u00e0 bicyclette, de Chartres \u00e0 Angers, soit 320\u00a0km. C\u2019est au manoir de La Possonni\u00e8re, la maison natale de Pierre de Ronsard pr\u00e8s de Couture-sur-Loir dans le Vend\u00f4mois, que l\u2019Office de tourisme de&hellip;<!-- AddThis Advanced Settings generic via filter on get_the_excerpt --><!-- AddThis Share Buttons generic via filter on get_the_excerpt --><\/p>\n","protected":false},"author":4,"featured_media":10229,"comment_status":"closed","ping_status":"open","sticky":false,"template":"","format":"standard","meta":{"footnotes":""},"categories":[5],"tags":[],"class_list":["post-10228","post","type-post","status-publish","format-standard","has-post-thumbnail","hentry","category-linterview-du-jour","category-5","description-off"],"yoast_head":"<!-- This site is optimized with the Yoast SEO plugin v27.4 - https:\/\/yoast.com\/product\/yoast-seo-wordpress\/ -->\n<title>Le Routard consacre son dernier guide \u00e0 la Vall\u00e9e du Loir \u00e0 v\u00e9lo - Contact FM 99.3<\/title>\n<meta name=\"robots\" content=\"index, follow, max-snippet:-1, max-image-preview:large, max-video-preview:-1\" \/>\n<link rel=\"canonical\" href=\"https:\/\/contactfm72.fr\/?p=10228\" \/>\n<meta property=\"og:locale\" content=\"fr_FR\" \/>\n<meta property=\"og:type\" content=\"article\" \/>\n<meta property=\"og:title\" content=\"Le Routard consacre son dernier guide \u00e0 la Vall\u00e9e du Loir \u00e0 v\u00e9lo - Contact FM 99.3\" \/>\n<meta property=\"og:description\" content=\"Le Routard qui consacre son dernier num\u00e9ro \u00e0 la Vall\u00e9e du Loir \u00e0 v\u00e9lo, sortira dans les librairies mercredi 15\u00a0juin. 160\u00a0pages \u00e0 faire \u00e0 bicyclette, de Chartres \u00e0 Angers, soit 320\u00a0km. C\u2019est au manoir de La Possonni\u00e8re, la maison natale de Pierre de Ronsard pr\u00e8s de Couture-sur-Loir dans le Vend\u00f4mois, que l\u2019Office de tourisme de&hellip;\" \/>\n<meta property=\"og:url\" content=\"https:\/\/contactfm72.fr\/?p=10228\" \/>\n<meta property=\"og:site_name\" content=\"Contact FM 99.3\" \/>\n<meta property=\"article:publisher\" content=\"https:\/\/www.facebook.com\/Contactfm.Chateauduloir\" \/>\n<meta property=\"article:published_time\" content=\"2022-06-13T14:36:21+00:00\" \/>\n<meta property=\"article:modified_time\" content=\"2022-06-13T14:38:48+00:00\" \/>\n<meta property=\"og:image\" content=\"https:\/\/contactfm72.fr\/wp-content\/uploads\/2022\/06\/Guide_du_Routard_Vall_e_du_Loir___v_lo___Philippe_Coupy_auteur_020622__MF1654253629537.jpg\" \/>\n\t<meta property=\"og:image:width\" content=\"1500\" \/>\n\t<meta property=\"og:image:height\" content=\"1125\" \/>\n\t<meta property=\"og:image:type\" content=\"image\/jpeg\" \/>\n<meta name=\"author\" content=\"Val\u00e9rie C.\" \/>\n<meta name=\"twitter:card\" content=\"summary_large_image\" \/>\n<meta name=\"twitter:creator\" content=\"@contactfm72\" \/>\n<meta name=\"twitter:site\" content=\"@contactfm72\" \/>\n<meta name=\"twitter:label1\" content=\"\u00c9crit par\" \/>\n\t<meta name=\"twitter:data1\" content=\"Val\u00e9rie C.\" \/>\n\t<meta name=\"twitter:label2\" content=\"Dur\u00e9e de lecture estim\u00e9e\" \/>\n\t<meta name=\"twitter:data2\" content=\"1 minute\" \/>\n<script type=\"application\/ld+json\" class=\"yoast-schema-graph\">{\"@context\":\"https:\\\/\\\/schema.org\",\"@graph\":[{\"@type\":\"Article\",\"@id\":\"https:\\\/\\\/contactfm72.fr\\\/?p=10228#article\",\"isPartOf\":{\"@id\":\"https:\\\/\\\/contactfm72.fr\\\/?p=10228\"},\"author\":{\"name\":\"Val\u00e9rie C.\",\"@id\":\"https:\\\/\\\/contactfm72.fr\\\/#\\\/schema\\\/person\\\/9fdc9d1c2eb029354a4f1535b90ba82d\"},\"headline\":\"Le Routard consacre son dernier guide \u00e0 la Vall\u00e9e du Loir \u00e0 v\u00e9lo\",\"datePublished\":\"2022-06-13T14:36:21+00:00\",\"dateModified\":\"2022-06-13T14:38:48+00:00\",\"mainEntityOfPage\":{\"@id\":\"https:\\\/\\\/contactfm72.fr\\\/?p=10228\"},\"wordCount\":142,\"publisher\":{\"@id\":\"https:\\\/\\\/contactfm72.fr\\\/#organization\"},\"image\":{\"@id\":\"https:\\\/\\\/contactfm72.fr\\\/?p=10228#primaryimage\"},\"thumbnailUrl\":\"https:\\\/\\\/contactfm72.fr\\\/wp-content\\\/uploads\\\/2022\\\/06\\\/Guide_du_Routard_Vall_e_du_Loir___v_lo___Philippe_Coupy_auteur_020622__MF1654253629537.jpg\",\"articleSection\":[\"L'interview du jour\"],\"inLanguage\":\"fr-FR\"},{\"@type\":\"WebPage\",\"@id\":\"https:\\\/\\\/contactfm72.fr\\\/?p=10228\",\"url\":\"https:\\\/\\\/contactfm72.fr\\\/?p=10228\",\"name\":\"Le Routard consacre son dernier guide \u00e0 la Vall\u00e9e du Loir \u00e0 v\u00e9lo - Contact FM 99.3\",\"isPartOf\":{\"@id\":\"https:\\\/\\\/contactfm72.fr\\\/#website\"},\"primaryImageOfPage\":{\"@id\":\"https:\\\/\\\/contactfm72.fr\\\/?p=10228#primaryimage\"},\"image\":{\"@id\":\"https:\\\/\\\/contactfm72.fr\\\/?p=10228#primaryimage\"},\"thumbnailUrl\":\"https:\\\/\\\/contactfm72.fr\\\/wp-content\\\/uploads\\\/2022\\\/06\\\/Guide_du_Routard_Vall_e_du_Loir___v_lo___Philippe_Coupy_auteur_020622__MF1654253629537.jpg\",\"datePublished\":\"2022-06-13T14:36:21+00:00\",\"dateModified\":\"2022-06-13T14:38:48+00:00\",\"breadcrumb\":{\"@id\":\"https:\\\/\\\/contactfm72.fr\\\/?p=10228#breadcrumb\"},\"inLanguage\":\"fr-FR\",\"potentialAction\":[{\"@type\":\"ReadAction\",\"target\":[\"https:\\\/\\\/contactfm72.fr\\\/?p=10228\"]}]},{\"@type\":\"ImageObject\",\"inLanguage\":\"fr-FR\",\"@id\":\"https:\\\/\\\/contactfm72.fr\\\/?p=10228#primaryimage\",\"url\":\"https:\\\/\\\/contactfm72.fr\\\/wp-content\\\/uploads\\\/2022\\\/06\\\/Guide_du_Routard_Vall_e_du_Loir___v_lo___Philippe_Coupy_auteur_020622__MF1654253629537.jpg\",\"contentUrl\":\"https:\\\/\\\/contactfm72.fr\\\/wp-content\\\/uploads\\\/2022\\\/06\\\/Guide_du_Routard_Vall_e_du_Loir___v_lo___Philippe_Coupy_auteur_020622__MF1654253629537.jpg\",\"width\":1500,\"height\":1125},{\"@type\":\"BreadcrumbList\",\"@id\":\"https:\\\/\\\/contactfm72.fr\\\/?p=10228#breadcrumb\",\"itemListElement\":[{\"@type\":\"ListItem\",\"position\":1,\"name\":\"Accueil\",\"item\":\"https:\\\/\\\/contactfm72.fr\\\/\"},{\"@type\":\"ListItem\",\"position\":2,\"name\":\"Le Routard consacre son dernier guide \u00e0 la Vall\u00e9e du Loir \u00e0 v\u00e9lo\"}]},{\"@type\":\"WebSite\",\"@id\":\"https:\\\/\\\/contactfm72.fr\\\/#website\",\"url\":\"https:\\\/\\\/contactfm72.fr\\\/\",\"name\":\"Contact FM 99.3\",\"description\":\"Votre radio en vall\u00e9e du Loir\",\"publisher\":{\"@id\":\"https:\\\/\\\/contactfm72.fr\\\/#organization\"},\"potentialAction\":[{\"@type\":\"SearchAction\",\"target\":{\"@type\":\"EntryPoint\",\"urlTemplate\":\"https:\\\/\\\/contactfm72.fr\\\/?s={search_term_string}\"},\"query-input\":{\"@type\":\"PropertyValueSpecification\",\"valueRequired\":true,\"valueName\":\"search_term_string\"}}],\"inLanguage\":\"fr-FR\"},{\"@type\":\"Organization\",\"@id\":\"https:\\\/\\\/contactfm72.fr\\\/#organization\",\"name\":\"Contact FM 99.3\",\"url\":\"https:\\\/\\\/contactfm72.fr\\\/\",\"logo\":{\"@type\":\"ImageObject\",\"inLanguage\":\"fr-FR\",\"@id\":\"https:\\\/\\\/contactfm72.fr\\\/#\\\/schema\\\/logo\\\/image\\\/\",\"url\":\"https:\\\/\\\/contactfm72.fr\\\/wp-content\\\/uploads\\\/2025\\\/04\\\/2025-04-18-2.jpg\",\"contentUrl\":\"https:\\\/\\\/contactfm72.fr\\\/wp-content\\\/uploads\\\/2025\\\/04\\\/2025-04-18-2.jpg\",\"width\":680,\"height\":307,\"caption\":\"Contact FM 99.3\"},\"image\":{\"@id\":\"https:\\\/\\\/contactfm72.fr\\\/#\\\/schema\\\/logo\\\/image\\\/\"},\"sameAs\":[\"https:\\\/\\\/www.facebook.com\\\/Contactfm.Chateauduloir\",\"https:\\\/\\\/x.com\\\/contactfm72\",\"https:\\\/\\\/www.instagram.com\\\/contact.fm.72?igsh=cGhlMHQ5N2JlNnpp\",\"https:\\\/\\\/www.tiktok.com\\\/@contact.fm\"]},{\"@type\":\"Person\",\"@id\":\"https:\\\/\\\/contactfm72.fr\\\/#\\\/schema\\\/person\\\/9fdc9d1c2eb029354a4f1535b90ba82d\",\"name\":\"Val\u00e9rie C.\",\"image\":{\"@type\":\"ImageObject\",\"inLanguage\":\"fr-FR\",\"@id\":\"https:\\\/\\\/secure.gravatar.com\\\/avatar\\\/2f8aa28f8dfbd7d4420afd1fdcdd0a349923e2c8a38ab28198b0f9d0601e4737?s=96&d=mm&r=g\",\"url\":\"https:\\\/\\\/secure.gravatar.com\\\/avatar\\\/2f8aa28f8dfbd7d4420afd1fdcdd0a349923e2c8a38ab28198b0f9d0601e4737?s=96&d=mm&r=g\",\"contentUrl\":\"https:\\\/\\\/secure.gravatar.com\\\/avatar\\\/2f8aa28f8dfbd7d4420afd1fdcdd0a349923e2c8a38ab28198b0f9d0601e4737?s=96&d=mm&r=g\",\"caption\":\"Val\u00e9rie C.\"},\"url\":\"https:\\\/\\\/contactfm72.fr\\\/?author=4\"}]}<\/script>\n<!-- \/ Yoast SEO plugin. -->","yoast_head_json":{"title":"Le Routard consacre son dernier guide \u00e0 la Vall\u00e9e du Loir \u00e0 v\u00e9lo - Contact FM 99.3","robots":{"index":"index","follow":"follow","max-snippet":"max-snippet:-1","max-image-preview":"max-image-preview:large","max-video-preview":"max-video-preview:-1"},"canonical":"https:\/\/contactfm72.fr\/?p=10228","og_locale":"fr_FR","og_type":"article","og_title":"Le Routard consacre son dernier guide \u00e0 la Vall\u00e9e du Loir \u00e0 v\u00e9lo - Contact FM 99.3","og_description":"Le Routard qui consacre son dernier num\u00e9ro \u00e0 la Vall\u00e9e du Loir \u00e0 v\u00e9lo, sortira dans les librairies mercredi 15\u00a0juin. 160\u00a0pages \u00e0 faire \u00e0 bicyclette, de Chartres \u00e0 Angers, soit 320\u00a0km. C\u2019est au manoir de La Possonni\u00e8re, la maison natale de Pierre de Ronsard pr\u00e8s de Couture-sur-Loir dans le Vend\u00f4mois, que l\u2019Office de tourisme de&hellip;","og_url":"https:\/\/contactfm72.fr\/?p=10228","og_site_name":"Contact FM 99.3","article_publisher":"https:\/\/www.facebook.com\/Contactfm.Chateauduloir","article_published_time":"2022-06-13T14:36:21+00:00","article_modified_time":"2022-06-13T14:38:48+00:00","og_image":[{"width":1500,"height":1125,"url":"https:\/\/contactfm72.fr\/wp-content\/uploads\/2022\/06\/Guide_du_Routard_Vall_e_du_Loir___v_lo___Philippe_Coupy_auteur_020622__MF1654253629537.jpg","type":"image\/jpeg"}],"author":"Val\u00e9rie C.","twitter_card":"summary_large_image","twitter_creator":"@contactfm72","twitter_site":"@contactfm72","twitter_misc":{"\u00c9crit par":"Val\u00e9rie C.","Dur\u00e9e de lecture estim\u00e9e":"1 minute"},"schema":{"@context":"https:\/\/schema.org","@graph":[{"@type":"Article","@id":"https:\/\/contactfm72.fr\/?p=10228#article","isPartOf":{"@id":"https:\/\/contactfm72.fr\/?p=10228"},"author":{"name":"Val\u00e9rie C.","@id":"https:\/\/contactfm72.fr\/#\/schema\/person\/9fdc9d1c2eb029354a4f1535b90ba82d"},"headline":"Le Routard consacre son dernier guide \u00e0 la Vall\u00e9e du Loir \u00e0 v\u00e9lo","datePublished":"2022-06-13T14:36:21+00:00","dateModified":"2022-06-13T14:38:48+00:00","mainEntityOfPage":{"@id":"https:\/\/contactfm72.fr\/?p=10228"},"wordCount":142,"publisher":{"@id":"https:\/\/contactfm72.fr\/#organization"},"image":{"@id":"https:\/\/contactfm72.fr\/?p=10228#primaryimage"},"thumbnailUrl":"https:\/\/contactfm72.fr\/wp-content\/uploads\/2022\/06\/Guide_du_Routard_Vall_e_du_Loir___v_lo___Philippe_Coupy_auteur_020622__MF1654253629537.jpg","articleSection":["L'interview du jour"],"inLanguage":"fr-FR"},{"@type":"WebPage","@id":"https:\/\/contactfm72.fr\/?p=10228","url":"https:\/\/contactfm72.fr\/?p=10228","name":"Le Routard consacre son dernier guide \u00e0 la Vall\u00e9e du Loir \u00e0 v\u00e9lo - Contact FM 99.3","isPartOf":{"@id":"https:\/\/contactfm72.fr\/#website"},"primaryImageOfPage":{"@id":"https:\/\/contactfm72.fr\/?p=10228#primaryimage"},"image":{"@id":"https:\/\/contactfm72.fr\/?p=10228#primaryimage"},"thumbnailUrl":"https:\/\/contactfm72.fr\/wp-content\/uploads\/2022\/06\/Guide_du_Routard_Vall_e_du_Loir___v_lo___Philippe_Coupy_auteur_020622__MF1654253629537.jpg","datePublished":"2022-06-13T14:36:21+00:00","dateModified":"2022-06-13T14:38:48+00:00","breadcrumb":{"@id":"https:\/\/contactfm72.fr\/?p=10228#breadcrumb"},"inLanguage":"fr-FR","potentialAction":[{"@type":"ReadAction","target":["https:\/\/contactfm72.fr\/?p=10228"]}]},{"@type":"ImageObject","inLanguage":"fr-FR","@id":"https:\/\/contactfm72.fr\/?p=10228#primaryimage","url":"https:\/\/contactfm72.fr\/wp-content\/uploads\/2022\/06\/Guide_du_Routard_Vall_e_du_Loir___v_lo___Philippe_Coupy_auteur_020622__MF1654253629537.jpg","contentUrl":"https:\/\/contactfm72.fr\/wp-content\/uploads\/2022\/06\/Guide_du_Routard_Vall_e_du_Loir___v_lo___Philippe_Coupy_auteur_020622__MF1654253629537.jpg","width":1500,"height":1125},{"@type":"BreadcrumbList","@id":"https:\/\/contactfm72.fr\/?p=10228#breadcrumb","itemListElement":[{"@type":"ListItem","position":1,"name":"Accueil","item":"https:\/\/contactfm72.fr\/"},{"@type":"ListItem","position":2,"name":"Le Routard consacre son dernier guide \u00e0 la Vall\u00e9e du Loir \u00e0 v\u00e9lo"}]},{"@type":"WebSite","@id":"https:\/\/contactfm72.fr\/#website","url":"https:\/\/contactfm72.fr\/","name":"Contact FM 99.3","description":"Votre radio en vall\u00e9e du Loir","publisher":{"@id":"https:\/\/contactfm72.fr\/#organization"},"potentialAction":[{"@type":"SearchAction","target":{"@type":"EntryPoint","urlTemplate":"https:\/\/contactfm72.fr\/?s={search_term_string}"},"query-input":{"@type":"PropertyValueSpecification","valueRequired":true,"valueName":"search_term_string"}}],"inLanguage":"fr-FR"},{"@type":"Organization","@id":"https:\/\/contactfm72.fr\/#organization","name":"Contact FM 99.3","url":"https:\/\/contactfm72.fr\/","logo":{"@type":"ImageObject","inLanguage":"fr-FR","@id":"https:\/\/contactfm72.fr\/#\/schema\/logo\/image\/","url":"https:\/\/contactfm72.fr\/wp-content\/uploads\/2025\/04\/2025-04-18-2.jpg","contentUrl":"https:\/\/contactfm72.fr\/wp-content\/uploads\/2025\/04\/2025-04-18-2.jpg","width":680,"height":307,"caption":"Contact FM 99.3"},"image":{"@id":"https:\/\/contactfm72.fr\/#\/schema\/logo\/image\/"},"sameAs":["https:\/\/www.facebook.com\/Contactfm.Chateauduloir","https:\/\/x.com\/contactfm72","https:\/\/www.instagram.com\/contact.fm.72?igsh=cGhlMHQ5N2JlNnpp","https:\/\/www.tiktok.com\/@contact.fm"]},{"@type":"Person","@id":"https:\/\/contactfm72.fr\/#\/schema\/person\/9fdc9d1c2eb029354a4f1535b90ba82d","name":"Val\u00e9rie C.","image":{"@type":"ImageObject","inLanguage":"fr-FR","@id":"https:\/\/secure.gravatar.com\/avatar\/2f8aa28f8dfbd7d4420afd1fdcdd0a349923e2c8a38ab28198b0f9d0601e4737?s=96&d=mm&r=g","url":"https:\/\/secure.gravatar.com\/avatar\/2f8aa28f8dfbd7d4420afd1fdcdd0a349923e2c8a38ab28198b0f9d0601e4737?s=96&d=mm&r=g","contentUrl":"https:\/\/secure.gravatar.com\/avatar\/2f8aa28f8dfbd7d4420afd1fdcdd0a349923e2c8a38ab28198b0f9d0601e4737?s=96&d=mm&r=g","caption":"Val\u00e9rie C."},"url":"https:\/\/contactfm72.fr\/?author=4"}]}},"_links":{"self":[{"href":"https:\/\/contactfm72.fr\/index.php?rest_route=\/wp\/v2\/posts\/10228","targetHints":{"allow":["GET"]}}],"collection":[{"href":"https:\/\/contactfm72.fr\/index.php?rest_route=\/wp\/v2\/posts"}],"about":[{"href":"https:\/\/contactfm72.fr\/index.php?rest_route=\/wp\/v2\/types\/post"}],"author":[{"embeddable":true,"href":"https:\/\/contactfm72.fr\/index.php?rest_route=\/wp\/v2\/users\/4"}],"replies":[{"embeddable":true,"href":"https:\/\/contactfm72.fr\/index.php?rest_route=%2Fwp%2Fv2%2Fcomments&post=10228"}],"version-history":[{"count":3,"href":"https:\/\/contactfm72.fr\/index.php?rest_route=\/wp\/v2\/posts\/10228\/revisions"}],"predecessor-version":[{"id":10232,"href":"https:\/\/contactfm72.fr\/index.php?rest_route=\/wp\/v2\/posts\/10228\/revisions\/10232"}],"wp:featuredmedia":[{"embeddable":true,"href":"https:\/\/contactfm72.fr\/index.php?rest_route=\/wp\/v2\/media\/10229"}],"wp:attachment":[{"href":"https:\/\/contactfm72.fr\/index.php?rest_route=%2Fwp%2Fv2%2Fmedia&parent=10228"}],"wp:term":[{"taxonomy":"category","embeddable":true,"href":"https:\/\/contactfm72.fr\/index.php?rest_route=%2Fwp%2Fv2%2Fcategories&post=10228"},{"taxonomy":"post_tag","embeddable":true,"href":"https:\/\/contactfm72.fr\/index.php?rest_route=%2Fwp%2Fv2%2Ftags&post=10228"}],"curies":[{"name":"wp","href":"https:\/\/api.w.org\/{rel}","templated":true}]}}