{"id":10223,"date":"2022-06-13T15:00:29","date_gmt":"2022-06-13T13:00:29","guid":{"rendered":"http:\/\/contactfm72.fr\/?p=10223"},"modified":"2022-06-13T15:01:23","modified_gmt":"2022-06-13T13:01:23","slug":"exposition-le-cerf-sinvite-a-carnuta","status":"publish","type":"post","link":"https:\/\/contactfm72.fr\/?p=10223","title":{"rendered":"Exposition. Le cerf s\u2019invite \u00e0 Carnuta"},"content":{"rendered":"<h2>Du 11 juin 2022 au 31 mars 2023 et pour la premi\u00e8re fois de son histoire, la maison de l\u2019Homme et de la for\u00eat de Jupilles (Sarthe) organise une grande exposition autour du cerf, l\u2019animal embl\u00e9matique de la for\u00eat.<\/h2>\n<p>&nbsp;<\/p>\n<p>En 12 ann\u00e9es de pr\u00e9sence sur le territoire, c\u2019est la premi\u00e8re fois que <strong><a href=\"https:\/\/www.carnuta.fr\/\">Carnuta<\/a>, la maison de l\u2019Homme et de la for\u00eat de Jupilles<\/strong> (sud <strong>Sarthe<\/strong>), organise une grande exposition autour de l\u2019<strong>animal embl\u00e9matique de la for\u00eat<\/strong>, le <strong>cerf<\/strong>.<\/p>\n<blockquote><p>\u00ab\u00a0Le cerf s\u2019expose \u00e0 Carnuta durant plusieurs mois. C\u2019est une exposition qui nous vient tout droit de la Maison de la nature et de la faune sauvage en partenariat avec la F\u00e9d\u00e9ration d\u00e9partementale de la chasse du Jura\u00a0\u00bb, explique Sandy Servant, responsable du d\u00e9veloppement culturel \u00e0 Carnuta.<\/p><\/blockquote>\n<p>L\u2019exposition est compos\u00e9e de deux parties\u00a0; un premier aspect est trait\u00e9, celui scientifique, avec plusieurs<strong> jeux interactifs<\/strong> sur la vie de l\u2019animal, et un autre aspect artistique est abord\u00e9 avec l\u2019exposition de <strong>photographies<\/strong> d\u2019<strong>artistes locaux<\/strong>.<\/p>\n<p>&nbsp;<\/p>\n<h3><strong>Un aspect scientifique<\/strong><\/h3>\n<p>D\u00e8s votre arriv\u00e9e aux portes de Carnuta, le roi de la for\u00eat vous accueille pour une exposition qui retrace les <strong>diff\u00e9rentes p\u00e9riodes de sa vie au fil des saisons<\/strong>. Cette exposition a pour but de faire d\u00e9couvrir le <strong>rythme de vie<\/strong> de ce grand mammif\u00e8re mais aussi celui des biches et des faons de mani\u00e8re ludique et interactive.<\/p>\n<p>Compos\u00e9e d\u2019une hutte pr\u00e9historique et de sept consoles th\u00e9matiques, cette exposition permet d\u2019aborder<strong> diff\u00e9rentes th\u00e9matiques : <\/strong>les hardes de biches et de cerfs, la chute des bois, la mue, la naissance des faons, la frayure (la repousse des bois), le rut et enfin l\u2019\u00e9poque de la chasse.<\/p>\n<p>\u00c9galement, <strong>quelques jeux sensoriels<\/strong> sont \u00e0 la disposition du public pour d\u00e9couvrir par le toucher la diff\u00e9rence entre les bois et les cornes, apprendre \u00e0 identifier le pelage de quelques mammif\u00e8res, d\u00e9couvrir des outils pr\u00e9historiques fabriqu\u00e9s par les hommes \u00e0 partir de bois de cerfs, \u00e9couter le brame de l&#8217;animal, et trouver les empreintes de quelques animaux.<\/p>\n<p>&nbsp;<\/p>\n<h3><strong>Un aspect artistique<\/strong><\/h3>\n<p>Artistiquement, cette exposition pr\u00e9sente des clich\u00e9s de deux photographes locaux : <strong>Jo\u00ebl Geffray et R\u00e9mi L\u00e9pinay<\/strong>. \u00c0 travers leurs regards et des heures \u00e0 patienter \u00e0 l\u2019aff\u00fbt, ils livrent la vie intime du cerf pendant le brame, quelques instants de tendresse ou un passage \u00e9clair sur un chemin.<\/p>\n<p>Enfin, quelques mues de cerfs de la <strong>for\u00eat de Berc\u00e9<\/strong> de la collection de <strong>Daniel Girard<\/strong> sont expos\u00e9es, ce grand photographe et cin\u00e9aste qui a vou\u00e9 une v\u00e9ritable passion pour les cerfs de la for\u00eat. Son film <em>\u00ab Les grands cerfs de Berc\u00e9 \u00bb<\/em> est aussi diffus\u00e9 dans l\u2019exposition.<\/p>\n<blockquote><p>\u00ab\u00a0On passe des heures \u00e0 pr\u00e9voir nos d\u00e9placements en for\u00eat. On traque l\u2019animal, on analyse ses d\u00e9placements et surtout on conna\u00eet parfaitement le territoire. Et sans jamais le d\u00e9ranger dans sa vie. On recherche l\u2019ambiance parfaite et \u00e7a peut prendre \u00e9norm\u00e9ment de temps\u00a0\u00bb, pr\u00e9cisent, unanimes, les deux photographes. Jo\u00ebl Geffray ajoute\u00a0: \u00ab\u00a0par exemple pour les clich\u00e9s sur le brame, je suis d\u00e9j\u00e0 en train de planifier mes sorties\u00a0\u00bb.<\/p><\/blockquote>\n<p>&nbsp;<\/p>\n<h3><strong>Activit\u00e9s en lien avec l\u2019exposition<\/strong><\/h3>\n<p>En lien avec cette exposition, Carnuta organise \u00e9galement plusieurs activit\u00e9s\u00a0:<\/p>\n<ul>\n<li>\u00a011 juillet : Visite Flash \u00ab Le cerf \u00bb \u00e0 14h. 30 min pour d\u00e9couvrir l\u2019exposition \u00ab Cerf, qui es-tu ? \u00bb en compagnie d\u2019un animateur.<\/li>\n<li>\u00a022 juillet : Atelier enfant 5\/7 ans \u00ab Homer le Cerf \u00bb \u00e0 14h30.<\/li>\n<li>\u00a029 juillet : Atelier enfant 8\/12 ans \u00ab Majestueux Cerf \u00bb \u00e0 14h30.<\/li>\n<li>\u00a06 ao\u00fbt : Atelier famille \u00ab De l\u2019argile au cerf \u00bb en partenariat avec le Mus\u00e9e de la Fa\u00efence et de la C\u00e9ramique de Malicorne \u00e0 14h30.<\/li>\n<li>\u00a08 ao\u00fbt : Visite Flash \u00ab Le cerf \u00bb \u00e0 14h. 30 min pour d\u00e9couvrir l\u2019exposition \u00ab Cerf, qui es-tu ? \u00bb en compagnie d\u2019un animateur.<\/li>\n<li>\u00a024 ao\u00fbt : Sortie ONF \u00ab Le cerf \u00bb \u00e0 14h30. Partir en compagnie d\u2019Yvan d\u00e9couvrir les indices de pr\u00e9sences que laisse le cerf son passage et apprendre \u00e0 les identifier.<\/li>\n<li>\u00a0Les 13, 15, 20 et 22 septembre : Sortie ONF \u00ab Brame du Cerf \u00bb de 19h \u00e0 22h.<\/li>\n<li>\u00c0 l\u2019automne : Sorties brame (septembre), projection de R\u00e9mi L\u00e9pinay et Jo\u00ebl Geffray, d\u00e9finir l\u2019\u00e2ge d\u2019un cerf avec Jacques Garanger, cin\u00e9ma pour les oreilles avec Boris Jollivet&#8230;<\/li>\n<li><\/li>\n<\/ul>\n<p>Cette exposition sera disponible \u00e0 Carnuta pendant dix mois, de quoi trouver le temps pour d\u00e9couvrir et conna\u00eetre cet animal embl\u00e8me, dans ce village au coeur de la for\u00eat.<\/p>\n<h5>Informations pratiques. Horaires d\u2019ouverture : Du 1er au 26 juin : Du mardi au dimanche de 14h \u00e0 18h. Du 27 juin au 4 septembre : Du lundi au dimanche de 10h \u00e0 18h Du 5 septembre au 6 novembre : Du mardi au dimanche de 14h \u00e0 18h. Tarifs : Tarif plein : 6\u20ac. Tarif r\u00e9duit (7-18 ans \/Etudiant\/Demandeur d\u2019emploi\/Personne en situation de handicap) : 3.50\u20ac. Gratuit pour les moins de 7 ans et abonn\u00e9. Tarif fin de journ\u00e9e (\u00e0 partir de 17h) : 3\u20ac\/2\u20ac. Carte d\u2019abonnement nominative : 15\u20ac\/adulte et 10\u20ac\/enfant. Valable un an \u00e0 partir de la date d\u2019achat, elle vous donne acc\u00e8s gratuitement aux expositions et vous permet de b\u00e9n\u00e9ficier de r\u00e9ductions pour les animations.<\/h5>\n<h5>Coordonn\u00e9es : Carnuta, la maison de l\u2019Homme et de la for\u00eat. 2, rue du Bourg Ancien 72 500 Jupilles T\u00e9l. 02 43 38 10 31. www.carnuta.fr<\/h5>\n<!-- AddThis Advanced Settings generic via filter on the_content --><!-- AddThis Share Buttons generic via filter on the_content -->","protected":false},"excerpt":{"rendered":"<p>Du 11 juin 2022 au 31 mars 2023 et pour la premi\u00e8re fois de son histoire, la maison de l\u2019Homme et de la for\u00eat de Jupilles (Sarthe) organise une grande exposition autour du cerf, l\u2019animal embl\u00e9matique de la for\u00eat. &nbsp; En 12 ann\u00e9es de pr\u00e9sence sur le territoire, c\u2019est la premi\u00e8re fois que Carnuta, la&hellip;<!-- AddThis Advanced Settings generic via filter on get_the_excerpt --><!-- AddThis Share Buttons generic via filter on get_the_excerpt --><\/p>\n","protected":false},"author":4,"featured_media":10224,"comment_status":"closed","ping_status":"open","sticky":false,"template":"","format":"standard","meta":{"footnotes":""},"categories":[1],"tags":[],"class_list":["post-10223","post","type-post","status-publish","format-standard","has-post-thumbnail","hentry","category-contact-fm-72","category-1","description-off"],"yoast_head":"<!-- This site is optimized with the Yoast SEO plugin v27.4 - https:\/\/yoast.com\/product\/yoast-seo-wordpress\/ -->\n<title>Exposition. Le cerf s\u2019invite \u00e0 Carnuta - Contact FM 99.3<\/title>\n<meta name=\"robots\" content=\"index, follow, max-snippet:-1, max-image-preview:large, max-video-preview:-1\" \/>\n<link rel=\"canonical\" href=\"https:\/\/contactfm72.fr\/?p=10223\" \/>\n<meta property=\"og:locale\" content=\"fr_FR\" \/>\n<meta property=\"og:type\" content=\"article\" \/>\n<meta property=\"og:title\" content=\"Exposition. Le cerf s\u2019invite \u00e0 Carnuta - Contact FM 99.3\" \/>\n<meta property=\"og:description\" content=\"Du 11 juin 2022 au 31 mars 2023 et pour la premi\u00e8re fois de son histoire, la maison de l\u2019Homme et de la for\u00eat de Jupilles (Sarthe) organise une grande exposition autour du cerf, l\u2019animal embl\u00e9matique de la for\u00eat. &nbsp; En 12 ann\u00e9es de pr\u00e9sence sur le territoire, c\u2019est la premi\u00e8re fois que Carnuta, la&hellip;\" \/>\n<meta property=\"og:url\" content=\"https:\/\/contactfm72.fr\/?p=10223\" \/>\n<meta property=\"og:site_name\" content=\"Contact FM 99.3\" \/>\n<meta property=\"article:publisher\" content=\"https:\/\/www.facebook.com\/Contactfm.Chateauduloir\" \/>\n<meta property=\"article:published_time\" content=\"2022-06-13T13:00:29+00:00\" \/>\n<meta property=\"article:modified_time\" content=\"2022-06-13T13:01:23+00:00\" \/>\n<meta property=\"og:image\" content=\"https:\/\/contactfm72.fr\/wp-content\/uploads\/2022\/06\/carnuta-cerf.jpg\" \/>\n\t<meta property=\"og:image:width\" content=\"2048\" \/>\n\t<meta property=\"og:image:height\" content=\"1536\" \/>\n\t<meta property=\"og:image:type\" content=\"image\/jpeg\" \/>\n<meta name=\"author\" content=\"Val\u00e9rie C.\" \/>\n<meta name=\"twitter:card\" content=\"summary_large_image\" \/>\n<meta name=\"twitter:creator\" content=\"@contactfm72\" \/>\n<meta name=\"twitter:site\" content=\"@contactfm72\" \/>\n<meta name=\"twitter:label1\" content=\"\u00c9crit par\" \/>\n\t<meta name=\"twitter:data1\" content=\"Val\u00e9rie C.\" \/>\n\t<meta name=\"twitter:label2\" content=\"Dur\u00e9e de lecture estim\u00e9e\" \/>\n\t<meta name=\"twitter:data2\" content=\"4 minutes\" \/>\n<script type=\"application\/ld+json\" class=\"yoast-schema-graph\">{\"@context\":\"https:\\\/\\\/schema.org\",\"@graph\":[{\"@type\":\"Article\",\"@id\":\"https:\\\/\\\/contactfm72.fr\\\/?p=10223#article\",\"isPartOf\":{\"@id\":\"https:\\\/\\\/contactfm72.fr\\\/?p=10223\"},\"author\":{\"name\":\"Val\u00e9rie C.\",\"@id\":\"https:\\\/\\\/contactfm72.fr\\\/#\\\/schema\\\/person\\\/9fdc9d1c2eb029354a4f1535b90ba82d\"},\"headline\":\"Exposition. Le cerf s\u2019invite \u00e0 Carnuta\",\"datePublished\":\"2022-06-13T13:00:29+00:00\",\"dateModified\":\"2022-06-13T13:01:23+00:00\",\"mainEntityOfPage\":{\"@id\":\"https:\\\/\\\/contactfm72.fr\\\/?p=10223\"},\"wordCount\":897,\"publisher\":{\"@id\":\"https:\\\/\\\/contactfm72.fr\\\/#organization\"},\"image\":{\"@id\":\"https:\\\/\\\/contactfm72.fr\\\/?p=10223#primaryimage\"},\"thumbnailUrl\":\"https:\\\/\\\/contactfm72.fr\\\/wp-content\\\/uploads\\\/2022\\\/06\\\/carnuta-cerf.jpg\",\"articleSection\":[\"Contact FM 72\"],\"inLanguage\":\"fr-FR\"},{\"@type\":\"WebPage\",\"@id\":\"https:\\\/\\\/contactfm72.fr\\\/?p=10223\",\"url\":\"https:\\\/\\\/contactfm72.fr\\\/?p=10223\",\"name\":\"Exposition. Le cerf s\u2019invite \u00e0 Carnuta - Contact FM 99.3\",\"isPartOf\":{\"@id\":\"https:\\\/\\\/contactfm72.fr\\\/#website\"},\"primaryImageOfPage\":{\"@id\":\"https:\\\/\\\/contactfm72.fr\\\/?p=10223#primaryimage\"},\"image\":{\"@id\":\"https:\\\/\\\/contactfm72.fr\\\/?p=10223#primaryimage\"},\"thumbnailUrl\":\"https:\\\/\\\/contactfm72.fr\\\/wp-content\\\/uploads\\\/2022\\\/06\\\/carnuta-cerf.jpg\",\"datePublished\":\"2022-06-13T13:00:29+00:00\",\"dateModified\":\"2022-06-13T13:01:23+00:00\",\"breadcrumb\":{\"@id\":\"https:\\\/\\\/contactfm72.fr\\\/?p=10223#breadcrumb\"},\"inLanguage\":\"fr-FR\",\"potentialAction\":[{\"@type\":\"ReadAction\",\"target\":[\"https:\\\/\\\/contactfm72.fr\\\/?p=10223\"]}]},{\"@type\":\"ImageObject\",\"inLanguage\":\"fr-FR\",\"@id\":\"https:\\\/\\\/contactfm72.fr\\\/?p=10223#primaryimage\",\"url\":\"https:\\\/\\\/contactfm72.fr\\\/wp-content\\\/uploads\\\/2022\\\/06\\\/carnuta-cerf.jpg\",\"contentUrl\":\"https:\\\/\\\/contactfm72.fr\\\/wp-content\\\/uploads\\\/2022\\\/06\\\/carnuta-cerf.jpg\",\"width\":2048,\"height\":1536,\"caption\":\"De g. \u00e0 dr. R\u00e9mi L\u00e9pinay et Jo\u00ebl Geffray sont deux photographes amateurs, et retrait\u00e9s.\"},{\"@type\":\"BreadcrumbList\",\"@id\":\"https:\\\/\\\/contactfm72.fr\\\/?p=10223#breadcrumb\",\"itemListElement\":[{\"@type\":\"ListItem\",\"position\":1,\"name\":\"Accueil\",\"item\":\"https:\\\/\\\/contactfm72.fr\\\/\"},{\"@type\":\"ListItem\",\"position\":2,\"name\":\"Exposition. Le cerf s\u2019invite \u00e0 Carnuta\"}]},{\"@type\":\"WebSite\",\"@id\":\"https:\\\/\\\/contactfm72.fr\\\/#website\",\"url\":\"https:\\\/\\\/contactfm72.fr\\\/\",\"name\":\"Contact FM 99.3\",\"description\":\"Votre radio en vall\u00e9e du Loir\",\"publisher\":{\"@id\":\"https:\\\/\\\/contactfm72.fr\\\/#organization\"},\"potentialAction\":[{\"@type\":\"SearchAction\",\"target\":{\"@type\":\"EntryPoint\",\"urlTemplate\":\"https:\\\/\\\/contactfm72.fr\\\/?s={search_term_string}\"},\"query-input\":{\"@type\":\"PropertyValueSpecification\",\"valueRequired\":true,\"valueName\":\"search_term_string\"}}],\"inLanguage\":\"fr-FR\"},{\"@type\":\"Organization\",\"@id\":\"https:\\\/\\\/contactfm72.fr\\\/#organization\",\"name\":\"Contact FM 99.3\",\"url\":\"https:\\\/\\\/contactfm72.fr\\\/\",\"logo\":{\"@type\":\"ImageObject\",\"inLanguage\":\"fr-FR\",\"@id\":\"https:\\\/\\\/contactfm72.fr\\\/#\\\/schema\\\/logo\\\/image\\\/\",\"url\":\"https:\\\/\\\/contactfm72.fr\\\/wp-content\\\/uploads\\\/2025\\\/04\\\/2025-04-18-2.jpg\",\"contentUrl\":\"https:\\\/\\\/contactfm72.fr\\\/wp-content\\\/uploads\\\/2025\\\/04\\\/2025-04-18-2.jpg\",\"width\":680,\"height\":307,\"caption\":\"Contact FM 99.3\"},\"image\":{\"@id\":\"https:\\\/\\\/contactfm72.fr\\\/#\\\/schema\\\/logo\\\/image\\\/\"},\"sameAs\":[\"https:\\\/\\\/www.facebook.com\\\/Contactfm.Chateauduloir\",\"https:\\\/\\\/x.com\\\/contactfm72\",\"https:\\\/\\\/www.instagram.com\\\/contact.fm.72?igsh=cGhlMHQ5N2JlNnpp\",\"https:\\\/\\\/www.tiktok.com\\\/@contact.fm\"]},{\"@type\":\"Person\",\"@id\":\"https:\\\/\\\/contactfm72.fr\\\/#\\\/schema\\\/person\\\/9fdc9d1c2eb029354a4f1535b90ba82d\",\"name\":\"Val\u00e9rie C.\",\"image\":{\"@type\":\"ImageObject\",\"inLanguage\":\"fr-FR\",\"@id\":\"https:\\\/\\\/secure.gravatar.com\\\/avatar\\\/2f8aa28f8dfbd7d4420afd1fdcdd0a349923e2c8a38ab28198b0f9d0601e4737?s=96&d=mm&r=g\",\"url\":\"https:\\\/\\\/secure.gravatar.com\\\/avatar\\\/2f8aa28f8dfbd7d4420afd1fdcdd0a349923e2c8a38ab28198b0f9d0601e4737?s=96&d=mm&r=g\",\"contentUrl\":\"https:\\\/\\\/secure.gravatar.com\\\/avatar\\\/2f8aa28f8dfbd7d4420afd1fdcdd0a349923e2c8a38ab28198b0f9d0601e4737?s=96&d=mm&r=g\",\"caption\":\"Val\u00e9rie C.\"},\"url\":\"https:\\\/\\\/contactfm72.fr\\\/?author=4\"}]}<\/script>\n<!-- \/ Yoast SEO plugin. -->","yoast_head_json":{"title":"Exposition. Le cerf s\u2019invite \u00e0 Carnuta - Contact FM 99.3","robots":{"index":"index","follow":"follow","max-snippet":"max-snippet:-1","max-image-preview":"max-image-preview:large","max-video-preview":"max-video-preview:-1"},"canonical":"https:\/\/contactfm72.fr\/?p=10223","og_locale":"fr_FR","og_type":"article","og_title":"Exposition. Le cerf s\u2019invite \u00e0 Carnuta - Contact FM 99.3","og_description":"Du 11 juin 2022 au 31 mars 2023 et pour la premi\u00e8re fois de son histoire, la maison de l\u2019Homme et de la for\u00eat de Jupilles (Sarthe) organise une grande exposition autour du cerf, l\u2019animal embl\u00e9matique de la for\u00eat. &nbsp; En 12 ann\u00e9es de pr\u00e9sence sur le territoire, c\u2019est la premi\u00e8re fois que Carnuta, la&hellip;","og_url":"https:\/\/contactfm72.fr\/?p=10223","og_site_name":"Contact FM 99.3","article_publisher":"https:\/\/www.facebook.com\/Contactfm.Chateauduloir","article_published_time":"2022-06-13T13:00:29+00:00","article_modified_time":"2022-06-13T13:01:23+00:00","og_image":[{"width":2048,"height":1536,"url":"https:\/\/contactfm72.fr\/wp-content\/uploads\/2022\/06\/carnuta-cerf.jpg","type":"image\/jpeg"}],"author":"Val\u00e9rie C.","twitter_card":"summary_large_image","twitter_creator":"@contactfm72","twitter_site":"@contactfm72","twitter_misc":{"\u00c9crit par":"Val\u00e9rie C.","Dur\u00e9e de lecture estim\u00e9e":"4 minutes"},"schema":{"@context":"https:\/\/schema.org","@graph":[{"@type":"Article","@id":"https:\/\/contactfm72.fr\/?p=10223#article","isPartOf":{"@id":"https:\/\/contactfm72.fr\/?p=10223"},"author":{"name":"Val\u00e9rie C.","@id":"https:\/\/contactfm72.fr\/#\/schema\/person\/9fdc9d1c2eb029354a4f1535b90ba82d"},"headline":"Exposition. Le cerf s\u2019invite \u00e0 Carnuta","datePublished":"2022-06-13T13:00:29+00:00","dateModified":"2022-06-13T13:01:23+00:00","mainEntityOfPage":{"@id":"https:\/\/contactfm72.fr\/?p=10223"},"wordCount":897,"publisher":{"@id":"https:\/\/contactfm72.fr\/#organization"},"image":{"@id":"https:\/\/contactfm72.fr\/?p=10223#primaryimage"},"thumbnailUrl":"https:\/\/contactfm72.fr\/wp-content\/uploads\/2022\/06\/carnuta-cerf.jpg","articleSection":["Contact FM 72"],"inLanguage":"fr-FR"},{"@type":"WebPage","@id":"https:\/\/contactfm72.fr\/?p=10223","url":"https:\/\/contactfm72.fr\/?p=10223","name":"Exposition. Le cerf s\u2019invite \u00e0 Carnuta - Contact FM 99.3","isPartOf":{"@id":"https:\/\/contactfm72.fr\/#website"},"primaryImageOfPage":{"@id":"https:\/\/contactfm72.fr\/?p=10223#primaryimage"},"image":{"@id":"https:\/\/contactfm72.fr\/?p=10223#primaryimage"},"thumbnailUrl":"https:\/\/contactfm72.fr\/wp-content\/uploads\/2022\/06\/carnuta-cerf.jpg","datePublished":"2022-06-13T13:00:29+00:00","dateModified":"2022-06-13T13:01:23+00:00","breadcrumb":{"@id":"https:\/\/contactfm72.fr\/?p=10223#breadcrumb"},"inLanguage":"fr-FR","potentialAction":[{"@type":"ReadAction","target":["https:\/\/contactfm72.fr\/?p=10223"]}]},{"@type":"ImageObject","inLanguage":"fr-FR","@id":"https:\/\/contactfm72.fr\/?p=10223#primaryimage","url":"https:\/\/contactfm72.fr\/wp-content\/uploads\/2022\/06\/carnuta-cerf.jpg","contentUrl":"https:\/\/contactfm72.fr\/wp-content\/uploads\/2022\/06\/carnuta-cerf.jpg","width":2048,"height":1536,"caption":"De g. \u00e0 dr. R\u00e9mi L\u00e9pinay et Jo\u00ebl Geffray sont deux photographes amateurs, et retrait\u00e9s."},{"@type":"BreadcrumbList","@id":"https:\/\/contactfm72.fr\/?p=10223#breadcrumb","itemListElement":[{"@type":"ListItem","position":1,"name":"Accueil","item":"https:\/\/contactfm72.fr\/"},{"@type":"ListItem","position":2,"name":"Exposition. Le cerf s\u2019invite \u00e0 Carnuta"}]},{"@type":"WebSite","@id":"https:\/\/contactfm72.fr\/#website","url":"https:\/\/contactfm72.fr\/","name":"Contact FM 99.3","description":"Votre radio en vall\u00e9e du Loir","publisher":{"@id":"https:\/\/contactfm72.fr\/#organization"},"potentialAction":[{"@type":"SearchAction","target":{"@type":"EntryPoint","urlTemplate":"https:\/\/contactfm72.fr\/?s={search_term_string}"},"query-input":{"@type":"PropertyValueSpecification","valueRequired":true,"valueName":"search_term_string"}}],"inLanguage":"fr-FR"},{"@type":"Organization","@id":"https:\/\/contactfm72.fr\/#organization","name":"Contact FM 99.3","url":"https:\/\/contactfm72.fr\/","logo":{"@type":"ImageObject","inLanguage":"fr-FR","@id":"https:\/\/contactfm72.fr\/#\/schema\/logo\/image\/","url":"https:\/\/contactfm72.fr\/wp-content\/uploads\/2025\/04\/2025-04-18-2.jpg","contentUrl":"https:\/\/contactfm72.fr\/wp-content\/uploads\/2025\/04\/2025-04-18-2.jpg","width":680,"height":307,"caption":"Contact FM 99.3"},"image":{"@id":"https:\/\/contactfm72.fr\/#\/schema\/logo\/image\/"},"sameAs":["https:\/\/www.facebook.com\/Contactfm.Chateauduloir","https:\/\/x.com\/contactfm72","https:\/\/www.instagram.com\/contact.fm.72?igsh=cGhlMHQ5N2JlNnpp","https:\/\/www.tiktok.com\/@contact.fm"]},{"@type":"Person","@id":"https:\/\/contactfm72.fr\/#\/schema\/person\/9fdc9d1c2eb029354a4f1535b90ba82d","name":"Val\u00e9rie C.","image":{"@type":"ImageObject","inLanguage":"fr-FR","@id":"https:\/\/secure.gravatar.com\/avatar\/2f8aa28f8dfbd7d4420afd1fdcdd0a349923e2c8a38ab28198b0f9d0601e4737?s=96&d=mm&r=g","url":"https:\/\/secure.gravatar.com\/avatar\/2f8aa28f8dfbd7d4420afd1fdcdd0a349923e2c8a38ab28198b0f9d0601e4737?s=96&d=mm&r=g","contentUrl":"https:\/\/secure.gravatar.com\/avatar\/2f8aa28f8dfbd7d4420afd1fdcdd0a349923e2c8a38ab28198b0f9d0601e4737?s=96&d=mm&r=g","caption":"Val\u00e9rie C."},"url":"https:\/\/contactfm72.fr\/?author=4"}]}},"_links":{"self":[{"href":"https:\/\/contactfm72.fr\/index.php?rest_route=\/wp\/v2\/posts\/10223","targetHints":{"allow":["GET"]}}],"collection":[{"href":"https:\/\/contactfm72.fr\/index.php?rest_route=\/wp\/v2\/posts"}],"about":[{"href":"https:\/\/contactfm72.fr\/index.php?rest_route=\/wp\/v2\/types\/post"}],"author":[{"embeddable":true,"href":"https:\/\/contactfm72.fr\/index.php?rest_route=\/wp\/v2\/users\/4"}],"replies":[{"embeddable":true,"href":"https:\/\/contactfm72.fr\/index.php?rest_route=%2Fwp%2Fv2%2Fcomments&post=10223"}],"version-history":[{"count":2,"href":"https:\/\/contactfm72.fr\/index.php?rest_route=\/wp\/v2\/posts\/10223\/revisions"}],"predecessor-version":[{"id":10226,"href":"https:\/\/contactfm72.fr\/index.php?rest_route=\/wp\/v2\/posts\/10223\/revisions\/10226"}],"wp:featuredmedia":[{"embeddable":true,"href":"https:\/\/contactfm72.fr\/index.php?rest_route=\/wp\/v2\/media\/10224"}],"wp:attachment":[{"href":"https:\/\/contactfm72.fr\/index.php?rest_route=%2Fwp%2Fv2%2Fmedia&parent=10223"}],"wp:term":[{"taxonomy":"category","embeddable":true,"href":"https:\/\/contactfm72.fr\/index.php?rest_route=%2Fwp%2Fv2%2Fcategories&post=10223"},{"taxonomy":"post_tag","embeddable":true,"href":"https:\/\/contactfm72.fr\/index.php?rest_route=%2Fwp%2Fv2%2Ftags&post=10223"}],"curies":[{"name":"wp","href":"https:\/\/api.w.org\/{rel}","templated":true}]}}