{"id":10210,"date":"2022-06-13T12:09:10","date_gmt":"2022-06-13T10:09:10","guid":{"rendered":"http:\/\/contactfm72.fr\/?p=10210"},"modified":"2022-06-13T18:41:26","modified_gmt":"2022-06-13T16:41:26","slug":"elections-legislatives-le-rn-devant-ensemble-dans-la-3eme-circonscription-de-sarthe","status":"publish","type":"post","link":"https:\/\/contactfm72.fr\/?p=10210","title":{"rendered":"\u00c9lections l\u00e9gislatives. Le RN devant Ensemble ! dans la 3\u00e8me circonscription de Sarthe"},"content":{"rendered":"<h2>Les sarthois de la 3<sup>\u00e8me<\/sup> circonscription ont vot\u00e9 ce dimanche 12 juin 2022 et ont plac\u00e9 Bruno Pin\u00e7on du Rassemblement National et \u00c9ric Martineau, candidat pour Ensemble ! en t\u00eate des suffrages des \u00e9lections l\u00e9gislatives.<\/h2>\n<p>&nbsp;<\/p>\n<p>&nbsp;<\/p>\n<p>Le 1<sup>er<\/sup> tour des \u00e9lections l\u00e9gislatives vient de s\u2019achever, et dans la <strong>3<sup>\u00e8me<\/sup> circonscription de la Sarthe<\/strong>, les \u00e9lecteurs ont gard\u00e9 les m\u00eames affinit\u00e9s politiques que pour le 1<sup>er<\/sup> tour des \u00e9lections pr\u00e9sidentielles, organis\u00e9 quelques mois plus t\u00f4t. Les candidats du <strong>Rassemblement National<\/strong> et de <strong>Ensemble\u00a0!<\/strong> sont au coude-\u00e0-coude.<\/p>\n<p>&nbsp;<\/p>\n<h3><strong>L\u2019abstention toujours plus grande<\/strong><\/h3>\n<p>Le taux d\u2019<strong>abstention s\u2019\u00e9l\u00e8ve \u00e0 53.95 %<\/strong> dans la 3<sup>\u00e8me<\/sup> circonscription de Sarthe. Le taux de participation s\u2019\u00e9l\u00e8ve donc \u00e0 46.05 %, correspondant \u00e0 39 863 votants. Dans le d\u00e9partement, le taux d\u2019abstention est de 54,21 %. Au niveau national, le taux d\u2019abstention est de 52,3%. Un <strong>record sous la V\u00e8me R\u00e9publique<\/strong>. En soit, plus d\u2019<strong>un fran\u00e7ais sur deux ne s\u2019est pas d\u00e9plac\u00e9<\/strong> pour aller voter.<\/p>\n<p>&nbsp;<\/p>\n<h3><strong>Les r\u00e9sultats<\/strong><\/h3>\n<p>Voici donc les r\u00e9sultats des sarthois de la 3<sup>\u00e8me<\/sup> circonscription\u00a0:<\/p>\n<ul>\n<li><strong>Bruno Pin\u00e7on, Rassemblement National : 10 570 voix (27.34%)<\/strong><\/li>\n<li><strong>Eric Martineau, Ensemble ! : 10 071 voix (26.05%)<\/strong><\/li>\n<li>Dominique Leloup, pour la Nouvelle Union Populaire \u00c9cologique et Sociale : 8 193 voix (21.19%)<\/li>\n<li>B\u00e9atrice Latouche, Les R\u00e9publicains : 4 439 voix (11.48%)<\/li>\n<li>Laurent Branchu, du Parti Socialiste : 2 362 voix (6.11%)<\/li>\n<li>Bernadette Coudrain, pour le parti Reconqu\u00eate : 1 347 voix (3.48%)<\/li>\n<li>J\u00e9r\u00f4me Poisson, de l\u2019Alliance Souverainiste : 828 voix (2.14%)<\/li>\n<li>Maryse Brutout, de la Lutte Ouvri\u00e8re : 669 voix (1.73%)<\/li>\n<li>Henri No\u00ebl, candidat sans \u00e9tiquette : 181 voix (0.47%)<\/li>\n<\/ul>\n<p>Sur fond d\u2019abstention, il n\u2019y aura donc pas de triangulaire pour le second tour des \u00e9lections l\u00e9gislatives organis\u00e9 le dimanche 19 juin 2022 et les \u00e9lecteurs de la 3<sup>\u00e8me<\/sup> circonscription de la Sarthe \u00e9liront soit Bruno Pin\u00e7on, ou \u00c9ric Martineau, d\u00e9put\u00e9.<\/p>\n<p>&nbsp;<\/p>\n<h3><strong>Les r\u00e9sultats au Lude et \u00e0 Chenu<\/strong><\/h3>\n<p><strong>Ensemble\u00a0! et le Rassemblement National arrivent en t\u00eate au Lude<\/strong>, ville de B\u00e9atrice Latouche, candidate pour ces \u00e9lections. \u00c9ric Martineau de la majorit\u00e9 pr\u00e9sidentielle obtient 29,33% des voix. Bruno Pin\u00e7on arrive derri\u00e8re le candidat maire de Chenu avec 24,67%. La maire du Lude et candidate divers droite, B\u00e9atrice Latouche, arrive \u00e0 la 3\u00e8me place dans sa ville avec 19,14% des suffrages.<\/p>\n<p>A <strong>Chenu<\/strong>, village du candidat de la majorit\u00e9 pr\u00e9sidentielle, <strong>Eric Martineau arrive en t\u00eate avec 122 voix<\/strong> sur 362 inscrits, soit environ 52.81 % des suffrages.<\/p>\n<p><strong>\u00a0<\/strong><\/p>\n<h3><strong>R\u00e9actions des candidats<\/strong><\/h3>\n<p>Contact\u00e9 par notre r\u00e9daction, <strong>Bruno Pin\u00e7on, candidat RN<\/strong> et plac\u00e9 en t\u00eate du suffrage, confie sa r\u00e9action :<\/p>\n<div id=\"attachment_9994\" style=\"width: 2026px\" class=\"wp-caption alignnone\"><img loading=\"lazy\" decoding=\"async\" aria-describedby=\"caption-attachment-9994\" class=\"size-full wp-image-9994\" src=\"http:\/\/contactfm72.fr\/wp-content\/uploads\/2022\/05\/IMG_2005.jpg\" alt=\"\" width=\"2016\" height=\"1512\" \/><p id=\"caption-attachment-9994\" class=\"wp-caption-text\">Bruno Pin\u00e7on, en premier plan, et son suppl\u00e9ant Christophe Hannier.<\/p><\/div>\n<blockquote><p>\u00ab Je suis ravi de ce r\u00e9sultat magnifique pour le Rassemblement National. Je remercie tous les gens qui nous ont fait confiance. Nous sommes quatre candidats sur cinq \u00e0 \u00eatre au 2<sup>nd<\/sup> tour dans la Sarthe, c\u2019est historique\u00a0pour le parti !\u00a0\u00bb.<\/p><\/blockquote>\n<p>&nbsp;<\/p>\n<p>&nbsp;<\/p>\n<p>A \u00e9couter ici :<\/p>\n<!--[if lt IE 9]><script>document.createElement('audio');<\/script><![endif]-->\n<audio class=\"wp-audio-shortcode\" id=\"audio-10210-1\" preload=\"none\" style=\"width: 100%;\" controls=\"controls\"><source type=\"audio\/mpeg\" src=\"http:\/\/contactfm72.fr\/wp-content\/uploads\/2022\/06\/R\u00e9action-Bruno-Pin\u00e7on-RN.mp3?_=1\" \/><a href=\"http:\/\/contactfm72.fr\/wp-content\/uploads\/2022\/06\/R\u00e9action-Bruno-Pin\u00e7on-RN.mp3\">http:\/\/contactfm72.fr\/wp-content\/uploads\/2022\/06\/R\u00e9action-Bruno-Pin\u00e7on-RN.mp3<\/a><\/audio>\n<p>&nbsp;<\/p>\n<p>&nbsp;<\/p>\n<p>&nbsp;<\/p>\n<p><strong>\u00c9ric Martineau de la majorit\u00e9 pr\u00e9sidentielle<\/strong> a \u00e9galement fait part de sa r\u00e9action\u00a0:<\/p>\n<p>&nbsp;<\/p>\n<div id=\"attachment_10025\" style=\"width: 2026px\" class=\"wp-caption alignnone\"><img loading=\"lazy\" decoding=\"async\" aria-describedby=\"caption-attachment-10025\" class=\"size-full wp-image-10025\" src=\"http:\/\/contactfm72.fr\/wp-content\/uploads\/2022\/06\/IMG_1952.jpg\" alt=\"\" width=\"2016\" height=\"1512\" \/><p id=\"caption-attachment-10025\" class=\"wp-caption-text\">Eric Martineau, en premier plan, accompagn\u00e9 de son suppl\u00e9ant, Pascal Dupuis.<\/p><\/div>\n<blockquote><p>&nbsp;<\/p>\n<p>\u00ab J&#8217;arrive en 2\u00e8me position avec un \u00e9cart de 499 voix entre Monsieur Pin\u00e7on et moi-m\u00eame. Je crois en notre d\u00e9mocratie. J&#8217;appelle tous les gens qui d\u00e9fendent les valeurs de la R\u00e9publique \u00e0 voter pour moi \u00bb.<\/p><\/blockquote>\n<p>&nbsp;<\/p>\n<p>A \u00e9couter ici:<\/p>\n<audio class=\"wp-audio-shortcode\" id=\"audio-10210-2\" preload=\"none\" style=\"width: 100%;\" controls=\"controls\"><source type=\"audio\/mpeg\" src=\"http:\/\/contactfm72.fr\/wp-content\/uploads\/2022\/06\/R\u00e9action-Eric-Martineau-Ensemble.mp3?_=2\" \/><a href=\"http:\/\/contactfm72.fr\/wp-content\/uploads\/2022\/06\/R\u00e9action-Eric-Martineau-Ensemble.mp3\">http:\/\/contactfm72.fr\/wp-content\/uploads\/2022\/06\/R\u00e9action-Eric-Martineau-Ensemble.mp3<\/a><\/audio>\n<p>&nbsp;<\/p>\n<p>&nbsp;<\/p>\n<p>Qui repr\u00e9sentera la 3<sup>\u00e8me<\/sup> circonscription de la Sarthe \u00e0 l\u2019<strong>Assembl\u00e9e Nationale<\/strong>\u00a0? Qui succ\u00e8dera \u00e0<strong> Pascale Fontenel Personne<\/strong> ? Avec <strong>499 voix d\u2019\u00e9cart<\/strong> entre les deux candidats lors du premier tour, une <strong>abstention toujours de plus en plus forte<\/strong>, ou encore les instructions de vote de chaque parti, les d\u00e9s sont loin d&#8217;\u00eatre jet\u00e9s.<\/p>\n<!-- AddThis Advanced Settings generic via filter on the_content --><!-- AddThis Share Buttons generic via filter on the_content -->","protected":false},"excerpt":{"rendered":"<p>Les sarthois de la 3\u00e8me circonscription ont vot\u00e9 ce dimanche 12 juin 2022 et ont plac\u00e9 Bruno Pin\u00e7on du Rassemblement National et \u00c9ric Martineau, candidat pour Ensemble ! en t\u00eate des suffrages des \u00e9lections l\u00e9gislatives. &nbsp; &nbsp; Le 1er tour des \u00e9lections l\u00e9gislatives vient de s\u2019achever, et dans la 3\u00e8me circonscription de la Sarthe, les&hellip;<!-- AddThis Advanced Settings generic via filter on get_the_excerpt --><!-- AddThis Share Buttons generic via filter on get_the_excerpt --><\/p>\n","protected":false},"author":4,"featured_media":9992,"comment_status":"closed","ping_status":"open","sticky":false,"template":"","format":"standard","meta":{"footnotes":""},"categories":[1],"tags":[],"class_list":["post-10210","post","type-post","status-publish","format-standard","has-post-thumbnail","hentry","category-contact-fm-72","category-1","description-off"],"yoast_head":"<!-- This site is optimized with the Yoast SEO plugin v27.4 - https:\/\/yoast.com\/product\/yoast-seo-wordpress\/ -->\n<title>\u00c9lections l\u00e9gislatives. Le RN devant Ensemble ! dans la 3\u00e8me circonscription de Sarthe - Contact FM 99.3<\/title>\n<meta name=\"robots\" content=\"index, follow, max-snippet:-1, max-image-preview:large, max-video-preview:-1\" \/>\n<link rel=\"canonical\" href=\"https:\/\/contactfm72.fr\/?p=10210\" \/>\n<meta property=\"og:locale\" content=\"fr_FR\" \/>\n<meta property=\"og:type\" content=\"article\" \/>\n<meta property=\"og:title\" content=\"\u00c9lections l\u00e9gislatives. Le RN devant Ensemble ! dans la 3\u00e8me circonscription de Sarthe - Contact FM 99.3\" \/>\n<meta property=\"og:description\" content=\"Les sarthois de la 3\u00e8me circonscription ont vot\u00e9 ce dimanche 12 juin 2022 et ont plac\u00e9 Bruno Pin\u00e7on du Rassemblement National et \u00c9ric Martineau, candidat pour Ensemble ! en t\u00eate des suffrages des \u00e9lections l\u00e9gislatives. &nbsp; &nbsp; Le 1er tour des \u00e9lections l\u00e9gislatives vient de s\u2019achever, et dans la 3\u00e8me circonscription de la Sarthe, les&hellip;\" \/>\n<meta property=\"og:url\" content=\"https:\/\/contactfm72.fr\/?p=10210\" \/>\n<meta property=\"og:site_name\" content=\"Contact FM 99.3\" \/>\n<meta property=\"article:publisher\" content=\"https:\/\/www.facebook.com\/Contactfm.Chateauduloir\" \/>\n<meta property=\"article:published_time\" content=\"2022-06-13T10:09:10+00:00\" \/>\n<meta property=\"article:modified_time\" content=\"2022-06-13T16:41:26+00:00\" \/>\n<meta property=\"og:image\" content=\"https:\/\/contactfm72.fr\/wp-content\/uploads\/2022\/05\/L\u00e9gislatives-QUI-CANDIDATS.png\" \/>\n\t<meta property=\"og:image:width\" content=\"2000\" \/>\n\t<meta property=\"og:image:height\" content=\"1600\" \/>\n\t<meta property=\"og:image:type\" content=\"image\/png\" \/>\n<meta name=\"author\" content=\"Val\u00e9rie C.\" \/>\n<meta name=\"twitter:card\" content=\"summary_large_image\" \/>\n<meta name=\"twitter:creator\" content=\"@contactfm72\" \/>\n<meta name=\"twitter:site\" content=\"@contactfm72\" \/>\n<meta name=\"twitter:label1\" content=\"\u00c9crit par\" \/>\n\t<meta name=\"twitter:data1\" content=\"Val\u00e9rie C.\" \/>\n\t<meta name=\"twitter:label2\" content=\"Dur\u00e9e de lecture estim\u00e9e\" \/>\n\t<meta name=\"twitter:data2\" content=\"3 minutes\" \/>\n<script type=\"application\/ld+json\" class=\"yoast-schema-graph\">{\"@context\":\"https:\\\/\\\/schema.org\",\"@graph\":[{\"@type\":\"Article\",\"@id\":\"https:\\\/\\\/contactfm72.fr\\\/?p=10210#article\",\"isPartOf\":{\"@id\":\"https:\\\/\\\/contactfm72.fr\\\/?p=10210\"},\"author\":{\"name\":\"Val\u00e9rie C.\",\"@id\":\"https:\\\/\\\/contactfm72.fr\\\/#\\\/schema\\\/person\\\/9fdc9d1c2eb029354a4f1535b90ba82d\"},\"headline\":\"\u00c9lections l\u00e9gislatives. Le RN devant Ensemble ! dans la 3\u00e8me circonscription de Sarthe\",\"datePublished\":\"2022-06-13T10:09:10+00:00\",\"dateModified\":\"2022-06-13T16:41:26+00:00\",\"mainEntityOfPage\":{\"@id\":\"https:\\\/\\\/contactfm72.fr\\\/?p=10210\"},\"wordCount\":655,\"publisher\":{\"@id\":\"https:\\\/\\\/contactfm72.fr\\\/#organization\"},\"image\":{\"@id\":\"https:\\\/\\\/contactfm72.fr\\\/?p=10210#primaryimage\"},\"thumbnailUrl\":\"https:\\\/\\\/contactfm72.fr\\\/wp-content\\\/uploads\\\/2022\\\/05\\\/L\u00e9gislatives-QUI-CANDIDATS.png\",\"articleSection\":[\"Contact FM 72\"],\"inLanguage\":\"fr-FR\"},{\"@type\":\"WebPage\",\"@id\":\"https:\\\/\\\/contactfm72.fr\\\/?p=10210\",\"url\":\"https:\\\/\\\/contactfm72.fr\\\/?p=10210\",\"name\":\"\u00c9lections l\u00e9gislatives. Le RN devant Ensemble ! dans la 3\u00e8me circonscription de Sarthe - Contact FM 99.3\",\"isPartOf\":{\"@id\":\"https:\\\/\\\/contactfm72.fr\\\/#website\"},\"primaryImageOfPage\":{\"@id\":\"https:\\\/\\\/contactfm72.fr\\\/?p=10210#primaryimage\"},\"image\":{\"@id\":\"https:\\\/\\\/contactfm72.fr\\\/?p=10210#primaryimage\"},\"thumbnailUrl\":\"https:\\\/\\\/contactfm72.fr\\\/wp-content\\\/uploads\\\/2022\\\/05\\\/L\u00e9gislatives-QUI-CANDIDATS.png\",\"datePublished\":\"2022-06-13T10:09:10+00:00\",\"dateModified\":\"2022-06-13T16:41:26+00:00\",\"breadcrumb\":{\"@id\":\"https:\\\/\\\/contactfm72.fr\\\/?p=10210#breadcrumb\"},\"inLanguage\":\"fr-FR\",\"potentialAction\":[{\"@type\":\"ReadAction\",\"target\":[\"https:\\\/\\\/contactfm72.fr\\\/?p=10210\"]}]},{\"@type\":\"ImageObject\",\"inLanguage\":\"fr-FR\",\"@id\":\"https:\\\/\\\/contactfm72.fr\\\/?p=10210#primaryimage\",\"url\":\"https:\\\/\\\/contactfm72.fr\\\/wp-content\\\/uploads\\\/2022\\\/05\\\/L\u00e9gislatives-QUI-CANDIDATS.png\",\"contentUrl\":\"https:\\\/\\\/contactfm72.fr\\\/wp-content\\\/uploads\\\/2022\\\/05\\\/L\u00e9gislatives-QUI-CANDIDATS.png\",\"width\":2000,\"height\":1600,\"caption\":\"Quel est le r\u00e9sultat du 1er tour des \u00e9lections l\u00e9gislatives dans la 3\u00e8me circonscription de la Sarthe ?\"},{\"@type\":\"BreadcrumbList\",\"@id\":\"https:\\\/\\\/contactfm72.fr\\\/?p=10210#breadcrumb\",\"itemListElement\":[{\"@type\":\"ListItem\",\"position\":1,\"name\":\"Accueil\",\"item\":\"https:\\\/\\\/contactfm72.fr\\\/\"},{\"@type\":\"ListItem\",\"position\":2,\"name\":\"\u00c9lections l\u00e9gislatives. Le RN devant Ensemble ! dans la 3\u00e8me circonscription de Sarthe\"}]},{\"@type\":\"WebSite\",\"@id\":\"https:\\\/\\\/contactfm72.fr\\\/#website\",\"url\":\"https:\\\/\\\/contactfm72.fr\\\/\",\"name\":\"Contact FM 99.3\",\"description\":\"Votre radio en vall\u00e9e du Loir\",\"publisher\":{\"@id\":\"https:\\\/\\\/contactfm72.fr\\\/#organization\"},\"potentialAction\":[{\"@type\":\"SearchAction\",\"target\":{\"@type\":\"EntryPoint\",\"urlTemplate\":\"https:\\\/\\\/contactfm72.fr\\\/?s={search_term_string}\"},\"query-input\":{\"@type\":\"PropertyValueSpecification\",\"valueRequired\":true,\"valueName\":\"search_term_string\"}}],\"inLanguage\":\"fr-FR\"},{\"@type\":\"Organization\",\"@id\":\"https:\\\/\\\/contactfm72.fr\\\/#organization\",\"name\":\"Contact FM 99.3\",\"url\":\"https:\\\/\\\/contactfm72.fr\\\/\",\"logo\":{\"@type\":\"ImageObject\",\"inLanguage\":\"fr-FR\",\"@id\":\"https:\\\/\\\/contactfm72.fr\\\/#\\\/schema\\\/logo\\\/image\\\/\",\"url\":\"https:\\\/\\\/contactfm72.fr\\\/wp-content\\\/uploads\\\/2025\\\/04\\\/2025-04-18-2.jpg\",\"contentUrl\":\"https:\\\/\\\/contactfm72.fr\\\/wp-content\\\/uploads\\\/2025\\\/04\\\/2025-04-18-2.jpg\",\"width\":680,\"height\":307,\"caption\":\"Contact FM 99.3\"},\"image\":{\"@id\":\"https:\\\/\\\/contactfm72.fr\\\/#\\\/schema\\\/logo\\\/image\\\/\"},\"sameAs\":[\"https:\\\/\\\/www.facebook.com\\\/Contactfm.Chateauduloir\",\"https:\\\/\\\/x.com\\\/contactfm72\",\"https:\\\/\\\/www.instagram.com\\\/contact.fm.72?igsh=cGhlMHQ5N2JlNnpp\",\"https:\\\/\\\/www.tiktok.com\\\/@contact.fm\"]},{\"@type\":\"Person\",\"@id\":\"https:\\\/\\\/contactfm72.fr\\\/#\\\/schema\\\/person\\\/9fdc9d1c2eb029354a4f1535b90ba82d\",\"name\":\"Val\u00e9rie C.\",\"image\":{\"@type\":\"ImageObject\",\"inLanguage\":\"fr-FR\",\"@id\":\"https:\\\/\\\/secure.gravatar.com\\\/avatar\\\/2f8aa28f8dfbd7d4420afd1fdcdd0a349923e2c8a38ab28198b0f9d0601e4737?s=96&d=mm&r=g\",\"url\":\"https:\\\/\\\/secure.gravatar.com\\\/avatar\\\/2f8aa28f8dfbd7d4420afd1fdcdd0a349923e2c8a38ab28198b0f9d0601e4737?s=96&d=mm&r=g\",\"contentUrl\":\"https:\\\/\\\/secure.gravatar.com\\\/avatar\\\/2f8aa28f8dfbd7d4420afd1fdcdd0a349923e2c8a38ab28198b0f9d0601e4737?s=96&d=mm&r=g\",\"caption\":\"Val\u00e9rie C.\"},\"url\":\"https:\\\/\\\/contactfm72.fr\\\/?author=4\"}]}<\/script>\n<!-- \/ Yoast SEO plugin. -->","yoast_head_json":{"title":"\u00c9lections l\u00e9gislatives. Le RN devant Ensemble ! dans la 3\u00e8me circonscription de Sarthe - Contact FM 99.3","robots":{"index":"index","follow":"follow","max-snippet":"max-snippet:-1","max-image-preview":"max-image-preview:large","max-video-preview":"max-video-preview:-1"},"canonical":"https:\/\/contactfm72.fr\/?p=10210","og_locale":"fr_FR","og_type":"article","og_title":"\u00c9lections l\u00e9gislatives. Le RN devant Ensemble ! dans la 3\u00e8me circonscription de Sarthe - Contact FM 99.3","og_description":"Les sarthois de la 3\u00e8me circonscription ont vot\u00e9 ce dimanche 12 juin 2022 et ont plac\u00e9 Bruno Pin\u00e7on du Rassemblement National et \u00c9ric Martineau, candidat pour Ensemble ! en t\u00eate des suffrages des \u00e9lections l\u00e9gislatives. &nbsp; &nbsp; Le 1er tour des \u00e9lections l\u00e9gislatives vient de s\u2019achever, et dans la 3\u00e8me circonscription de la Sarthe, les&hellip;","og_url":"https:\/\/contactfm72.fr\/?p=10210","og_site_name":"Contact FM 99.3","article_publisher":"https:\/\/www.facebook.com\/Contactfm.Chateauduloir","article_published_time":"2022-06-13T10:09:10+00:00","article_modified_time":"2022-06-13T16:41:26+00:00","og_image":[{"width":2000,"height":1600,"url":"https:\/\/contactfm72.fr\/wp-content\/uploads\/2022\/05\/L\u00e9gislatives-QUI-CANDIDATS.png","type":"image\/png"}],"author":"Val\u00e9rie C.","twitter_card":"summary_large_image","twitter_creator":"@contactfm72","twitter_site":"@contactfm72","twitter_misc":{"\u00c9crit par":"Val\u00e9rie C.","Dur\u00e9e de lecture estim\u00e9e":"3 minutes"},"schema":{"@context":"https:\/\/schema.org","@graph":[{"@type":"Article","@id":"https:\/\/contactfm72.fr\/?p=10210#article","isPartOf":{"@id":"https:\/\/contactfm72.fr\/?p=10210"},"author":{"name":"Val\u00e9rie C.","@id":"https:\/\/contactfm72.fr\/#\/schema\/person\/9fdc9d1c2eb029354a4f1535b90ba82d"},"headline":"\u00c9lections l\u00e9gislatives. Le RN devant Ensemble ! dans la 3\u00e8me circonscription de Sarthe","datePublished":"2022-06-13T10:09:10+00:00","dateModified":"2022-06-13T16:41:26+00:00","mainEntityOfPage":{"@id":"https:\/\/contactfm72.fr\/?p=10210"},"wordCount":655,"publisher":{"@id":"https:\/\/contactfm72.fr\/#organization"},"image":{"@id":"https:\/\/contactfm72.fr\/?p=10210#primaryimage"},"thumbnailUrl":"https:\/\/contactfm72.fr\/wp-content\/uploads\/2022\/05\/L\u00e9gislatives-QUI-CANDIDATS.png","articleSection":["Contact FM 72"],"inLanguage":"fr-FR"},{"@type":"WebPage","@id":"https:\/\/contactfm72.fr\/?p=10210","url":"https:\/\/contactfm72.fr\/?p=10210","name":"\u00c9lections l\u00e9gislatives. Le RN devant Ensemble ! dans la 3\u00e8me circonscription de Sarthe - Contact FM 99.3","isPartOf":{"@id":"https:\/\/contactfm72.fr\/#website"},"primaryImageOfPage":{"@id":"https:\/\/contactfm72.fr\/?p=10210#primaryimage"},"image":{"@id":"https:\/\/contactfm72.fr\/?p=10210#primaryimage"},"thumbnailUrl":"https:\/\/contactfm72.fr\/wp-content\/uploads\/2022\/05\/L\u00e9gislatives-QUI-CANDIDATS.png","datePublished":"2022-06-13T10:09:10+00:00","dateModified":"2022-06-13T16:41:26+00:00","breadcrumb":{"@id":"https:\/\/contactfm72.fr\/?p=10210#breadcrumb"},"inLanguage":"fr-FR","potentialAction":[{"@type":"ReadAction","target":["https:\/\/contactfm72.fr\/?p=10210"]}]},{"@type":"ImageObject","inLanguage":"fr-FR","@id":"https:\/\/contactfm72.fr\/?p=10210#primaryimage","url":"https:\/\/contactfm72.fr\/wp-content\/uploads\/2022\/05\/L\u00e9gislatives-QUI-CANDIDATS.png","contentUrl":"https:\/\/contactfm72.fr\/wp-content\/uploads\/2022\/05\/L\u00e9gislatives-QUI-CANDIDATS.png","width":2000,"height":1600,"caption":"Quel est le r\u00e9sultat du 1er tour des \u00e9lections l\u00e9gislatives dans la 3\u00e8me circonscription de la Sarthe ?"},{"@type":"BreadcrumbList","@id":"https:\/\/contactfm72.fr\/?p=10210#breadcrumb","itemListElement":[{"@type":"ListItem","position":1,"name":"Accueil","item":"https:\/\/contactfm72.fr\/"},{"@type":"ListItem","position":2,"name":"\u00c9lections l\u00e9gislatives. Le RN devant Ensemble ! dans la 3\u00e8me circonscription de Sarthe"}]},{"@type":"WebSite","@id":"https:\/\/contactfm72.fr\/#website","url":"https:\/\/contactfm72.fr\/","name":"Contact FM 99.3","description":"Votre radio en vall\u00e9e du Loir","publisher":{"@id":"https:\/\/contactfm72.fr\/#organization"},"potentialAction":[{"@type":"SearchAction","target":{"@type":"EntryPoint","urlTemplate":"https:\/\/contactfm72.fr\/?s={search_term_string}"},"query-input":{"@type":"PropertyValueSpecification","valueRequired":true,"valueName":"search_term_string"}}],"inLanguage":"fr-FR"},{"@type":"Organization","@id":"https:\/\/contactfm72.fr\/#organization","name":"Contact FM 99.3","url":"https:\/\/contactfm72.fr\/","logo":{"@type":"ImageObject","inLanguage":"fr-FR","@id":"https:\/\/contactfm72.fr\/#\/schema\/logo\/image\/","url":"https:\/\/contactfm72.fr\/wp-content\/uploads\/2025\/04\/2025-04-18-2.jpg","contentUrl":"https:\/\/contactfm72.fr\/wp-content\/uploads\/2025\/04\/2025-04-18-2.jpg","width":680,"height":307,"caption":"Contact FM 99.3"},"image":{"@id":"https:\/\/contactfm72.fr\/#\/schema\/logo\/image\/"},"sameAs":["https:\/\/www.facebook.com\/Contactfm.Chateauduloir","https:\/\/x.com\/contactfm72","https:\/\/www.instagram.com\/contact.fm.72?igsh=cGhlMHQ5N2JlNnpp","https:\/\/www.tiktok.com\/@contact.fm"]},{"@type":"Person","@id":"https:\/\/contactfm72.fr\/#\/schema\/person\/9fdc9d1c2eb029354a4f1535b90ba82d","name":"Val\u00e9rie C.","image":{"@type":"ImageObject","inLanguage":"fr-FR","@id":"https:\/\/secure.gravatar.com\/avatar\/2f8aa28f8dfbd7d4420afd1fdcdd0a349923e2c8a38ab28198b0f9d0601e4737?s=96&d=mm&r=g","url":"https:\/\/secure.gravatar.com\/avatar\/2f8aa28f8dfbd7d4420afd1fdcdd0a349923e2c8a38ab28198b0f9d0601e4737?s=96&d=mm&r=g","contentUrl":"https:\/\/secure.gravatar.com\/avatar\/2f8aa28f8dfbd7d4420afd1fdcdd0a349923e2c8a38ab28198b0f9d0601e4737?s=96&d=mm&r=g","caption":"Val\u00e9rie C."},"url":"https:\/\/contactfm72.fr\/?author=4"}]}},"_links":{"self":[{"href":"https:\/\/contactfm72.fr\/index.php?rest_route=\/wp\/v2\/posts\/10210","targetHints":{"allow":["GET"]}}],"collection":[{"href":"https:\/\/contactfm72.fr\/index.php?rest_route=\/wp\/v2\/posts"}],"about":[{"href":"https:\/\/contactfm72.fr\/index.php?rest_route=\/wp\/v2\/types\/post"}],"author":[{"embeddable":true,"href":"https:\/\/contactfm72.fr\/index.php?rest_route=\/wp\/v2\/users\/4"}],"replies":[{"embeddable":true,"href":"https:\/\/contactfm72.fr\/index.php?rest_route=%2Fwp%2Fv2%2Fcomments&post=10210"}],"version-history":[{"count":5,"href":"https:\/\/contactfm72.fr\/index.php?rest_route=\/wp\/v2\/posts\/10210\/revisions"}],"predecessor-version":[{"id":10240,"href":"https:\/\/contactfm72.fr\/index.php?rest_route=\/wp\/v2\/posts\/10210\/revisions\/10240"}],"wp:featuredmedia":[{"embeddable":true,"href":"https:\/\/contactfm72.fr\/index.php?rest_route=\/wp\/v2\/media\/9992"}],"wp:attachment":[{"href":"https:\/\/contactfm72.fr\/index.php?rest_route=%2Fwp%2Fv2%2Fmedia&parent=10210"}],"wp:term":[{"taxonomy":"category","embeddable":true,"href":"https:\/\/contactfm72.fr\/index.php?rest_route=%2Fwp%2Fv2%2Fcategories&post=10210"},{"taxonomy":"post_tag","embeddable":true,"href":"https:\/\/contactfm72.fr\/index.php?rest_route=%2Fwp%2Fv2%2Ftags&post=10210"}],"curies":[{"name":"wp","href":"https:\/\/api.w.org\/{rel}","templated":true}]}}