{"id":10194,"date":"2022-06-10T14:38:56","date_gmt":"2022-06-10T12:38:56","guid":{"rendered":"http:\/\/contactfm72.fr\/?p=10194"},"modified":"2022-06-10T14:38:56","modified_gmt":"2022-06-10T12:38:56","slug":"montval-sur-loir-neuf-refugies-ukrainiens-sont-heberges-sur-le-territoire","status":"publish","type":"post","link":"https:\/\/contactfm72.fr\/?p=10194","title":{"rendered":"Montval-sur-Loir. Neuf r\u00e9fugi\u00e9s ukrainiens sont h\u00e9berg\u00e9s sur le territoire"},"content":{"rendered":"<h2>Neuf r\u00e9fugi\u00e9s ukrainiens sont actuellement log\u00e9s \u00e0 Montval-sur-Loir. La municipalit\u00e9 a r\u00e9cemment organis\u00e9 un pot d&#8217;accueil entre r\u00e9fugi\u00e9s, partenaires et membres d&#8217;associations \u00e0 la r\u00e9sidence des Vertolines de Ch\u00e2teau-du-Loir.<\/h2>\n<p>&nbsp;<\/p>\n<p>Volodymyr, Tetiana, Irina, Veronika, Olga, Mykola, Nina, Oleg et Olena. Ils viennent de <strong>Kiev<\/strong> ou de sa banlieue, et sont \u00e0 pr\u00e9sent h\u00e9berg\u00e9s \u00e0 la <strong>r\u00e9sidence des Vertolines de Ch\u00e2teau-du-Loir<\/strong> et au logement de fonction de la <strong>mairie de Vouvray-sur-Loir<\/strong>, dans le sud <strong>Sarthe<\/strong>. Arriv\u00e9s plus ou moins en m\u00eame temps il y a un mois, la mairie, les partenaires, et les associations se sont massivement mobilis\u00e9s afin de les accueillir et de les int\u00e9grer dignement sur le territoire montvalois.<\/p>\n<p>&nbsp;<\/p>\n<h3><strong>Logements d&#8217;urgence<\/strong><\/h3>\n<blockquote><p>\u00ab On a tous travaill\u00e9 ensemble pour leur donner le meilleur accueil possible en mettant nos locaux et les moyens humains disponibles. La r\u00e9sidence des Vertolines qui accueillait auparavant des personnes en situation d&#8217;autonomie devient maintenant un lieu de mixit\u00e9 qu&#8217;on n&#8217;a pas h\u00e9sit\u00e9 \u00e0 mettre \u00e0 disposition face \u00e0 cette situation dramatique \u00bb, fait savoir le maire Herv\u00e9 Ronci\u00e8re.<\/p><\/blockquote>\n<p>Volodymyr et Tetiana, un couple venant tout droit de <strong>Chernigiv<\/strong> au nord de Kiev, sont arriv\u00e9s le 11 mai et ont d&#8217;abord atterri \u00e0 Ruaudin avant d&#8217;\u00eatre amen\u00e9s sur Ch\u00e2teau-du-Loir. Log\u00e9s dans la r\u00e9sidence des Vertolines, le couple explique que \u00ab nous sommes tr\u00e8s bien ici. Notre fille, Dariia, est nos trois petits enfants de 8, 6 et 3 ans sont log\u00e9s \u00e0 Chartres \u00bb. Dans cette r\u00e9sidence vivent \u00e9galement Irina, Veronika, Olga, et Mykola.<\/p>\n<p>&nbsp;<\/p>\n<h3><strong>Cours de fran\u00e7ais<\/strong><\/h3>\n<p>Tous sont unanimes : parler fran\u00e7ais, c&#8217;est trop difficile. Seuls Mykola, Nina, son fils Oleg, et Irina parlent anglais. Les autres communiquent gr\u00e2ce \u00e0 un traducteur sur smartphone. Dans le but de s&#8217;int\u00e9grer d&#8217;autant plus \u00e0 leur nouvel environnement, le centre social Loir &amp; Berc\u00e9 contribue \u00e0 leur apporter de l&#8217;aide en ce sens.<strong> V\u00e9ronique et Laurence sont deux b\u00e9n\u00e9voles<\/strong> qui les aident \u00e0 apprendre la langue, en venant, tous les mardis, leur donner des cours, directement au centre social.<\/p>\n<p>&nbsp;<\/p>\n<h3><strong>Activit\u00e9s et int\u00e9gration<\/strong><\/h3>\n<p>Les associations et partenaires locaux leur mettent \u00e9galement \u00e0 disposition de la nourriture et des v\u00eatements, notamment r\u00e9colt\u00e9s lors des pr\u00e9c\u00e9dentes collectes. La plupart sont partis d&#8217;Ukraine avec le strict minimum.<\/p>\n<blockquote><p>\u00ab\u00a0Tous les vendredis, les r\u00e9fugi\u00e9s viennent \u00e0 l\u2019\u00e9picerie sociale et solidaire pour faire leurs courses\u00a0\u00bb, pr\u00e9cise Dominique Langevin, adjoint aux affaires sociales.<\/p><\/blockquote>\n<p>Le centre social contribue \u00e9galement \u00e0 leur int\u00e9gration en organisant des<strong> activit\u00e9s et des animations<\/strong>. Plusieurs b\u00e9n\u00e9voles ont d&#8217;ailleurs d\u00e9cid\u00e9 d&#8217;organiser une sortie o\u00f9 maillot de bain sera obligatoire, le 21 juin prochain. La destination reste une surprise.<\/p>\n<p>&nbsp;<\/p>\n<p>&nbsp;<\/p>\n<p>&nbsp;<\/p>\n<p>&nbsp;<\/p>\n<h2 style=\"text-align: left;\"><strong>De Kiev \u00e0 Vouvray, Nina et Oleg sont bien int\u00e9gr\u00e9s<\/strong><\/h2>\n<p>&nbsp;<\/p>\n<div id=\"attachment_10195\" style=\"width: 2058px\" class=\"wp-caption alignnone\"><img loading=\"lazy\" decoding=\"async\" aria-describedby=\"caption-attachment-10195\" class=\"wp-image-10195 size-full\" src=\"http:\/\/contactfm72.fr\/wp-content\/uploads\/2022\/06\/pot-daccueil-Jacques-Langevin-pr\u00e9sident-du-centre-social-Loir-Berc\u00e9-et-Nina..jpg\" alt=\"Jacques Langevin, pr\u00e9sident du centre social Loir &amp; Berc\u00e9, a \u00e9t\u00e9 cherch\u00e9 Nina \u00e0 Thoire-sur-Dinan, pour les amener au logement de fonction de la mairie de Vouvray-sur-Loir, commune d\u00e9l\u00e9gu\u00e9e de Montval-sur-Loir.\" width=\"2048\" height=\"1536\" \/><p id=\"caption-attachment-10195\" class=\"wp-caption-text\">Jacques Langevin, pr\u00e9sident du centre social Loir &amp; Berc\u00e9, a \u00e9t\u00e9 cherch\u00e9 Nina \u00e0 Thoire-sur-Dinan, pour les amener au logement de fonction de la mairie de Vouvray-sur-Loir, commune d\u00e9l\u00e9gu\u00e9e de Montval-sur-Loir.<\/p><\/div>\n<p>Nina, <strong>46 ans<\/strong>, est arriv\u00e9e \u00e0 Thoir\u00e9-sur-Dinan le mois dernier, accompagn\u00e9e de <strong>son fils, Oleg, 17 ans<\/strong>. C&#8217;est <strong>Jacques Langevin, pr\u00e9sident du centre social Loir &amp; Berc\u00e9<\/strong>, qui les a amen\u00e9s au logement de la mairie de Vouvray-sur-Loir.<\/p>\n<blockquote><p>\u00ab Ils sont arriv\u00e9s en France gr\u00e2ce aux r\u00e9seaux sociaux, je ne pourrais pas dire exactement comment. Ils \u00e9taient compl\u00e8tement perdus. Il n&#8217;y avait rien \u00e0 faire pour eux \u00e0 Thoir\u00e9, alors on les a plac\u00e9s ici \u00bb, explique le pr\u00e9sident.<\/p><\/blockquote>\n<p>&nbsp;<\/p>\n<p>A Kiev, Nina \u00e9tait<strong> gestionnaire des finances pour une \u00e9cole priv\u00e9e<\/strong>. \u00ab D\u00e8s que la guerre a \u00e9clat\u00e9, on est partis mon fils et moi. On s&#8217;est d&#8217;abord rendus \u00e0 la fronti\u00e8re, en Bulgarie. On a mis deux jours pour y aller. Puis, on a fait le voyage en voiture jusqu&#8217;en France. On a travers\u00e9 la Bulgarie, l&#8217;Autriche, et l&#8217;Allemagne. Et nous sommes arriv\u00e9s ici \u00bb. Un <strong>long voyage de sept jours<\/strong>, extr\u00eamement \u00e9puisant pour la m\u00e8re et son fils.<\/p>\n<p>&nbsp;<\/p>\n<h3><strong>Scolaris\u00e9 \u00e0 Racan<\/strong><\/h3>\n<p>Une fois m\u00e8re et fils install\u00e9s \u00e0 Vouvray-sur-Loir, Oleg a de suite \u00e9t\u00e9 scolaris\u00e9 au <strong>lyc\u00e9e Racan<\/strong>. \u00ab Il parle tr\u00e8s bien anglais, il s&#8217;est vite fait des amis. Il adore la chimie et les math\u00e9matiques. Mais il ne comprend rien du tout en Histoire et en Philosophie, surtout \u00e0 cause de la langue \u00bb, explique Nina.<\/p>\n<blockquote><p>\u00ab Nous avons des \u00e9conomies, j&#8217;ai donc pu m&#8217;acheter un v\u00e9lo \u00e9lectrique pour aller faire mes courses. Mais c&#8217;est tr\u00e8s contraignant car je ne peux rien mettre dans ma petite sacoche. Aussi, faire du v\u00e9lo ici, c&#8217;est tr\u00e8s dangereux. Il n&#8217;y a pas de piste cyclable et les gens roulent tr\u00e8s vite \u00bb, fait remarquer Nina, qui emprunte quotidiennement la rue Oscar Moneris.<\/p><\/blockquote>\n<p>Nina explique \u00e9galement que les associations sont tr\u00e8s pr\u00e9sentes pour les aider \u00e0 s&#8217;int\u00e9grer. Tous les neuf sont toujours en contact et partent souvent ensemble<strong> visiter leur nouveau lieu de vie.<\/strong><\/p>\n<blockquote><p>Nina ne sait pas quand elle pourra retourner en Ukraine : \u00ab Bien s\u00fbr que je veux retourner chez moi, et le plus vite possible. Mais il faut d&#8217;abord que la situation \u00e9conomique nous le permette \u00bb, termine Nina.<\/p><\/blockquote>\n<p>&nbsp;<\/p>\n<p>&nbsp;<\/p>\n<p>&nbsp;<\/p>\n<p>&nbsp;<\/p>\n<h2><strong>Il a travaill\u00e9 pour la BBC<\/strong><\/h2>\n<p>&nbsp;<\/p>\n<div id=\"attachment_10196\" style=\"width: 2058px\" class=\"wp-caption alignnone\"><img loading=\"lazy\" decoding=\"async\" aria-describedby=\"caption-attachment-10196\" class=\"wp-image-10196 size-full\" src=\"http:\/\/contactfm72.fr\/wp-content\/uploads\/2022\/06\/pot-daccueil-Olga-et-Mykola..jpg\" alt=\"Olga et Mykola sont fr\u00e8re et soeur.\" width=\"2048\" height=\"1536\" \/><p id=\"caption-attachment-10196\" class=\"wp-caption-text\">Olga et Mykola sont fr\u00e8re et soeur.<\/p><\/div>\n<p><strong>Mykola et sa s\u0153ur Olga<\/strong> sont arriv\u00e9s au d\u00e9but du mois de mai \u00e0 Ch\u00e2teau-du-Loir et sont tous les deux log\u00e9s \u00e0 la r\u00e9sidence des Vertolines. Tous les deux <strong>ing\u00e9nieurs<\/strong>, Mykola explique qu&#8217; \u00ab il n&#8217;y a pas d&#8217;\u00e9quivalence en France vis-\u00e0-vis de nos dipl\u00f4mes. Beaucoup d&#8217;\u00e9tudiants ukrainiens avec de tr\u00e8s bons niveaux universitaires se retrouvent avec rien aujourd&#8217;hui \u00bb.<\/p>\n<p>Mykola parle un anglais approximatif et pr\u00e9f\u00e8re utiliser son smartphone pour traduire et communiquer.<\/p>\n<blockquote><p>\u00ab J&#8217;ai exactement 0 euro sur mon compte en banque. Ce sont les associations qui nous aident. On est tr\u00e8s bien int\u00e9gr\u00e9 ici \u00bb, continue-t-il.<\/p><\/blockquote>\n<p>&nbsp;<\/p>\n<h3><strong>Photographe amateur<\/strong><\/h3>\n<p>En parall\u00e8le de son travail d&#8217;ing\u00e9nieur, Mykola est <strong>photographe amateur depuis plus de 50 ans<\/strong> et estime que la photographie est sa plus grande passion : \u00ab J&#8217;ai toujours mon appareil photo autour du cou. J&#8217;ai d&#8217;ailleurs \u00e9t\u00e9 missionn\u00e9 pour des reportages photos pour la BBC plusieurs fois dans mon pays \u00bb, termine-t-il.<\/p>\n<p>Karine Le Bourhis, directrice du centre social, a d&#8217;ailleurs d\u00e9cid\u00e9 de le missionner ; dor\u00e9navant, Mykola travaillera avec les jeunes du centre et <strong>effectuera des reportages photos<\/strong>.<\/p>\n<!-- AddThis Advanced Settings generic via filter on the_content --><!-- AddThis Share Buttons generic via filter on the_content -->","protected":false},"excerpt":{"rendered":"<p>Neuf r\u00e9fugi\u00e9s ukrainiens sont actuellement log\u00e9s \u00e0 Montval-sur-Loir. La municipalit\u00e9 a r\u00e9cemment organis\u00e9 un pot d&#8217;accueil entre r\u00e9fugi\u00e9s, partenaires et membres d&#8217;associations \u00e0 la r\u00e9sidence des Vertolines de Ch\u00e2teau-du-Loir. &nbsp; Volodymyr, Tetiana, Irina, Veronika, Olga, Mykola, Nina, Oleg et Olena. Ils viennent de Kiev ou de sa banlieue, et sont \u00e0 pr\u00e9sent h\u00e9berg\u00e9s \u00e0 la&hellip;<!-- AddThis Advanced Settings generic via filter on get_the_excerpt --><!-- AddThis Share Buttons generic via filter on get_the_excerpt --><\/p>\n","protected":false},"author":4,"featured_media":10197,"comment_status":"closed","ping_status":"open","sticky":false,"template":"","format":"standard","meta":{"footnotes":""},"categories":[1],"tags":[],"class_list":["post-10194","post","type-post","status-publish","format-standard","has-post-thumbnail","hentry","category-contact-fm-72","category-1","description-off"],"yoast_head":"<!-- This site is optimized with the Yoast SEO plugin v27.4 - https:\/\/yoast.com\/product\/yoast-seo-wordpress\/ -->\n<title>Montval-sur-Loir. Neuf r\u00e9fugi\u00e9s ukrainiens sont h\u00e9berg\u00e9s sur le territoire - Contact FM 99.3<\/title>\n<meta name=\"robots\" content=\"index, follow, max-snippet:-1, max-image-preview:large, max-video-preview:-1\" \/>\n<link rel=\"canonical\" href=\"https:\/\/contactfm72.fr\/?p=10194\" \/>\n<meta property=\"og:locale\" content=\"fr_FR\" \/>\n<meta property=\"og:type\" content=\"article\" \/>\n<meta property=\"og:title\" content=\"Montval-sur-Loir. Neuf r\u00e9fugi\u00e9s ukrainiens sont h\u00e9berg\u00e9s sur le territoire - Contact FM 99.3\" \/>\n<meta property=\"og:description\" content=\"Neuf r\u00e9fugi\u00e9s ukrainiens sont actuellement log\u00e9s \u00e0 Montval-sur-Loir. La municipalit\u00e9 a r\u00e9cemment organis\u00e9 un pot d&#8217;accueil entre r\u00e9fugi\u00e9s, partenaires et membres d&#8217;associations \u00e0 la r\u00e9sidence des Vertolines de Ch\u00e2teau-du-Loir. &nbsp; Volodymyr, Tetiana, Irina, Veronika, Olga, Mykola, Nina, Oleg et Olena. Ils viennent de Kiev ou de sa banlieue, et sont \u00e0 pr\u00e9sent h\u00e9berg\u00e9s \u00e0 la&hellip;\" \/>\n<meta property=\"og:url\" content=\"https:\/\/contactfm72.fr\/?p=10194\" \/>\n<meta property=\"og:site_name\" content=\"Contact FM 99.3\" \/>\n<meta property=\"article:publisher\" content=\"https:\/\/www.facebook.com\/Contactfm.Chateauduloir\" \/>\n<meta property=\"article:published_time\" content=\"2022-06-10T12:38:56+00:00\" \/>\n<meta property=\"og:image\" content=\"https:\/\/contactfm72.fr\/wp-content\/uploads\/2022\/06\/pot-daccueil-Nina-Mykola-Volodymyr-Tetiana-Olga-Irina-et-Veronika..jpg\" \/>\n\t<meta property=\"og:image:width\" content=\"2048\" \/>\n\t<meta property=\"og:image:height\" content=\"1536\" \/>\n\t<meta property=\"og:image:type\" content=\"image\/jpeg\" \/>\n<meta name=\"author\" content=\"Val\u00e9rie C.\" \/>\n<meta name=\"twitter:card\" content=\"summary_large_image\" \/>\n<meta name=\"twitter:creator\" content=\"@contactfm72\" \/>\n<meta name=\"twitter:site\" content=\"@contactfm72\" \/>\n<meta name=\"twitter:label1\" content=\"\u00c9crit par\" \/>\n\t<meta name=\"twitter:data1\" content=\"Val\u00e9rie C.\" \/>\n\t<meta name=\"twitter:label2\" content=\"Dur\u00e9e de lecture estim\u00e9e\" \/>\n\t<meta name=\"twitter:data2\" content=\"5 minutes\" \/>\n<script type=\"application\/ld+json\" class=\"yoast-schema-graph\">{\"@context\":\"https:\\\/\\\/schema.org\",\"@graph\":[{\"@type\":\"Article\",\"@id\":\"https:\\\/\\\/contactfm72.fr\\\/?p=10194#article\",\"isPartOf\":{\"@id\":\"https:\\\/\\\/contactfm72.fr\\\/?p=10194\"},\"author\":{\"name\":\"Val\u00e9rie C.\",\"@id\":\"https:\\\/\\\/contactfm72.fr\\\/#\\\/schema\\\/person\\\/9fdc9d1c2eb029354a4f1535b90ba82d\"},\"headline\":\"Montval-sur-Loir. Neuf r\u00e9fugi\u00e9s ukrainiens sont h\u00e9berg\u00e9s sur le territoire\",\"datePublished\":\"2022-06-10T12:38:56+00:00\",\"mainEntityOfPage\":{\"@id\":\"https:\\\/\\\/contactfm72.fr\\\/?p=10194\"},\"wordCount\":1140,\"publisher\":{\"@id\":\"https:\\\/\\\/contactfm72.fr\\\/#organization\"},\"image\":{\"@id\":\"https:\\\/\\\/contactfm72.fr\\\/?p=10194#primaryimage\"},\"thumbnailUrl\":\"https:\\\/\\\/contactfm72.fr\\\/wp-content\\\/uploads\\\/2022\\\/06\\\/pot-daccueil-Nina-Mykola-Volodymyr-Tetiana-Olga-Irina-et-Veronika..jpg\",\"articleSection\":[\"Contact FM 72\"],\"inLanguage\":\"fr-FR\"},{\"@type\":\"WebPage\",\"@id\":\"https:\\\/\\\/contactfm72.fr\\\/?p=10194\",\"url\":\"https:\\\/\\\/contactfm72.fr\\\/?p=10194\",\"name\":\"Montval-sur-Loir. Neuf r\u00e9fugi\u00e9s ukrainiens sont h\u00e9berg\u00e9s sur le territoire - Contact FM 99.3\",\"isPartOf\":{\"@id\":\"https:\\\/\\\/contactfm72.fr\\\/#website\"},\"primaryImageOfPage\":{\"@id\":\"https:\\\/\\\/contactfm72.fr\\\/?p=10194#primaryimage\"},\"image\":{\"@id\":\"https:\\\/\\\/contactfm72.fr\\\/?p=10194#primaryimage\"},\"thumbnailUrl\":\"https:\\\/\\\/contactfm72.fr\\\/wp-content\\\/uploads\\\/2022\\\/06\\\/pot-daccueil-Nina-Mykola-Volodymyr-Tetiana-Olga-Irina-et-Veronika..jpg\",\"datePublished\":\"2022-06-10T12:38:56+00:00\",\"breadcrumb\":{\"@id\":\"https:\\\/\\\/contactfm72.fr\\\/?p=10194#breadcrumb\"},\"inLanguage\":\"fr-FR\",\"potentialAction\":[{\"@type\":\"ReadAction\",\"target\":[\"https:\\\/\\\/contactfm72.fr\\\/?p=10194\"]}]},{\"@type\":\"ImageObject\",\"inLanguage\":\"fr-FR\",\"@id\":\"https:\\\/\\\/contactfm72.fr\\\/?p=10194#primaryimage\",\"url\":\"https:\\\/\\\/contactfm72.fr\\\/wp-content\\\/uploads\\\/2022\\\/06\\\/pot-daccueil-Nina-Mykola-Volodymyr-Tetiana-Olga-Irina-et-Veronika..jpg\",\"contentUrl\":\"https:\\\/\\\/contactfm72.fr\\\/wp-content\\\/uploads\\\/2022\\\/06\\\/pot-daccueil-Nina-Mykola-Volodymyr-Tetiana-Olga-Irina-et-Veronika..jpg\",\"width\":2048,\"height\":1536,\"caption\":\"De g. \u00e0 dr. Nina, Mykola, Volodymyr, Tetiana, Olga, Irina, et Veronika, lors du pot d'accueil organis\u00e9 par la municipalit\u00e9.\"},{\"@type\":\"BreadcrumbList\",\"@id\":\"https:\\\/\\\/contactfm72.fr\\\/?p=10194#breadcrumb\",\"itemListElement\":[{\"@type\":\"ListItem\",\"position\":1,\"name\":\"Accueil\",\"item\":\"https:\\\/\\\/contactfm72.fr\\\/\"},{\"@type\":\"ListItem\",\"position\":2,\"name\":\"Montval-sur-Loir. Neuf r\u00e9fugi\u00e9s ukrainiens sont h\u00e9berg\u00e9s sur le territoire\"}]},{\"@type\":\"WebSite\",\"@id\":\"https:\\\/\\\/contactfm72.fr\\\/#website\",\"url\":\"https:\\\/\\\/contactfm72.fr\\\/\",\"name\":\"Contact FM 99.3\",\"description\":\"Votre radio en vall\u00e9e du Loir\",\"publisher\":{\"@id\":\"https:\\\/\\\/contactfm72.fr\\\/#organization\"},\"potentialAction\":[{\"@type\":\"SearchAction\",\"target\":{\"@type\":\"EntryPoint\",\"urlTemplate\":\"https:\\\/\\\/contactfm72.fr\\\/?s={search_term_string}\"},\"query-input\":{\"@type\":\"PropertyValueSpecification\",\"valueRequired\":true,\"valueName\":\"search_term_string\"}}],\"inLanguage\":\"fr-FR\"},{\"@type\":\"Organization\",\"@id\":\"https:\\\/\\\/contactfm72.fr\\\/#organization\",\"name\":\"Contact FM 99.3\",\"url\":\"https:\\\/\\\/contactfm72.fr\\\/\",\"logo\":{\"@type\":\"ImageObject\",\"inLanguage\":\"fr-FR\",\"@id\":\"https:\\\/\\\/contactfm72.fr\\\/#\\\/schema\\\/logo\\\/image\\\/\",\"url\":\"https:\\\/\\\/contactfm72.fr\\\/wp-content\\\/uploads\\\/2025\\\/04\\\/2025-04-18-2.jpg\",\"contentUrl\":\"https:\\\/\\\/contactfm72.fr\\\/wp-content\\\/uploads\\\/2025\\\/04\\\/2025-04-18-2.jpg\",\"width\":680,\"height\":307,\"caption\":\"Contact FM 99.3\"},\"image\":{\"@id\":\"https:\\\/\\\/contactfm72.fr\\\/#\\\/schema\\\/logo\\\/image\\\/\"},\"sameAs\":[\"https:\\\/\\\/www.facebook.com\\\/Contactfm.Chateauduloir\",\"https:\\\/\\\/x.com\\\/contactfm72\",\"https:\\\/\\\/www.instagram.com\\\/contact.fm.72?igsh=cGhlMHQ5N2JlNnpp\",\"https:\\\/\\\/www.tiktok.com\\\/@contact.fm\"]},{\"@type\":\"Person\",\"@id\":\"https:\\\/\\\/contactfm72.fr\\\/#\\\/schema\\\/person\\\/9fdc9d1c2eb029354a4f1535b90ba82d\",\"name\":\"Val\u00e9rie C.\",\"image\":{\"@type\":\"ImageObject\",\"inLanguage\":\"fr-FR\",\"@id\":\"https:\\\/\\\/secure.gravatar.com\\\/avatar\\\/2f8aa28f8dfbd7d4420afd1fdcdd0a349923e2c8a38ab28198b0f9d0601e4737?s=96&d=mm&r=g\",\"url\":\"https:\\\/\\\/secure.gravatar.com\\\/avatar\\\/2f8aa28f8dfbd7d4420afd1fdcdd0a349923e2c8a38ab28198b0f9d0601e4737?s=96&d=mm&r=g\",\"contentUrl\":\"https:\\\/\\\/secure.gravatar.com\\\/avatar\\\/2f8aa28f8dfbd7d4420afd1fdcdd0a349923e2c8a38ab28198b0f9d0601e4737?s=96&d=mm&r=g\",\"caption\":\"Val\u00e9rie C.\"},\"url\":\"https:\\\/\\\/contactfm72.fr\\\/?author=4\"}]}<\/script>\n<!-- \/ Yoast SEO plugin. -->","yoast_head_json":{"title":"Montval-sur-Loir. Neuf r\u00e9fugi\u00e9s ukrainiens sont h\u00e9berg\u00e9s sur le territoire - Contact FM 99.3","robots":{"index":"index","follow":"follow","max-snippet":"max-snippet:-1","max-image-preview":"max-image-preview:large","max-video-preview":"max-video-preview:-1"},"canonical":"https:\/\/contactfm72.fr\/?p=10194","og_locale":"fr_FR","og_type":"article","og_title":"Montval-sur-Loir. Neuf r\u00e9fugi\u00e9s ukrainiens sont h\u00e9berg\u00e9s sur le territoire - Contact FM 99.3","og_description":"Neuf r\u00e9fugi\u00e9s ukrainiens sont actuellement log\u00e9s \u00e0 Montval-sur-Loir. La municipalit\u00e9 a r\u00e9cemment organis\u00e9 un pot d&#8217;accueil entre r\u00e9fugi\u00e9s, partenaires et membres d&#8217;associations \u00e0 la r\u00e9sidence des Vertolines de Ch\u00e2teau-du-Loir. &nbsp; Volodymyr, Tetiana, Irina, Veronika, Olga, Mykola, Nina, Oleg et Olena. Ils viennent de Kiev ou de sa banlieue, et sont \u00e0 pr\u00e9sent h\u00e9berg\u00e9s \u00e0 la&hellip;","og_url":"https:\/\/contactfm72.fr\/?p=10194","og_site_name":"Contact FM 99.3","article_publisher":"https:\/\/www.facebook.com\/Contactfm.Chateauduloir","article_published_time":"2022-06-10T12:38:56+00:00","og_image":[{"width":2048,"height":1536,"url":"https:\/\/contactfm72.fr\/wp-content\/uploads\/2022\/06\/pot-daccueil-Nina-Mykola-Volodymyr-Tetiana-Olga-Irina-et-Veronika..jpg","type":"image\/jpeg"}],"author":"Val\u00e9rie C.","twitter_card":"summary_large_image","twitter_creator":"@contactfm72","twitter_site":"@contactfm72","twitter_misc":{"\u00c9crit par":"Val\u00e9rie C.","Dur\u00e9e de lecture estim\u00e9e":"5 minutes"},"schema":{"@context":"https:\/\/schema.org","@graph":[{"@type":"Article","@id":"https:\/\/contactfm72.fr\/?p=10194#article","isPartOf":{"@id":"https:\/\/contactfm72.fr\/?p=10194"},"author":{"name":"Val\u00e9rie C.","@id":"https:\/\/contactfm72.fr\/#\/schema\/person\/9fdc9d1c2eb029354a4f1535b90ba82d"},"headline":"Montval-sur-Loir. Neuf r\u00e9fugi\u00e9s ukrainiens sont h\u00e9berg\u00e9s sur le territoire","datePublished":"2022-06-10T12:38:56+00:00","mainEntityOfPage":{"@id":"https:\/\/contactfm72.fr\/?p=10194"},"wordCount":1140,"publisher":{"@id":"https:\/\/contactfm72.fr\/#organization"},"image":{"@id":"https:\/\/contactfm72.fr\/?p=10194#primaryimage"},"thumbnailUrl":"https:\/\/contactfm72.fr\/wp-content\/uploads\/2022\/06\/pot-daccueil-Nina-Mykola-Volodymyr-Tetiana-Olga-Irina-et-Veronika..jpg","articleSection":["Contact FM 72"],"inLanguage":"fr-FR"},{"@type":"WebPage","@id":"https:\/\/contactfm72.fr\/?p=10194","url":"https:\/\/contactfm72.fr\/?p=10194","name":"Montval-sur-Loir. Neuf r\u00e9fugi\u00e9s ukrainiens sont h\u00e9berg\u00e9s sur le territoire - Contact FM 99.3","isPartOf":{"@id":"https:\/\/contactfm72.fr\/#website"},"primaryImageOfPage":{"@id":"https:\/\/contactfm72.fr\/?p=10194#primaryimage"},"image":{"@id":"https:\/\/contactfm72.fr\/?p=10194#primaryimage"},"thumbnailUrl":"https:\/\/contactfm72.fr\/wp-content\/uploads\/2022\/06\/pot-daccueil-Nina-Mykola-Volodymyr-Tetiana-Olga-Irina-et-Veronika..jpg","datePublished":"2022-06-10T12:38:56+00:00","breadcrumb":{"@id":"https:\/\/contactfm72.fr\/?p=10194#breadcrumb"},"inLanguage":"fr-FR","potentialAction":[{"@type":"ReadAction","target":["https:\/\/contactfm72.fr\/?p=10194"]}]},{"@type":"ImageObject","inLanguage":"fr-FR","@id":"https:\/\/contactfm72.fr\/?p=10194#primaryimage","url":"https:\/\/contactfm72.fr\/wp-content\/uploads\/2022\/06\/pot-daccueil-Nina-Mykola-Volodymyr-Tetiana-Olga-Irina-et-Veronika..jpg","contentUrl":"https:\/\/contactfm72.fr\/wp-content\/uploads\/2022\/06\/pot-daccueil-Nina-Mykola-Volodymyr-Tetiana-Olga-Irina-et-Veronika..jpg","width":2048,"height":1536,"caption":"De g. \u00e0 dr. Nina, Mykola, Volodymyr, Tetiana, Olga, Irina, et Veronika, lors du pot d'accueil organis\u00e9 par la municipalit\u00e9."},{"@type":"BreadcrumbList","@id":"https:\/\/contactfm72.fr\/?p=10194#breadcrumb","itemListElement":[{"@type":"ListItem","position":1,"name":"Accueil","item":"https:\/\/contactfm72.fr\/"},{"@type":"ListItem","position":2,"name":"Montval-sur-Loir. Neuf r\u00e9fugi\u00e9s ukrainiens sont h\u00e9berg\u00e9s sur le territoire"}]},{"@type":"WebSite","@id":"https:\/\/contactfm72.fr\/#website","url":"https:\/\/contactfm72.fr\/","name":"Contact FM 99.3","description":"Votre radio en vall\u00e9e du Loir","publisher":{"@id":"https:\/\/contactfm72.fr\/#organization"},"potentialAction":[{"@type":"SearchAction","target":{"@type":"EntryPoint","urlTemplate":"https:\/\/contactfm72.fr\/?s={search_term_string}"},"query-input":{"@type":"PropertyValueSpecification","valueRequired":true,"valueName":"search_term_string"}}],"inLanguage":"fr-FR"},{"@type":"Organization","@id":"https:\/\/contactfm72.fr\/#organization","name":"Contact FM 99.3","url":"https:\/\/contactfm72.fr\/","logo":{"@type":"ImageObject","inLanguage":"fr-FR","@id":"https:\/\/contactfm72.fr\/#\/schema\/logo\/image\/","url":"https:\/\/contactfm72.fr\/wp-content\/uploads\/2025\/04\/2025-04-18-2.jpg","contentUrl":"https:\/\/contactfm72.fr\/wp-content\/uploads\/2025\/04\/2025-04-18-2.jpg","width":680,"height":307,"caption":"Contact FM 99.3"},"image":{"@id":"https:\/\/contactfm72.fr\/#\/schema\/logo\/image\/"},"sameAs":["https:\/\/www.facebook.com\/Contactfm.Chateauduloir","https:\/\/x.com\/contactfm72","https:\/\/www.instagram.com\/contact.fm.72?igsh=cGhlMHQ5N2JlNnpp","https:\/\/www.tiktok.com\/@contact.fm"]},{"@type":"Person","@id":"https:\/\/contactfm72.fr\/#\/schema\/person\/9fdc9d1c2eb029354a4f1535b90ba82d","name":"Val\u00e9rie C.","image":{"@type":"ImageObject","inLanguage":"fr-FR","@id":"https:\/\/secure.gravatar.com\/avatar\/2f8aa28f8dfbd7d4420afd1fdcdd0a349923e2c8a38ab28198b0f9d0601e4737?s=96&d=mm&r=g","url":"https:\/\/secure.gravatar.com\/avatar\/2f8aa28f8dfbd7d4420afd1fdcdd0a349923e2c8a38ab28198b0f9d0601e4737?s=96&d=mm&r=g","contentUrl":"https:\/\/secure.gravatar.com\/avatar\/2f8aa28f8dfbd7d4420afd1fdcdd0a349923e2c8a38ab28198b0f9d0601e4737?s=96&d=mm&r=g","caption":"Val\u00e9rie C."},"url":"https:\/\/contactfm72.fr\/?author=4"}]}},"_links":{"self":[{"href":"https:\/\/contactfm72.fr\/index.php?rest_route=\/wp\/v2\/posts\/10194","targetHints":{"allow":["GET"]}}],"collection":[{"href":"https:\/\/contactfm72.fr\/index.php?rest_route=\/wp\/v2\/posts"}],"about":[{"href":"https:\/\/contactfm72.fr\/index.php?rest_route=\/wp\/v2\/types\/post"}],"author":[{"embeddable":true,"href":"https:\/\/contactfm72.fr\/index.php?rest_route=\/wp\/v2\/users\/4"}],"replies":[{"embeddable":true,"href":"https:\/\/contactfm72.fr\/index.php?rest_route=%2Fwp%2Fv2%2Fcomments&post=10194"}],"version-history":[{"count":1,"href":"https:\/\/contactfm72.fr\/index.php?rest_route=\/wp\/v2\/posts\/10194\/revisions"}],"predecessor-version":[{"id":10198,"href":"https:\/\/contactfm72.fr\/index.php?rest_route=\/wp\/v2\/posts\/10194\/revisions\/10198"}],"wp:featuredmedia":[{"embeddable":true,"href":"https:\/\/contactfm72.fr\/index.php?rest_route=\/wp\/v2\/media\/10197"}],"wp:attachment":[{"href":"https:\/\/contactfm72.fr\/index.php?rest_route=%2Fwp%2Fv2%2Fmedia&parent=10194"}],"wp:term":[{"taxonomy":"category","embeddable":true,"href":"https:\/\/contactfm72.fr\/index.php?rest_route=%2Fwp%2Fv2%2Fcategories&post=10194"},{"taxonomy":"post_tag","embeddable":true,"href":"https:\/\/contactfm72.fr\/index.php?rest_route=%2Fwp%2Fv2%2Ftags&post=10194"}],"curies":[{"name":"wp","href":"https:\/\/api.w.org\/{rel}","templated":true}]}}