{"id":10168,"date":"2022-06-08T16:18:10","date_gmt":"2022-06-08T14:18:10","guid":{"rendered":"http:\/\/contactfm72.fr\/?p=10168"},"modified":"2022-06-08T16:20:57","modified_gmt":"2022-06-08T14:20:57","slug":"24h-du-mans-les-routes-fermees-comment-circuler","status":"publish","type":"post","link":"https:\/\/contactfm72.fr\/?p=10168","title":{"rendered":"24 Heures du Mans : les routes ferm\u00e9es, comment circuler ?"},"content":{"rendered":"<h2>Les 24 Heures du Mans sont de retour d\u00e8s ce mercredi 8 juin 2022. Plusieurs portions de routes sont interdites \u00e0 la circulation. Quel est le plan de circulation\u00a0? Comment acc\u00e9der au Mans en \u00e9vitant les bouchons\u00a0?<\/h2>\n<p>&nbsp;<\/p>\n<p>&nbsp;<\/p>\n<p>La plus mythique des courses automobiles est de retour ce <strong>samedi 11 et dimanche 12 juin<\/strong>. Les <strong>24 Heures du Mans<\/strong> repr\u00e9sentent bien plus qu\u2019un week-end de course. Le compte \u00e0 rebours est d\u00e9j\u00e0 lanc\u00e9 avec le coup d\u2019envoi des <strong>essais libres ce mercredi 8 et jeudi 9 juin<\/strong>.<\/p>\n<p>C\u2019est donc la particularit\u00e9 des 24 Heures ; les coureurs empruntent des routes habituellement ouvertes \u00e0 la circulation. Le circuit des 24 Heures du Mans offre un <strong>trac\u00e9 de 13,629 km<\/strong>, soit l&#8217;un des circuits automobiles les plus longs du monde. Depuis ce mercredi 8 juin, et plus pr\u00e9cis\u00e9ment d\u00e8s 3h du matin, le <strong>mode circuit a \u00e9t\u00e9 activ\u00e9<\/strong>, et sans interruption jusqu&#8217;\u00e0 l&#8217;arriv\u00e9e de la course dimanche. Les <a href=\"https:\/\/www.sarthe.fr\/actualites\/montage-nocturne-du-circuit-par-les-agents-du-departement\">agents du d\u00e9partement ont proc\u00e9d\u00e9 au montage du circuit.<\/a><\/p>\n<p>Autrement dit, les <strong>routes d\u00e9partementales sont ferm\u00e9es \u00e0 la circulation<\/strong>.<\/p>\n<p>&nbsp;<\/p>\n<h3><strong>Les routes ferm\u00e9es de mercredi \u00e0 dimanche <\/strong><\/h3>\n<p>Voici les quatre d\u00e9partementales ferm\u00e9es \u00e0 la circulation en raison de la 90<sup>\u00e8me<\/sup> \u00e9dition des 24h du Mans\u00a0:<\/p>\n<ul>\n<li>La <strong>RD 338 (Mulsanne &#8211; Le Mans)<\/strong> entre le giratoire du Tertre Rouge au Mans et celui de Mulsanne (Chronom\u00e8tre)<\/li>\n<li>La <strong>RD 140 (Mulsanne &#8211; Arnage)<\/strong> entre le giratoire de Mulsanne et le giratoire du virage d\u2019Arnage<\/li>\n<li>La <strong>RD 139 (Monc\u00e9-en-Belin &#8211; Le Mans)<\/strong> entre le virage d\u2019Arnage et le virage Porsche (raccordement circuit)<\/li>\n<li>La <strong>RD92 (Arnage &#8211; Ruaudin)<\/strong> traversante, au niveau de la ligne droite des Hunaudi\u00e8res<\/li>\n<\/ul>\n<p>Pour acc\u00e9der au Mans, il est conseill\u00e9 d&#8217;emprunter la RD307 (route du Lude) et Arnage, ou par la RD304 (route de Parign\u00e9).<\/p>\n<div id=\"attachment_10169\" style=\"width: 380px\" class=\"wp-caption alignnone\"><img loading=\"lazy\" decoding=\"async\" aria-describedby=\"caption-attachment-10169\" class=\"size-full wp-image-10169\" src=\"http:\/\/contactfm72.fr\/wp-content\/uploads\/2022\/06\/24h-du-mans-plan-circu.png\" alt=\"\" width=\"370\" height=\"522\" \/><p id=\"caption-attachment-10169\" class=\"wp-caption-text\">Le plan de circulation, transmis par le d\u00e9partement.<\/p><\/div>\n<h3><strong>Quelques conseils de circulation<\/strong><\/h3>\n<p>Le Groupement de la Gendarmerie de la Sarthe donne quelques conseils pour \u00e9viter les embouteillages du samedi, li\u00e9s \u00e0 l\u2019arriv\u00e9e des spectateurs.<\/p>\n<ul>\n<li>Partir suffisamment t\u00f4t<\/li>\n<li><strong>Privil\u00e9gier le tram<\/strong> plut\u00f4t que la voiture. La Setram mettra en place un dispositif sp\u00e9cifique avec des horaires allong\u00e9s pour les essais et les courses<\/li>\n<li><strong>En voiture, arriver par le sud du Mans<\/strong>, dans le sens Angers\/Paris et d\u2019\u00e9viter de la prendre dans le sens Paris\/Angers. Les Manceaux peuvent ainsi emprunter le boulevard Lefaucheux puis reprendre la d\u00e9viation sud est par le giratoire d\u2019Arnage (de la Sorci\u00e8re \u2013 Super U).<\/li>\n<\/ul>\n<h3><strong>Comment se garer\u00a0?<\/strong><\/h3>\n<p>Le parking des <strong>Raineries<\/strong> est celui \u00e0 privil\u00e9gier du fait de sa capacit\u00e9 et de l\u2019acc\u00e8s direct par la sortie n\u00b08 sur la d\u00e9viation sud-est. Une navette et un cheminement pi\u00e9tons relient ce parking \u00e0 l\u2019entr\u00e9e du parking.<br \/>\nLes parkings seront activ\u00e9s pour les s\u00e9ances d\u2019essais du mercredi et du jeudi et bien \u00e9videmment du samedi au dimanche.<\/p>\n<p>La circulation devrait revenir \u00e0 la<strong> normale d\u00e8s dimanche 12 juin<\/strong>, fin de la course.<\/p>\n<!-- AddThis Advanced Settings generic via filter on the_content --><!-- AddThis Share Buttons generic via filter on the_content -->","protected":false},"excerpt":{"rendered":"<p>Les 24 Heures du Mans sont de retour d\u00e8s ce mercredi 8 juin 2022. Plusieurs portions de routes sont interdites \u00e0 la circulation. Quel est le plan de circulation\u00a0? Comment acc\u00e9der au Mans en \u00e9vitant les bouchons\u00a0? &nbsp; &nbsp; La plus mythique des courses automobiles est de retour ce samedi 11 et dimanche 12 juin.&hellip;<!-- AddThis Advanced Settings generic via filter on get_the_excerpt --><!-- AddThis Share Buttons generic via filter on get_the_excerpt --><\/p>\n","protected":false},"author":4,"featured_media":10170,"comment_status":"closed","ping_status":"open","sticky":false,"template":"","format":"standard","meta":{"footnotes":""},"categories":[1],"tags":[],"class_list":["post-10168","post","type-post","status-publish","format-standard","has-post-thumbnail","hentry","category-contact-fm-72","category-1","description-off"],"yoast_head":"<!-- This site is optimized with the Yoast SEO plugin v27.4 - https:\/\/yoast.com\/product\/yoast-seo-wordpress\/ -->\n<title>24 Heures du Mans : les routes ferm\u00e9es, comment circuler ? - Contact FM 99.3<\/title>\n<meta name=\"robots\" content=\"index, follow, max-snippet:-1, max-image-preview:large, max-video-preview:-1\" \/>\n<link rel=\"canonical\" href=\"https:\/\/contactfm72.fr\/?p=10168\" \/>\n<meta property=\"og:locale\" content=\"fr_FR\" \/>\n<meta property=\"og:type\" content=\"article\" \/>\n<meta property=\"og:title\" content=\"24 Heures du Mans : les routes ferm\u00e9es, comment circuler ? - Contact FM 99.3\" \/>\n<meta property=\"og:description\" content=\"Les 24 Heures du Mans sont de retour d\u00e8s ce mercredi 8 juin 2022. Plusieurs portions de routes sont interdites \u00e0 la circulation. Quel est le plan de circulation\u00a0? Comment acc\u00e9der au Mans en \u00e9vitant les bouchons\u00a0? &nbsp; &nbsp; La plus mythique des courses automobiles est de retour ce samedi 11 et dimanche 12 juin.&hellip;\" \/>\n<meta property=\"og:url\" content=\"https:\/\/contactfm72.fr\/?p=10168\" \/>\n<meta property=\"og:site_name\" content=\"Contact FM 99.3\" \/>\n<meta property=\"article:publisher\" content=\"https:\/\/www.facebook.com\/Contactfm.Chateauduloir\" \/>\n<meta property=\"article:published_time\" content=\"2022-06-08T14:18:10+00:00\" \/>\n<meta property=\"article:modified_time\" content=\"2022-06-08T14:20:57+00:00\" \/>\n<meta property=\"og:image\" content=\"https:\/\/contactfm72.fr\/wp-content\/uploads\/2022\/06\/circuit-24h.jpg\" \/>\n\t<meta property=\"og:image:width\" content=\"2560\" \/>\n\t<meta property=\"og:image:height\" content=\"1536\" \/>\n\t<meta property=\"og:image:type\" content=\"image\/jpeg\" \/>\n<meta name=\"author\" content=\"Val\u00e9rie C.\" \/>\n<meta name=\"twitter:card\" content=\"summary_large_image\" \/>\n<meta name=\"twitter:creator\" content=\"@contactfm72\" \/>\n<meta name=\"twitter:site\" content=\"@contactfm72\" \/>\n<meta name=\"twitter:label1\" content=\"\u00c9crit par\" \/>\n\t<meta name=\"twitter:data1\" content=\"Val\u00e9rie C.\" \/>\n\t<meta name=\"twitter:label2\" content=\"Dur\u00e9e de lecture estim\u00e9e\" \/>\n\t<meta name=\"twitter:data2\" content=\"3 minutes\" \/>\n<script type=\"application\/ld+json\" class=\"yoast-schema-graph\">{\"@context\":\"https:\\\/\\\/schema.org\",\"@graph\":[{\"@type\":\"Article\",\"@id\":\"https:\\\/\\\/contactfm72.fr\\\/?p=10168#article\",\"isPartOf\":{\"@id\":\"https:\\\/\\\/contactfm72.fr\\\/?p=10168\"},\"author\":{\"name\":\"Val\u00e9rie C.\",\"@id\":\"https:\\\/\\\/contactfm72.fr\\\/#\\\/schema\\\/person\\\/9fdc9d1c2eb029354a4f1535b90ba82d\"},\"headline\":\"24 Heures du Mans : les routes ferm\u00e9es, comment circuler ?\",\"datePublished\":\"2022-06-08T14:18:10+00:00\",\"dateModified\":\"2022-06-08T14:20:57+00:00\",\"mainEntityOfPage\":{\"@id\":\"https:\\\/\\\/contactfm72.fr\\\/?p=10168\"},\"wordCount\":516,\"publisher\":{\"@id\":\"https:\\\/\\\/contactfm72.fr\\\/#organization\"},\"image\":{\"@id\":\"https:\\\/\\\/contactfm72.fr\\\/?p=10168#primaryimage\"},\"thumbnailUrl\":\"https:\\\/\\\/contactfm72.fr\\\/wp-content\\\/uploads\\\/2022\\\/06\\\/circuit-24h.jpg\",\"articleSection\":[\"Contact FM 72\"],\"inLanguage\":\"fr-FR\"},{\"@type\":\"WebPage\",\"@id\":\"https:\\\/\\\/contactfm72.fr\\\/?p=10168\",\"url\":\"https:\\\/\\\/contactfm72.fr\\\/?p=10168\",\"name\":\"24 Heures du Mans : les routes ferm\u00e9es, comment circuler ? - Contact FM 99.3\",\"isPartOf\":{\"@id\":\"https:\\\/\\\/contactfm72.fr\\\/#website\"},\"primaryImageOfPage\":{\"@id\":\"https:\\\/\\\/contactfm72.fr\\\/?p=10168#primaryimage\"},\"image\":{\"@id\":\"https:\\\/\\\/contactfm72.fr\\\/?p=10168#primaryimage\"},\"thumbnailUrl\":\"https:\\\/\\\/contactfm72.fr\\\/wp-content\\\/uploads\\\/2022\\\/06\\\/circuit-24h.jpg\",\"datePublished\":\"2022-06-08T14:18:10+00:00\",\"dateModified\":\"2022-06-08T14:20:57+00:00\",\"breadcrumb\":{\"@id\":\"https:\\\/\\\/contactfm72.fr\\\/?p=10168#breadcrumb\"},\"inLanguage\":\"fr-FR\",\"potentialAction\":[{\"@type\":\"ReadAction\",\"target\":[\"https:\\\/\\\/contactfm72.fr\\\/?p=10168\"]}]},{\"@type\":\"ImageObject\",\"inLanguage\":\"fr-FR\",\"@id\":\"https:\\\/\\\/contactfm72.fr\\\/?p=10168#primaryimage\",\"url\":\"https:\\\/\\\/contactfm72.fr\\\/wp-content\\\/uploads\\\/2022\\\/06\\\/circuit-24h.jpg\",\"contentUrl\":\"https:\\\/\\\/contactfm72.fr\\\/wp-content\\\/uploads\\\/2022\\\/06\\\/circuit-24h.jpg\",\"width\":2560,\"height\":1536,\"caption\":\"La plus mythique des courses est de retour ce week-end du 11 au 12 juin 2022. Quel est le plan de circulation suite aux quatre routes d\u00e9partementales ferm\u00e9es \u00e0 la circulation ?\"},{\"@type\":\"BreadcrumbList\",\"@id\":\"https:\\\/\\\/contactfm72.fr\\\/?p=10168#breadcrumb\",\"itemListElement\":[{\"@type\":\"ListItem\",\"position\":1,\"name\":\"Accueil\",\"item\":\"https:\\\/\\\/contactfm72.fr\\\/\"},{\"@type\":\"ListItem\",\"position\":2,\"name\":\"24 Heures du Mans : les routes ferm\u00e9es, comment circuler ?\"}]},{\"@type\":\"WebSite\",\"@id\":\"https:\\\/\\\/contactfm72.fr\\\/#website\",\"url\":\"https:\\\/\\\/contactfm72.fr\\\/\",\"name\":\"Contact FM 99.3\",\"description\":\"Votre radio en vall\u00e9e du Loir\",\"publisher\":{\"@id\":\"https:\\\/\\\/contactfm72.fr\\\/#organization\"},\"potentialAction\":[{\"@type\":\"SearchAction\",\"target\":{\"@type\":\"EntryPoint\",\"urlTemplate\":\"https:\\\/\\\/contactfm72.fr\\\/?s={search_term_string}\"},\"query-input\":{\"@type\":\"PropertyValueSpecification\",\"valueRequired\":true,\"valueName\":\"search_term_string\"}}],\"inLanguage\":\"fr-FR\"},{\"@type\":\"Organization\",\"@id\":\"https:\\\/\\\/contactfm72.fr\\\/#organization\",\"name\":\"Contact FM 99.3\",\"url\":\"https:\\\/\\\/contactfm72.fr\\\/\",\"logo\":{\"@type\":\"ImageObject\",\"inLanguage\":\"fr-FR\",\"@id\":\"https:\\\/\\\/contactfm72.fr\\\/#\\\/schema\\\/logo\\\/image\\\/\",\"url\":\"https:\\\/\\\/contactfm72.fr\\\/wp-content\\\/uploads\\\/2025\\\/04\\\/2025-04-18-2.jpg\",\"contentUrl\":\"https:\\\/\\\/contactfm72.fr\\\/wp-content\\\/uploads\\\/2025\\\/04\\\/2025-04-18-2.jpg\",\"width\":680,\"height\":307,\"caption\":\"Contact FM 99.3\"},\"image\":{\"@id\":\"https:\\\/\\\/contactfm72.fr\\\/#\\\/schema\\\/logo\\\/image\\\/\"},\"sameAs\":[\"https:\\\/\\\/www.facebook.com\\\/Contactfm.Chateauduloir\",\"https:\\\/\\\/x.com\\\/contactfm72\",\"https:\\\/\\\/www.instagram.com\\\/contact.fm.72?igsh=cGhlMHQ5N2JlNnpp\",\"https:\\\/\\\/www.tiktok.com\\\/@contact.fm\"]},{\"@type\":\"Person\",\"@id\":\"https:\\\/\\\/contactfm72.fr\\\/#\\\/schema\\\/person\\\/9fdc9d1c2eb029354a4f1535b90ba82d\",\"name\":\"Val\u00e9rie C.\",\"image\":{\"@type\":\"ImageObject\",\"inLanguage\":\"fr-FR\",\"@id\":\"https:\\\/\\\/secure.gravatar.com\\\/avatar\\\/2f8aa28f8dfbd7d4420afd1fdcdd0a349923e2c8a38ab28198b0f9d0601e4737?s=96&d=mm&r=g\",\"url\":\"https:\\\/\\\/secure.gravatar.com\\\/avatar\\\/2f8aa28f8dfbd7d4420afd1fdcdd0a349923e2c8a38ab28198b0f9d0601e4737?s=96&d=mm&r=g\",\"contentUrl\":\"https:\\\/\\\/secure.gravatar.com\\\/avatar\\\/2f8aa28f8dfbd7d4420afd1fdcdd0a349923e2c8a38ab28198b0f9d0601e4737?s=96&d=mm&r=g\",\"caption\":\"Val\u00e9rie C.\"},\"url\":\"https:\\\/\\\/contactfm72.fr\\\/?author=4\"}]}<\/script>\n<!-- \/ Yoast SEO plugin. -->","yoast_head_json":{"title":"24 Heures du Mans : les routes ferm\u00e9es, comment circuler ? - Contact FM 99.3","robots":{"index":"index","follow":"follow","max-snippet":"max-snippet:-1","max-image-preview":"max-image-preview:large","max-video-preview":"max-video-preview:-1"},"canonical":"https:\/\/contactfm72.fr\/?p=10168","og_locale":"fr_FR","og_type":"article","og_title":"24 Heures du Mans : les routes ferm\u00e9es, comment circuler ? - Contact FM 99.3","og_description":"Les 24 Heures du Mans sont de retour d\u00e8s ce mercredi 8 juin 2022. Plusieurs portions de routes sont interdites \u00e0 la circulation. Quel est le plan de circulation\u00a0? Comment acc\u00e9der au Mans en \u00e9vitant les bouchons\u00a0? &nbsp; &nbsp; La plus mythique des courses automobiles est de retour ce samedi 11 et dimanche 12 juin.&hellip;","og_url":"https:\/\/contactfm72.fr\/?p=10168","og_site_name":"Contact FM 99.3","article_publisher":"https:\/\/www.facebook.com\/Contactfm.Chateauduloir","article_published_time":"2022-06-08T14:18:10+00:00","article_modified_time":"2022-06-08T14:20:57+00:00","og_image":[{"width":2560,"height":1536,"url":"https:\/\/contactfm72.fr\/wp-content\/uploads\/2022\/06\/circuit-24h.jpg","type":"image\/jpeg"}],"author":"Val\u00e9rie C.","twitter_card":"summary_large_image","twitter_creator":"@contactfm72","twitter_site":"@contactfm72","twitter_misc":{"\u00c9crit par":"Val\u00e9rie C.","Dur\u00e9e de lecture estim\u00e9e":"3 minutes"},"schema":{"@context":"https:\/\/schema.org","@graph":[{"@type":"Article","@id":"https:\/\/contactfm72.fr\/?p=10168#article","isPartOf":{"@id":"https:\/\/contactfm72.fr\/?p=10168"},"author":{"name":"Val\u00e9rie C.","@id":"https:\/\/contactfm72.fr\/#\/schema\/person\/9fdc9d1c2eb029354a4f1535b90ba82d"},"headline":"24 Heures du Mans : les routes ferm\u00e9es, comment circuler ?","datePublished":"2022-06-08T14:18:10+00:00","dateModified":"2022-06-08T14:20:57+00:00","mainEntityOfPage":{"@id":"https:\/\/contactfm72.fr\/?p=10168"},"wordCount":516,"publisher":{"@id":"https:\/\/contactfm72.fr\/#organization"},"image":{"@id":"https:\/\/contactfm72.fr\/?p=10168#primaryimage"},"thumbnailUrl":"https:\/\/contactfm72.fr\/wp-content\/uploads\/2022\/06\/circuit-24h.jpg","articleSection":["Contact FM 72"],"inLanguage":"fr-FR"},{"@type":"WebPage","@id":"https:\/\/contactfm72.fr\/?p=10168","url":"https:\/\/contactfm72.fr\/?p=10168","name":"24 Heures du Mans : les routes ferm\u00e9es, comment circuler ? - Contact FM 99.3","isPartOf":{"@id":"https:\/\/contactfm72.fr\/#website"},"primaryImageOfPage":{"@id":"https:\/\/contactfm72.fr\/?p=10168#primaryimage"},"image":{"@id":"https:\/\/contactfm72.fr\/?p=10168#primaryimage"},"thumbnailUrl":"https:\/\/contactfm72.fr\/wp-content\/uploads\/2022\/06\/circuit-24h.jpg","datePublished":"2022-06-08T14:18:10+00:00","dateModified":"2022-06-08T14:20:57+00:00","breadcrumb":{"@id":"https:\/\/contactfm72.fr\/?p=10168#breadcrumb"},"inLanguage":"fr-FR","potentialAction":[{"@type":"ReadAction","target":["https:\/\/contactfm72.fr\/?p=10168"]}]},{"@type":"ImageObject","inLanguage":"fr-FR","@id":"https:\/\/contactfm72.fr\/?p=10168#primaryimage","url":"https:\/\/contactfm72.fr\/wp-content\/uploads\/2022\/06\/circuit-24h.jpg","contentUrl":"https:\/\/contactfm72.fr\/wp-content\/uploads\/2022\/06\/circuit-24h.jpg","width":2560,"height":1536,"caption":"La plus mythique des courses est de retour ce week-end du 11 au 12 juin 2022. Quel est le plan de circulation suite aux quatre routes d\u00e9partementales ferm\u00e9es \u00e0 la circulation ?"},{"@type":"BreadcrumbList","@id":"https:\/\/contactfm72.fr\/?p=10168#breadcrumb","itemListElement":[{"@type":"ListItem","position":1,"name":"Accueil","item":"https:\/\/contactfm72.fr\/"},{"@type":"ListItem","position":2,"name":"24 Heures du Mans : les routes ferm\u00e9es, comment circuler ?"}]},{"@type":"WebSite","@id":"https:\/\/contactfm72.fr\/#website","url":"https:\/\/contactfm72.fr\/","name":"Contact FM 99.3","description":"Votre radio en vall\u00e9e du Loir","publisher":{"@id":"https:\/\/contactfm72.fr\/#organization"},"potentialAction":[{"@type":"SearchAction","target":{"@type":"EntryPoint","urlTemplate":"https:\/\/contactfm72.fr\/?s={search_term_string}"},"query-input":{"@type":"PropertyValueSpecification","valueRequired":true,"valueName":"search_term_string"}}],"inLanguage":"fr-FR"},{"@type":"Organization","@id":"https:\/\/contactfm72.fr\/#organization","name":"Contact FM 99.3","url":"https:\/\/contactfm72.fr\/","logo":{"@type":"ImageObject","inLanguage":"fr-FR","@id":"https:\/\/contactfm72.fr\/#\/schema\/logo\/image\/","url":"https:\/\/contactfm72.fr\/wp-content\/uploads\/2025\/04\/2025-04-18-2.jpg","contentUrl":"https:\/\/contactfm72.fr\/wp-content\/uploads\/2025\/04\/2025-04-18-2.jpg","width":680,"height":307,"caption":"Contact FM 99.3"},"image":{"@id":"https:\/\/contactfm72.fr\/#\/schema\/logo\/image\/"},"sameAs":["https:\/\/www.facebook.com\/Contactfm.Chateauduloir","https:\/\/x.com\/contactfm72","https:\/\/www.instagram.com\/contact.fm.72?igsh=cGhlMHQ5N2JlNnpp","https:\/\/www.tiktok.com\/@contact.fm"]},{"@type":"Person","@id":"https:\/\/contactfm72.fr\/#\/schema\/person\/9fdc9d1c2eb029354a4f1535b90ba82d","name":"Val\u00e9rie C.","image":{"@type":"ImageObject","inLanguage":"fr-FR","@id":"https:\/\/secure.gravatar.com\/avatar\/2f8aa28f8dfbd7d4420afd1fdcdd0a349923e2c8a38ab28198b0f9d0601e4737?s=96&d=mm&r=g","url":"https:\/\/secure.gravatar.com\/avatar\/2f8aa28f8dfbd7d4420afd1fdcdd0a349923e2c8a38ab28198b0f9d0601e4737?s=96&d=mm&r=g","contentUrl":"https:\/\/secure.gravatar.com\/avatar\/2f8aa28f8dfbd7d4420afd1fdcdd0a349923e2c8a38ab28198b0f9d0601e4737?s=96&d=mm&r=g","caption":"Val\u00e9rie C."},"url":"https:\/\/contactfm72.fr\/?author=4"}]}},"_links":{"self":[{"href":"https:\/\/contactfm72.fr\/index.php?rest_route=\/wp\/v2\/posts\/10168","targetHints":{"allow":["GET"]}}],"collection":[{"href":"https:\/\/contactfm72.fr\/index.php?rest_route=\/wp\/v2\/posts"}],"about":[{"href":"https:\/\/contactfm72.fr\/index.php?rest_route=\/wp\/v2\/types\/post"}],"author":[{"embeddable":true,"href":"https:\/\/contactfm72.fr\/index.php?rest_route=\/wp\/v2\/users\/4"}],"replies":[{"embeddable":true,"href":"https:\/\/contactfm72.fr\/index.php?rest_route=%2Fwp%2Fv2%2Fcomments&post=10168"}],"version-history":[{"count":3,"href":"https:\/\/contactfm72.fr\/index.php?rest_route=\/wp\/v2\/posts\/10168\/revisions"}],"predecessor-version":[{"id":10173,"href":"https:\/\/contactfm72.fr\/index.php?rest_route=\/wp\/v2\/posts\/10168\/revisions\/10173"}],"wp:featuredmedia":[{"embeddable":true,"href":"https:\/\/contactfm72.fr\/index.php?rest_route=\/wp\/v2\/media\/10170"}],"wp:attachment":[{"href":"https:\/\/contactfm72.fr\/index.php?rest_route=%2Fwp%2Fv2%2Fmedia&parent=10168"}],"wp:term":[{"taxonomy":"category","embeddable":true,"href":"https:\/\/contactfm72.fr\/index.php?rest_route=%2Fwp%2Fv2%2Fcategories&post=10168"},{"taxonomy":"post_tag","embeddable":true,"href":"https:\/\/contactfm72.fr\/index.php?rest_route=%2Fwp%2Fv2%2Ftags&post=10168"}],"curies":[{"name":"wp","href":"https:\/\/api.w.org\/{rel}","templated":true}]}}