{"id":10160,"date":"2022-06-08T12:07:10","date_gmt":"2022-06-08T10:07:10","guid":{"rendered":"http:\/\/contactfm72.fr\/?p=10160"},"modified":"2022-06-08T12:07:10","modified_gmt":"2022-06-08T10:07:10","slug":"color-run-les-lyceens-ont-recolte-1641e-pour-les-refugies-ukrainiens","status":"publish","type":"post","link":"https:\/\/contactfm72.fr\/?p=10160","title":{"rendered":"Color run. Les lyc\u00e9ens ont r\u00e9colt\u00e9 1641\u20ac pour les r\u00e9fugi\u00e9s ukrainiens"},"content":{"rendered":"<h2>Suite \u00e0 la color run organis\u00e9 en mai 2022, les \u00e9l\u00e8ves du lyc\u00e9e Racan de Montval-sur-Loir ont r\u00e9colt\u00e9 plus de 1500\u20ac pour les r\u00e9fugi\u00e9s ukrainiens sur le territoire. Trois structures b\u00e9n\u00e9ficieront de cet argent.<\/h2>\n<p>&nbsp;<\/p>\n<p>Le vendredi 6 mai, le<strong> Conseil de la Vie Lyc\u00e9enne<\/strong> (CVL) avait organis\u00e9 <a href=\"http:\/\/contactfm72.fr\/?p=9800\">une color run en faveur des associations<\/a> venant en aide aux <strong>r\u00e9fugi\u00e9s ukrainiens<\/strong> sur le territoire. Les 450 \u00e9l\u00e8ves du <strong>lyc\u00e9e Racan de Montval-sur-Loir<\/strong>, dans la <strong>Sarthe<\/strong>, ont proc\u00e9d\u00e9 \u00e0 la remise des<strong> trois ch\u00e8ques de 547euros<\/strong> \u00e0 trois structures diff\u00e9rentes, le mercredi 7 juin 2022.<\/p>\n<blockquote><p>\u00ab Les b\u00e9n\u00e9ficiaires sont le Rotary de Mayet Sud-Sarthe, la Croix-Rouge, mais aussi le centre communal d\u2019action social de Ch\u00e2teau-du-Loir \u00bb, pr\u00e9cise Fabrice Beaudet, proviseur de la cit\u00e9 scolaire.<\/p><\/blockquote>\n<p>&nbsp;<\/p>\n<h3><strong>Les accompagner dans leur d\u00e9marche<\/strong><\/h3>\n<blockquote><p>\u00ab\u00a0Nous avons plusieurs r\u00e9fugi\u00e9s sur le territoire, deux jeunes ukrainiennes en r\u00e9sidence aux Vertolines, des familles \u00e0 Ruaudin, et une famille log\u00e9e \u00e0 Vouvray-sur-Loir. Avec cet argent, on aidera les r\u00e9fugi\u00e9s dans leur d\u00e9marche. On partagera cette somme avec le centre social\u00a0qui intervient dans le cadre de cours de fran\u00e7ais avec des b\u00e9n\u00e9voles\u00a0\u00bb, pr\u00e9cise Dominique Langevin, \u00e9lu et vice-pr\u00e9sident du CCAS.<\/p><\/blockquote>\n<p>Concernant le <strong>Rotary Club de Mayet Sud-Sarthe<\/strong>, Rejane Tessier et Sandra Maucourt <a href=\"http:\/\/contactfm72.fr\/?p=9051\">reviennent sur les actions de leur association<\/a>\u00a0:\u00a0\u00ab\u00a0Nous avions affr\u00e9t\u00e9 un bus en d\u00e9but de conflit pour ramener plusieurs familles sur le territoire. Cet argent nous permettra de les aider dans leur d\u00e9marche, dans leurs soins et pour la banque alimentaire. Ces familles sont sur notre territoire au moins jusqu\u2019au mois de septembre\u00a0\u00bb.<\/p>\n<p>Arriv\u00e9s depuis quelque temps maintenant, les r\u00e9fugi\u00e9s ukrainiens n\u2019ont <strong>pas encore acquis le statut de demandeur d\u2019asile<\/strong> et ne peuvent donc pas pr\u00e9tendre \u00e0 l\u2019aide logiquement accord\u00e9e, \u00e0 hauteur d\u2019environ 400\u20ac par mois.<\/p>\n<blockquote><p>\u00ab\u00a0Cette somme r\u00e9colt\u00e9e par les \u00e9l\u00e8ves leur permettra de faire quelques sorties, entre autres \u00bb, informe Dominique Langevin.<\/p><\/blockquote>\n<p>Les \u00e9l\u00e8ves \u00e9lus au CVL ont \u00e9t\u00e9 chaleureusement remerci\u00e9s et f\u00e9licit\u00e9s par les structures et le personnel d\u2019\u00e9tablissement pour avoir \u00e9t\u00e9 \u00e0 l\u2019initiation de cette action.<\/p>\n<!-- AddThis Advanced Settings generic via filter on the_content --><!-- AddThis Share Buttons generic via filter on the_content -->","protected":false},"excerpt":{"rendered":"<p>Suite \u00e0 la color run organis\u00e9 en mai 2022, les \u00e9l\u00e8ves du lyc\u00e9e Racan de Montval-sur-Loir ont r\u00e9colt\u00e9 plus de 1500\u20ac pour les r\u00e9fugi\u00e9s ukrainiens sur le territoire. Trois structures b\u00e9n\u00e9ficieront de cet argent. &nbsp; Le vendredi 6 mai, le Conseil de la Vie Lyc\u00e9enne (CVL) avait organis\u00e9 une color run en faveur des associations&hellip;<!-- AddThis Advanced Settings generic via filter on get_the_excerpt --><!-- AddThis Share Buttons generic via filter on get_the_excerpt --><\/p>\n","protected":false},"author":4,"featured_media":10161,"comment_status":"closed","ping_status":"open","sticky":false,"template":"","format":"standard","meta":{"footnotes":""},"categories":[1],"tags":[],"class_list":["post-10160","post","type-post","status-publish","format-standard","has-post-thumbnail","hentry","category-contact-fm-72","category-1","description-off"],"yoast_head":"<!-- This site is optimized with the Yoast SEO plugin v27.4 - https:\/\/yoast.com\/product\/yoast-seo-wordpress\/ -->\n<title>Color run. Les lyc\u00e9ens ont r\u00e9colt\u00e9 1641\u20ac pour les r\u00e9fugi\u00e9s ukrainiens - Contact FM 99.3<\/title>\n<meta name=\"robots\" content=\"index, follow, max-snippet:-1, max-image-preview:large, max-video-preview:-1\" \/>\n<link rel=\"canonical\" href=\"https:\/\/contactfm72.fr\/?p=10160\" \/>\n<meta property=\"og:locale\" content=\"fr_FR\" \/>\n<meta property=\"og:type\" content=\"article\" \/>\n<meta property=\"og:title\" content=\"Color run. Les lyc\u00e9ens ont r\u00e9colt\u00e9 1641\u20ac pour les r\u00e9fugi\u00e9s ukrainiens - Contact FM 99.3\" \/>\n<meta property=\"og:description\" content=\"Suite \u00e0 la color run organis\u00e9 en mai 2022, les \u00e9l\u00e8ves du lyc\u00e9e Racan de Montval-sur-Loir ont r\u00e9colt\u00e9 plus de 1500\u20ac pour les r\u00e9fugi\u00e9s ukrainiens sur le territoire. Trois structures b\u00e9n\u00e9ficieront de cet argent. &nbsp; Le vendredi 6 mai, le Conseil de la Vie Lyc\u00e9enne (CVL) avait organis\u00e9 une color run en faveur des associations&hellip;\" \/>\n<meta property=\"og:url\" content=\"https:\/\/contactfm72.fr\/?p=10160\" \/>\n<meta property=\"og:site_name\" content=\"Contact FM 99.3\" \/>\n<meta property=\"article:publisher\" content=\"https:\/\/www.facebook.com\/Contactfm.Chateauduloir\" \/>\n<meta property=\"article:published_time\" content=\"2022-06-08T10:07:10+00:00\" \/>\n<meta property=\"og:image\" content=\"https:\/\/contactfm72.fr\/wp-content\/uploads\/2022\/06\/racan-color-run.jpg\" \/>\n\t<meta property=\"og:image:width\" content=\"2048\" \/>\n\t<meta property=\"og:image:height\" content=\"1536\" \/>\n\t<meta property=\"og:image:type\" content=\"image\/jpeg\" \/>\n<meta name=\"author\" content=\"Val\u00e9rie C.\" \/>\n<meta name=\"twitter:card\" content=\"summary_large_image\" \/>\n<meta name=\"twitter:creator\" content=\"@contactfm72\" \/>\n<meta name=\"twitter:site\" content=\"@contactfm72\" \/>\n<meta name=\"twitter:label1\" content=\"\u00c9crit par\" \/>\n\t<meta name=\"twitter:data1\" content=\"Val\u00e9rie C.\" \/>\n\t<meta name=\"twitter:label2\" content=\"Dur\u00e9e de lecture estim\u00e9e\" \/>\n\t<meta name=\"twitter:data2\" content=\"2 minutes\" \/>\n<script type=\"application\/ld+json\" class=\"yoast-schema-graph\">{\"@context\":\"https:\\\/\\\/schema.org\",\"@graph\":[{\"@type\":\"Article\",\"@id\":\"https:\\\/\\\/contactfm72.fr\\\/?p=10160#article\",\"isPartOf\":{\"@id\":\"https:\\\/\\\/contactfm72.fr\\\/?p=10160\"},\"author\":{\"name\":\"Val\u00e9rie C.\",\"@id\":\"https:\\\/\\\/contactfm72.fr\\\/#\\\/schema\\\/person\\\/9fdc9d1c2eb029354a4f1535b90ba82d\"},\"headline\":\"Color run. Les lyc\u00e9ens ont r\u00e9colt\u00e9 1641\u20ac pour les r\u00e9fugi\u00e9s ukrainiens\",\"datePublished\":\"2022-06-08T10:07:10+00:00\",\"mainEntityOfPage\":{\"@id\":\"https:\\\/\\\/contactfm72.fr\\\/?p=10160\"},\"wordCount\":384,\"publisher\":{\"@id\":\"https:\\\/\\\/contactfm72.fr\\\/#organization\"},\"image\":{\"@id\":\"https:\\\/\\\/contactfm72.fr\\\/?p=10160#primaryimage\"},\"thumbnailUrl\":\"https:\\\/\\\/contactfm72.fr\\\/wp-content\\\/uploads\\\/2022\\\/06\\\/racan-color-run.jpg\",\"articleSection\":[\"Contact FM 72\"],\"inLanguage\":\"fr-FR\"},{\"@type\":\"WebPage\",\"@id\":\"https:\\\/\\\/contactfm72.fr\\\/?p=10160\",\"url\":\"https:\\\/\\\/contactfm72.fr\\\/?p=10160\",\"name\":\"Color run. Les lyc\u00e9ens ont r\u00e9colt\u00e9 1641\u20ac pour les r\u00e9fugi\u00e9s ukrainiens - Contact FM 99.3\",\"isPartOf\":{\"@id\":\"https:\\\/\\\/contactfm72.fr\\\/#website\"},\"primaryImageOfPage\":{\"@id\":\"https:\\\/\\\/contactfm72.fr\\\/?p=10160#primaryimage\"},\"image\":{\"@id\":\"https:\\\/\\\/contactfm72.fr\\\/?p=10160#primaryimage\"},\"thumbnailUrl\":\"https:\\\/\\\/contactfm72.fr\\\/wp-content\\\/uploads\\\/2022\\\/06\\\/racan-color-run.jpg\",\"datePublished\":\"2022-06-08T10:07:10+00:00\",\"breadcrumb\":{\"@id\":\"https:\\\/\\\/contactfm72.fr\\\/?p=10160#breadcrumb\"},\"inLanguage\":\"fr-FR\",\"potentialAction\":[{\"@type\":\"ReadAction\",\"target\":[\"https:\\\/\\\/contactfm72.fr\\\/?p=10160\"]}]},{\"@type\":\"ImageObject\",\"inLanguage\":\"fr-FR\",\"@id\":\"https:\\\/\\\/contactfm72.fr\\\/?p=10160#primaryimage\",\"url\":\"https:\\\/\\\/contactfm72.fr\\\/wp-content\\\/uploads\\\/2022\\\/06\\\/racan-color-run.jpg\",\"contentUrl\":\"https:\\\/\\\/contactfm72.fr\\\/wp-content\\\/uploads\\\/2022\\\/06\\\/racan-color-run.jpg\",\"width\":2048,\"height\":1536,\"caption\":\"Personnels de l'\u00e9tablissement, \u00e9lus du CVL et repr\u00e9sentants des associations \u00e9taient pr\u00e9sents lors de la remise des ch\u00e8ques. Seule la Croix-Rouge n'a pas pu \u00eatre pr\u00e9sente.\"},{\"@type\":\"BreadcrumbList\",\"@id\":\"https:\\\/\\\/contactfm72.fr\\\/?p=10160#breadcrumb\",\"itemListElement\":[{\"@type\":\"ListItem\",\"position\":1,\"name\":\"Accueil\",\"item\":\"https:\\\/\\\/contactfm72.fr\\\/\"},{\"@type\":\"ListItem\",\"position\":2,\"name\":\"Color run. Les lyc\u00e9ens ont r\u00e9colt\u00e9 1641\u20ac pour les r\u00e9fugi\u00e9s ukrainiens\"}]},{\"@type\":\"WebSite\",\"@id\":\"https:\\\/\\\/contactfm72.fr\\\/#website\",\"url\":\"https:\\\/\\\/contactfm72.fr\\\/\",\"name\":\"Contact FM 99.3\",\"description\":\"Votre radio en vall\u00e9e du Loir\",\"publisher\":{\"@id\":\"https:\\\/\\\/contactfm72.fr\\\/#organization\"},\"potentialAction\":[{\"@type\":\"SearchAction\",\"target\":{\"@type\":\"EntryPoint\",\"urlTemplate\":\"https:\\\/\\\/contactfm72.fr\\\/?s={search_term_string}\"},\"query-input\":{\"@type\":\"PropertyValueSpecification\",\"valueRequired\":true,\"valueName\":\"search_term_string\"}}],\"inLanguage\":\"fr-FR\"},{\"@type\":\"Organization\",\"@id\":\"https:\\\/\\\/contactfm72.fr\\\/#organization\",\"name\":\"Contact FM 99.3\",\"url\":\"https:\\\/\\\/contactfm72.fr\\\/\",\"logo\":{\"@type\":\"ImageObject\",\"inLanguage\":\"fr-FR\",\"@id\":\"https:\\\/\\\/contactfm72.fr\\\/#\\\/schema\\\/logo\\\/image\\\/\",\"url\":\"https:\\\/\\\/contactfm72.fr\\\/wp-content\\\/uploads\\\/2025\\\/04\\\/2025-04-18-2.jpg\",\"contentUrl\":\"https:\\\/\\\/contactfm72.fr\\\/wp-content\\\/uploads\\\/2025\\\/04\\\/2025-04-18-2.jpg\",\"width\":680,\"height\":307,\"caption\":\"Contact FM 99.3\"},\"image\":{\"@id\":\"https:\\\/\\\/contactfm72.fr\\\/#\\\/schema\\\/logo\\\/image\\\/\"},\"sameAs\":[\"https:\\\/\\\/www.facebook.com\\\/Contactfm.Chateauduloir\",\"https:\\\/\\\/x.com\\\/contactfm72\",\"https:\\\/\\\/www.instagram.com\\\/contact.fm.72?igsh=cGhlMHQ5N2JlNnpp\",\"https:\\\/\\\/www.tiktok.com\\\/@contact.fm\"]},{\"@type\":\"Person\",\"@id\":\"https:\\\/\\\/contactfm72.fr\\\/#\\\/schema\\\/person\\\/9fdc9d1c2eb029354a4f1535b90ba82d\",\"name\":\"Val\u00e9rie C.\",\"image\":{\"@type\":\"ImageObject\",\"inLanguage\":\"fr-FR\",\"@id\":\"https:\\\/\\\/secure.gravatar.com\\\/avatar\\\/2f8aa28f8dfbd7d4420afd1fdcdd0a349923e2c8a38ab28198b0f9d0601e4737?s=96&d=mm&r=g\",\"url\":\"https:\\\/\\\/secure.gravatar.com\\\/avatar\\\/2f8aa28f8dfbd7d4420afd1fdcdd0a349923e2c8a38ab28198b0f9d0601e4737?s=96&d=mm&r=g\",\"contentUrl\":\"https:\\\/\\\/secure.gravatar.com\\\/avatar\\\/2f8aa28f8dfbd7d4420afd1fdcdd0a349923e2c8a38ab28198b0f9d0601e4737?s=96&d=mm&r=g\",\"caption\":\"Val\u00e9rie C.\"},\"url\":\"https:\\\/\\\/contactfm72.fr\\\/?author=4\"}]}<\/script>\n<!-- \/ Yoast SEO plugin. -->","yoast_head_json":{"title":"Color run. Les lyc\u00e9ens ont r\u00e9colt\u00e9 1641\u20ac pour les r\u00e9fugi\u00e9s ukrainiens - Contact FM 99.3","robots":{"index":"index","follow":"follow","max-snippet":"max-snippet:-1","max-image-preview":"max-image-preview:large","max-video-preview":"max-video-preview:-1"},"canonical":"https:\/\/contactfm72.fr\/?p=10160","og_locale":"fr_FR","og_type":"article","og_title":"Color run. Les lyc\u00e9ens ont r\u00e9colt\u00e9 1641\u20ac pour les r\u00e9fugi\u00e9s ukrainiens - Contact FM 99.3","og_description":"Suite \u00e0 la color run organis\u00e9 en mai 2022, les \u00e9l\u00e8ves du lyc\u00e9e Racan de Montval-sur-Loir ont r\u00e9colt\u00e9 plus de 1500\u20ac pour les r\u00e9fugi\u00e9s ukrainiens sur le territoire. Trois structures b\u00e9n\u00e9ficieront de cet argent. &nbsp; Le vendredi 6 mai, le Conseil de la Vie Lyc\u00e9enne (CVL) avait organis\u00e9 une color run en faveur des associations&hellip;","og_url":"https:\/\/contactfm72.fr\/?p=10160","og_site_name":"Contact FM 99.3","article_publisher":"https:\/\/www.facebook.com\/Contactfm.Chateauduloir","article_published_time":"2022-06-08T10:07:10+00:00","og_image":[{"width":2048,"height":1536,"url":"https:\/\/contactfm72.fr\/wp-content\/uploads\/2022\/06\/racan-color-run.jpg","type":"image\/jpeg"}],"author":"Val\u00e9rie C.","twitter_card":"summary_large_image","twitter_creator":"@contactfm72","twitter_site":"@contactfm72","twitter_misc":{"\u00c9crit par":"Val\u00e9rie C.","Dur\u00e9e de lecture estim\u00e9e":"2 minutes"},"schema":{"@context":"https:\/\/schema.org","@graph":[{"@type":"Article","@id":"https:\/\/contactfm72.fr\/?p=10160#article","isPartOf":{"@id":"https:\/\/contactfm72.fr\/?p=10160"},"author":{"name":"Val\u00e9rie C.","@id":"https:\/\/contactfm72.fr\/#\/schema\/person\/9fdc9d1c2eb029354a4f1535b90ba82d"},"headline":"Color run. Les lyc\u00e9ens ont r\u00e9colt\u00e9 1641\u20ac pour les r\u00e9fugi\u00e9s ukrainiens","datePublished":"2022-06-08T10:07:10+00:00","mainEntityOfPage":{"@id":"https:\/\/contactfm72.fr\/?p=10160"},"wordCount":384,"publisher":{"@id":"https:\/\/contactfm72.fr\/#organization"},"image":{"@id":"https:\/\/contactfm72.fr\/?p=10160#primaryimage"},"thumbnailUrl":"https:\/\/contactfm72.fr\/wp-content\/uploads\/2022\/06\/racan-color-run.jpg","articleSection":["Contact FM 72"],"inLanguage":"fr-FR"},{"@type":"WebPage","@id":"https:\/\/contactfm72.fr\/?p=10160","url":"https:\/\/contactfm72.fr\/?p=10160","name":"Color run. Les lyc\u00e9ens ont r\u00e9colt\u00e9 1641\u20ac pour les r\u00e9fugi\u00e9s ukrainiens - Contact FM 99.3","isPartOf":{"@id":"https:\/\/contactfm72.fr\/#website"},"primaryImageOfPage":{"@id":"https:\/\/contactfm72.fr\/?p=10160#primaryimage"},"image":{"@id":"https:\/\/contactfm72.fr\/?p=10160#primaryimage"},"thumbnailUrl":"https:\/\/contactfm72.fr\/wp-content\/uploads\/2022\/06\/racan-color-run.jpg","datePublished":"2022-06-08T10:07:10+00:00","breadcrumb":{"@id":"https:\/\/contactfm72.fr\/?p=10160#breadcrumb"},"inLanguage":"fr-FR","potentialAction":[{"@type":"ReadAction","target":["https:\/\/contactfm72.fr\/?p=10160"]}]},{"@type":"ImageObject","inLanguage":"fr-FR","@id":"https:\/\/contactfm72.fr\/?p=10160#primaryimage","url":"https:\/\/contactfm72.fr\/wp-content\/uploads\/2022\/06\/racan-color-run.jpg","contentUrl":"https:\/\/contactfm72.fr\/wp-content\/uploads\/2022\/06\/racan-color-run.jpg","width":2048,"height":1536,"caption":"Personnels de l'\u00e9tablissement, \u00e9lus du CVL et repr\u00e9sentants des associations \u00e9taient pr\u00e9sents lors de la remise des ch\u00e8ques. Seule la Croix-Rouge n'a pas pu \u00eatre pr\u00e9sente."},{"@type":"BreadcrumbList","@id":"https:\/\/contactfm72.fr\/?p=10160#breadcrumb","itemListElement":[{"@type":"ListItem","position":1,"name":"Accueil","item":"https:\/\/contactfm72.fr\/"},{"@type":"ListItem","position":2,"name":"Color run. Les lyc\u00e9ens ont r\u00e9colt\u00e9 1641\u20ac pour les r\u00e9fugi\u00e9s ukrainiens"}]},{"@type":"WebSite","@id":"https:\/\/contactfm72.fr\/#website","url":"https:\/\/contactfm72.fr\/","name":"Contact FM 99.3","description":"Votre radio en vall\u00e9e du Loir","publisher":{"@id":"https:\/\/contactfm72.fr\/#organization"},"potentialAction":[{"@type":"SearchAction","target":{"@type":"EntryPoint","urlTemplate":"https:\/\/contactfm72.fr\/?s={search_term_string}"},"query-input":{"@type":"PropertyValueSpecification","valueRequired":true,"valueName":"search_term_string"}}],"inLanguage":"fr-FR"},{"@type":"Organization","@id":"https:\/\/contactfm72.fr\/#organization","name":"Contact FM 99.3","url":"https:\/\/contactfm72.fr\/","logo":{"@type":"ImageObject","inLanguage":"fr-FR","@id":"https:\/\/contactfm72.fr\/#\/schema\/logo\/image\/","url":"https:\/\/contactfm72.fr\/wp-content\/uploads\/2025\/04\/2025-04-18-2.jpg","contentUrl":"https:\/\/contactfm72.fr\/wp-content\/uploads\/2025\/04\/2025-04-18-2.jpg","width":680,"height":307,"caption":"Contact FM 99.3"},"image":{"@id":"https:\/\/contactfm72.fr\/#\/schema\/logo\/image\/"},"sameAs":["https:\/\/www.facebook.com\/Contactfm.Chateauduloir","https:\/\/x.com\/contactfm72","https:\/\/www.instagram.com\/contact.fm.72?igsh=cGhlMHQ5N2JlNnpp","https:\/\/www.tiktok.com\/@contact.fm"]},{"@type":"Person","@id":"https:\/\/contactfm72.fr\/#\/schema\/person\/9fdc9d1c2eb029354a4f1535b90ba82d","name":"Val\u00e9rie C.","image":{"@type":"ImageObject","inLanguage":"fr-FR","@id":"https:\/\/secure.gravatar.com\/avatar\/2f8aa28f8dfbd7d4420afd1fdcdd0a349923e2c8a38ab28198b0f9d0601e4737?s=96&d=mm&r=g","url":"https:\/\/secure.gravatar.com\/avatar\/2f8aa28f8dfbd7d4420afd1fdcdd0a349923e2c8a38ab28198b0f9d0601e4737?s=96&d=mm&r=g","contentUrl":"https:\/\/secure.gravatar.com\/avatar\/2f8aa28f8dfbd7d4420afd1fdcdd0a349923e2c8a38ab28198b0f9d0601e4737?s=96&d=mm&r=g","caption":"Val\u00e9rie C."},"url":"https:\/\/contactfm72.fr\/?author=4"}]}},"_links":{"self":[{"href":"https:\/\/contactfm72.fr\/index.php?rest_route=\/wp\/v2\/posts\/10160","targetHints":{"allow":["GET"]}}],"collection":[{"href":"https:\/\/contactfm72.fr\/index.php?rest_route=\/wp\/v2\/posts"}],"about":[{"href":"https:\/\/contactfm72.fr\/index.php?rest_route=\/wp\/v2\/types\/post"}],"author":[{"embeddable":true,"href":"https:\/\/contactfm72.fr\/index.php?rest_route=\/wp\/v2\/users\/4"}],"replies":[{"embeddable":true,"href":"https:\/\/contactfm72.fr\/index.php?rest_route=%2Fwp%2Fv2%2Fcomments&post=10160"}],"version-history":[{"count":1,"href":"https:\/\/contactfm72.fr\/index.php?rest_route=\/wp\/v2\/posts\/10160\/revisions"}],"predecessor-version":[{"id":10162,"href":"https:\/\/contactfm72.fr\/index.php?rest_route=\/wp\/v2\/posts\/10160\/revisions\/10162"}],"wp:featuredmedia":[{"embeddable":true,"href":"https:\/\/contactfm72.fr\/index.php?rest_route=\/wp\/v2\/media\/10161"}],"wp:attachment":[{"href":"https:\/\/contactfm72.fr\/index.php?rest_route=%2Fwp%2Fv2%2Fmedia&parent=10160"}],"wp:term":[{"taxonomy":"category","embeddable":true,"href":"https:\/\/contactfm72.fr\/index.php?rest_route=%2Fwp%2Fv2%2Fcategories&post=10160"},{"taxonomy":"post_tag","embeddable":true,"href":"https:\/\/contactfm72.fr\/index.php?rest_route=%2Fwp%2Fv2%2Ftags&post=10160"}],"curies":[{"name":"wp","href":"https:\/\/api.w.org\/{rel}","templated":true}]}}