{"id":10151,"date":"2022-06-09T09:17:15","date_gmt":"2022-06-09T07:17:15","guid":{"rendered":"http:\/\/contactfm72.fr\/?p=10151"},"modified":"2022-06-09T09:29:07","modified_gmt":"2022-06-09T07:29:07","slug":"section-escalade-sports-aventure-linauguration-de-la-salle-de-bloc-a-orion","status":"publish","type":"post","link":"https:\/\/contactfm72.fr\/?p=10151","title":{"rendered":"Section Escalade &#038; Sports Aventure : l&#8217;inauguration de la salle de bloc \u00e0 Orion"},"content":{"rendered":"<p>Pour le dernier num\u00e9ro de la saison de &#8220;Va y avoir du sport&#8221;, la <a href=\"https:\/\/www.facebook.com\/sesa.cdl\">Section Escalade &amp; Sports Aventure (SESA)<\/a> du Club Omnisports Cast\u00e9lorien pr\u00e9sente d\u00e9sormais une nouvelle salle, la salle de bloc . Pour l&#8217;occasion, Anthony Jeanneau, vice-pr\u00e9sident du club, revient sur les performances du club, l&#8217;\u00e9cole d&#8217;escalade et l&#8217;importance d&#8217;une telle salle pour la section. Cette interview est \u00e0 \u00e9couter le jeudi 9 juin \u00e0 12h30 et le mardi 14 juin \u00e0 17h30.<\/p>\n\n<!-- AddThis Advanced Settings generic via filter on the_content --><!-- AddThis Share Buttons generic via filter on the_content -->","protected":false},"excerpt":{"rendered":"<p>Pour le dernier num\u00e9ro de la saison de &#8220;Va y avoir du sport&#8221;, la Section Escalade &amp; Sports Aventure (SESA) du Club Omnisports Cast\u00e9lorien pr\u00e9sente d\u00e9sormais une nouvelle salle, la salle de bloc . Pour l&#8217;occasion, Anthony Jeanneau, vice-pr\u00e9sident du club, revient sur les performances du club, l&#8217;\u00e9cole d&#8217;escalade et l&#8217;importance d&#8217;une telle salle pour&hellip;<!-- AddThis Advanced Settings generic via filter on get_the_excerpt --><!-- AddThis Share Buttons generic via filter on get_the_excerpt --><\/p>\n","protected":false},"author":4,"featured_media":10152,"comment_status":"closed","ping_status":"open","sticky":false,"template":"","format":"standard","meta":{"footnotes":""},"categories":[1],"tags":[],"class_list":["post-10151","post","type-post","status-publish","format-standard","has-post-thumbnail","hentry","category-contact-fm-72","category-1","description-off"],"yoast_head":"<!-- This site is optimized with the Yoast SEO plugin v27.4 - https:\/\/yoast.com\/product\/yoast-seo-wordpress\/ -->\n<title>Section Escalade &amp; Sports Aventure : l&#039;inauguration de la salle de bloc \u00e0 Orion - Contact FM 99.3<\/title>\n<meta name=\"robots\" content=\"index, follow, max-snippet:-1, max-image-preview:large, max-video-preview:-1\" \/>\n<link rel=\"canonical\" href=\"https:\/\/contactfm72.fr\/?p=10151\" \/>\n<meta property=\"og:locale\" content=\"fr_FR\" \/>\n<meta property=\"og:type\" content=\"article\" \/>\n<meta property=\"og:title\" content=\"Section Escalade &amp; Sports Aventure : l&#039;inauguration de la salle de bloc \u00e0 Orion - Contact FM 99.3\" \/>\n<meta property=\"og:description\" content=\"Pour le dernier num\u00e9ro de la saison de &#8220;Va y avoir du sport&#8221;, la Section Escalade &amp; Sports Aventure (SESA) du Club Omnisports Cast\u00e9lorien pr\u00e9sente d\u00e9sormais une nouvelle salle, la salle de bloc . Pour l&#8217;occasion, Anthony Jeanneau, vice-pr\u00e9sident du club, revient sur les performances du club, l&#8217;\u00e9cole d&#8217;escalade et l&#8217;importance d&#8217;une telle salle pour&hellip;\" \/>\n<meta property=\"og:url\" content=\"https:\/\/contactfm72.fr\/?p=10151\" \/>\n<meta property=\"og:site_name\" content=\"Contact FM 99.3\" \/>\n<meta property=\"article:publisher\" content=\"https:\/\/www.facebook.com\/Contactfm.Chateauduloir\" \/>\n<meta property=\"article:published_time\" content=\"2022-06-09T07:17:15+00:00\" \/>\n<meta property=\"article:modified_time\" content=\"2022-06-09T07:29:07+00:00\" \/>\n<meta property=\"og:image\" content=\"https:\/\/contactfm72.fr\/wp-content\/uploads\/2022\/06\/Antony-Jeanneau-Vice-pr\u00e9sident-escalade-COC.jpg\" \/>\n\t<meta property=\"og:image:width\" content=\"2048\" \/>\n\t<meta property=\"og:image:height\" content=\"1536\" \/>\n\t<meta property=\"og:image:type\" content=\"image\/jpeg\" \/>\n<meta name=\"author\" content=\"Val\u00e9rie C.\" \/>\n<meta name=\"twitter:card\" content=\"summary_large_image\" \/>\n<meta name=\"twitter:creator\" content=\"@contactfm72\" \/>\n<meta name=\"twitter:site\" content=\"@contactfm72\" \/>\n<meta name=\"twitter:label1\" content=\"\u00c9crit par\" \/>\n\t<meta name=\"twitter:data1\" content=\"Val\u00e9rie C.\" \/>\n<script type=\"application\/ld+json\" class=\"yoast-schema-graph\">{\"@context\":\"https:\\\/\\\/schema.org\",\"@graph\":[{\"@type\":\"Article\",\"@id\":\"https:\\\/\\\/contactfm72.fr\\\/?p=10151#article\",\"isPartOf\":{\"@id\":\"https:\\\/\\\/contactfm72.fr\\\/?p=10151\"},\"author\":{\"name\":\"Val\u00e9rie C.\",\"@id\":\"https:\\\/\\\/contactfm72.fr\\\/#\\\/schema\\\/person\\\/9fdc9d1c2eb029354a4f1535b90ba82d\"},\"headline\":\"Section Escalade &#038; Sports Aventure : l&#8217;inauguration de la salle de bloc \u00e0 Orion\",\"datePublished\":\"2022-06-09T07:17:15+00:00\",\"dateModified\":\"2022-06-09T07:29:07+00:00\",\"mainEntityOfPage\":{\"@id\":\"https:\\\/\\\/contactfm72.fr\\\/?p=10151\"},\"wordCount\":94,\"publisher\":{\"@id\":\"https:\\\/\\\/contactfm72.fr\\\/#organization\"},\"image\":{\"@id\":\"https:\\\/\\\/contactfm72.fr\\\/?p=10151#primaryimage\"},\"thumbnailUrl\":\"https:\\\/\\\/contactfm72.fr\\\/wp-content\\\/uploads\\\/2022\\\/06\\\/Antony-Jeanneau-Vice-pr\u00e9sident-escalade-COC.jpg\",\"articleSection\":[\"Contact FM 72\"],\"inLanguage\":\"fr-FR\"},{\"@type\":\"WebPage\",\"@id\":\"https:\\\/\\\/contactfm72.fr\\\/?p=10151\",\"url\":\"https:\\\/\\\/contactfm72.fr\\\/?p=10151\",\"name\":\"Section Escalade & Sports Aventure : l'inauguration de la salle de bloc \u00e0 Orion - Contact FM 99.3\",\"isPartOf\":{\"@id\":\"https:\\\/\\\/contactfm72.fr\\\/#website\"},\"primaryImageOfPage\":{\"@id\":\"https:\\\/\\\/contactfm72.fr\\\/?p=10151#primaryimage\"},\"image\":{\"@id\":\"https:\\\/\\\/contactfm72.fr\\\/?p=10151#primaryimage\"},\"thumbnailUrl\":\"https:\\\/\\\/contactfm72.fr\\\/wp-content\\\/uploads\\\/2022\\\/06\\\/Antony-Jeanneau-Vice-pr\u00e9sident-escalade-COC.jpg\",\"datePublished\":\"2022-06-09T07:17:15+00:00\",\"dateModified\":\"2022-06-09T07:29:07+00:00\",\"breadcrumb\":{\"@id\":\"https:\\\/\\\/contactfm72.fr\\\/?p=10151#breadcrumb\"},\"inLanguage\":\"fr-FR\",\"potentialAction\":[{\"@type\":\"ReadAction\",\"target\":[\"https:\\\/\\\/contactfm72.fr\\\/?p=10151\"]}]},{\"@type\":\"ImageObject\",\"inLanguage\":\"fr-FR\",\"@id\":\"https:\\\/\\\/contactfm72.fr\\\/?p=10151#primaryimage\",\"url\":\"https:\\\/\\\/contactfm72.fr\\\/wp-content\\\/uploads\\\/2022\\\/06\\\/Antony-Jeanneau-Vice-pr\u00e9sident-escalade-COC.jpg\",\"contentUrl\":\"https:\\\/\\\/contactfm72.fr\\\/wp-content\\\/uploads\\\/2022\\\/06\\\/Antony-Jeanneau-Vice-pr\u00e9sident-escalade-COC.jpg\",\"width\":2048,\"height\":1536,\"caption\":\"Antony Jeanneau, vice-pr\u00e9sident du club, accompagn\u00e9 de quelques enfants, dans la salle de bloc, nouvelle salle de grimpe de la SESA COC.\"},{\"@type\":\"BreadcrumbList\",\"@id\":\"https:\\\/\\\/contactfm72.fr\\\/?p=10151#breadcrumb\",\"itemListElement\":[{\"@type\":\"ListItem\",\"position\":1,\"name\":\"Accueil\",\"item\":\"https:\\\/\\\/contactfm72.fr\\\/\"},{\"@type\":\"ListItem\",\"position\":2,\"name\":\"Section Escalade &#038; Sports Aventure : l&#8217;inauguration de la salle de bloc \u00e0 Orion\"}]},{\"@type\":\"WebSite\",\"@id\":\"https:\\\/\\\/contactfm72.fr\\\/#website\",\"url\":\"https:\\\/\\\/contactfm72.fr\\\/\",\"name\":\"Contact FM 99.3\",\"description\":\"Votre radio en vall\u00e9e du Loir\",\"publisher\":{\"@id\":\"https:\\\/\\\/contactfm72.fr\\\/#organization\"},\"potentialAction\":[{\"@type\":\"SearchAction\",\"target\":{\"@type\":\"EntryPoint\",\"urlTemplate\":\"https:\\\/\\\/contactfm72.fr\\\/?s={search_term_string}\"},\"query-input\":{\"@type\":\"PropertyValueSpecification\",\"valueRequired\":true,\"valueName\":\"search_term_string\"}}],\"inLanguage\":\"fr-FR\"},{\"@type\":\"Organization\",\"@id\":\"https:\\\/\\\/contactfm72.fr\\\/#organization\",\"name\":\"Contact FM 99.3\",\"url\":\"https:\\\/\\\/contactfm72.fr\\\/\",\"logo\":{\"@type\":\"ImageObject\",\"inLanguage\":\"fr-FR\",\"@id\":\"https:\\\/\\\/contactfm72.fr\\\/#\\\/schema\\\/logo\\\/image\\\/\",\"url\":\"https:\\\/\\\/contactfm72.fr\\\/wp-content\\\/uploads\\\/2025\\\/04\\\/2025-04-18-2.jpg\",\"contentUrl\":\"https:\\\/\\\/contactfm72.fr\\\/wp-content\\\/uploads\\\/2025\\\/04\\\/2025-04-18-2.jpg\",\"width\":680,\"height\":307,\"caption\":\"Contact FM 99.3\"},\"image\":{\"@id\":\"https:\\\/\\\/contactfm72.fr\\\/#\\\/schema\\\/logo\\\/image\\\/\"},\"sameAs\":[\"https:\\\/\\\/www.facebook.com\\\/Contactfm.Chateauduloir\",\"https:\\\/\\\/x.com\\\/contactfm72\",\"https:\\\/\\\/www.instagram.com\\\/contact.fm.72?igsh=cGhlMHQ5N2JlNnpp\",\"https:\\\/\\\/www.tiktok.com\\\/@contact.fm\"]},{\"@type\":\"Person\",\"@id\":\"https:\\\/\\\/contactfm72.fr\\\/#\\\/schema\\\/person\\\/9fdc9d1c2eb029354a4f1535b90ba82d\",\"name\":\"Val\u00e9rie C.\",\"image\":{\"@type\":\"ImageObject\",\"inLanguage\":\"fr-FR\",\"@id\":\"https:\\\/\\\/secure.gravatar.com\\\/avatar\\\/2f8aa28f8dfbd7d4420afd1fdcdd0a349923e2c8a38ab28198b0f9d0601e4737?s=96&d=mm&r=g\",\"url\":\"https:\\\/\\\/secure.gravatar.com\\\/avatar\\\/2f8aa28f8dfbd7d4420afd1fdcdd0a349923e2c8a38ab28198b0f9d0601e4737?s=96&d=mm&r=g\",\"contentUrl\":\"https:\\\/\\\/secure.gravatar.com\\\/avatar\\\/2f8aa28f8dfbd7d4420afd1fdcdd0a349923e2c8a38ab28198b0f9d0601e4737?s=96&d=mm&r=g\",\"caption\":\"Val\u00e9rie C.\"},\"url\":\"https:\\\/\\\/contactfm72.fr\\\/?author=4\"}]}<\/script>\n<!-- \/ Yoast SEO plugin. -->","yoast_head_json":{"title":"Section Escalade & Sports Aventure : l'inauguration de la salle de bloc \u00e0 Orion - Contact FM 99.3","robots":{"index":"index","follow":"follow","max-snippet":"max-snippet:-1","max-image-preview":"max-image-preview:large","max-video-preview":"max-video-preview:-1"},"canonical":"https:\/\/contactfm72.fr\/?p=10151","og_locale":"fr_FR","og_type":"article","og_title":"Section Escalade & Sports Aventure : l'inauguration de la salle de bloc \u00e0 Orion - Contact FM 99.3","og_description":"Pour le dernier num\u00e9ro de la saison de &#8220;Va y avoir du sport&#8221;, la Section Escalade &amp; Sports Aventure (SESA) du Club Omnisports Cast\u00e9lorien pr\u00e9sente d\u00e9sormais une nouvelle salle, la salle de bloc . Pour l&#8217;occasion, Anthony Jeanneau, vice-pr\u00e9sident du club, revient sur les performances du club, l&#8217;\u00e9cole d&#8217;escalade et l&#8217;importance d&#8217;une telle salle pour&hellip;","og_url":"https:\/\/contactfm72.fr\/?p=10151","og_site_name":"Contact FM 99.3","article_publisher":"https:\/\/www.facebook.com\/Contactfm.Chateauduloir","article_published_time":"2022-06-09T07:17:15+00:00","article_modified_time":"2022-06-09T07:29:07+00:00","og_image":[{"width":2048,"height":1536,"url":"https:\/\/contactfm72.fr\/wp-content\/uploads\/2022\/06\/Antony-Jeanneau-Vice-pr\u00e9sident-escalade-COC.jpg","type":"image\/jpeg"}],"author":"Val\u00e9rie C.","twitter_card":"summary_large_image","twitter_creator":"@contactfm72","twitter_site":"@contactfm72","twitter_misc":{"\u00c9crit par":"Val\u00e9rie C."},"schema":{"@context":"https:\/\/schema.org","@graph":[{"@type":"Article","@id":"https:\/\/contactfm72.fr\/?p=10151#article","isPartOf":{"@id":"https:\/\/contactfm72.fr\/?p=10151"},"author":{"name":"Val\u00e9rie C.","@id":"https:\/\/contactfm72.fr\/#\/schema\/person\/9fdc9d1c2eb029354a4f1535b90ba82d"},"headline":"Section Escalade &#038; Sports Aventure : l&#8217;inauguration de la salle de bloc \u00e0 Orion","datePublished":"2022-06-09T07:17:15+00:00","dateModified":"2022-06-09T07:29:07+00:00","mainEntityOfPage":{"@id":"https:\/\/contactfm72.fr\/?p=10151"},"wordCount":94,"publisher":{"@id":"https:\/\/contactfm72.fr\/#organization"},"image":{"@id":"https:\/\/contactfm72.fr\/?p=10151#primaryimage"},"thumbnailUrl":"https:\/\/contactfm72.fr\/wp-content\/uploads\/2022\/06\/Antony-Jeanneau-Vice-pr\u00e9sident-escalade-COC.jpg","articleSection":["Contact FM 72"],"inLanguage":"fr-FR"},{"@type":"WebPage","@id":"https:\/\/contactfm72.fr\/?p=10151","url":"https:\/\/contactfm72.fr\/?p=10151","name":"Section Escalade & Sports Aventure : l'inauguration de la salle de bloc \u00e0 Orion - Contact FM 99.3","isPartOf":{"@id":"https:\/\/contactfm72.fr\/#website"},"primaryImageOfPage":{"@id":"https:\/\/contactfm72.fr\/?p=10151#primaryimage"},"image":{"@id":"https:\/\/contactfm72.fr\/?p=10151#primaryimage"},"thumbnailUrl":"https:\/\/contactfm72.fr\/wp-content\/uploads\/2022\/06\/Antony-Jeanneau-Vice-pr\u00e9sident-escalade-COC.jpg","datePublished":"2022-06-09T07:17:15+00:00","dateModified":"2022-06-09T07:29:07+00:00","breadcrumb":{"@id":"https:\/\/contactfm72.fr\/?p=10151#breadcrumb"},"inLanguage":"fr-FR","potentialAction":[{"@type":"ReadAction","target":["https:\/\/contactfm72.fr\/?p=10151"]}]},{"@type":"ImageObject","inLanguage":"fr-FR","@id":"https:\/\/contactfm72.fr\/?p=10151#primaryimage","url":"https:\/\/contactfm72.fr\/wp-content\/uploads\/2022\/06\/Antony-Jeanneau-Vice-pr\u00e9sident-escalade-COC.jpg","contentUrl":"https:\/\/contactfm72.fr\/wp-content\/uploads\/2022\/06\/Antony-Jeanneau-Vice-pr\u00e9sident-escalade-COC.jpg","width":2048,"height":1536,"caption":"Antony Jeanneau, vice-pr\u00e9sident du club, accompagn\u00e9 de quelques enfants, dans la salle de bloc, nouvelle salle de grimpe de la SESA COC."},{"@type":"BreadcrumbList","@id":"https:\/\/contactfm72.fr\/?p=10151#breadcrumb","itemListElement":[{"@type":"ListItem","position":1,"name":"Accueil","item":"https:\/\/contactfm72.fr\/"},{"@type":"ListItem","position":2,"name":"Section Escalade &#038; Sports Aventure : l&#8217;inauguration de la salle de bloc \u00e0 Orion"}]},{"@type":"WebSite","@id":"https:\/\/contactfm72.fr\/#website","url":"https:\/\/contactfm72.fr\/","name":"Contact FM 99.3","description":"Votre radio en vall\u00e9e du Loir","publisher":{"@id":"https:\/\/contactfm72.fr\/#organization"},"potentialAction":[{"@type":"SearchAction","target":{"@type":"EntryPoint","urlTemplate":"https:\/\/contactfm72.fr\/?s={search_term_string}"},"query-input":{"@type":"PropertyValueSpecification","valueRequired":true,"valueName":"search_term_string"}}],"inLanguage":"fr-FR"},{"@type":"Organization","@id":"https:\/\/contactfm72.fr\/#organization","name":"Contact FM 99.3","url":"https:\/\/contactfm72.fr\/","logo":{"@type":"ImageObject","inLanguage":"fr-FR","@id":"https:\/\/contactfm72.fr\/#\/schema\/logo\/image\/","url":"https:\/\/contactfm72.fr\/wp-content\/uploads\/2025\/04\/2025-04-18-2.jpg","contentUrl":"https:\/\/contactfm72.fr\/wp-content\/uploads\/2025\/04\/2025-04-18-2.jpg","width":680,"height":307,"caption":"Contact FM 99.3"},"image":{"@id":"https:\/\/contactfm72.fr\/#\/schema\/logo\/image\/"},"sameAs":["https:\/\/www.facebook.com\/Contactfm.Chateauduloir","https:\/\/x.com\/contactfm72","https:\/\/www.instagram.com\/contact.fm.72?igsh=cGhlMHQ5N2JlNnpp","https:\/\/www.tiktok.com\/@contact.fm"]},{"@type":"Person","@id":"https:\/\/contactfm72.fr\/#\/schema\/person\/9fdc9d1c2eb029354a4f1535b90ba82d","name":"Val\u00e9rie C.","image":{"@type":"ImageObject","inLanguage":"fr-FR","@id":"https:\/\/secure.gravatar.com\/avatar\/2f8aa28f8dfbd7d4420afd1fdcdd0a349923e2c8a38ab28198b0f9d0601e4737?s=96&d=mm&r=g","url":"https:\/\/secure.gravatar.com\/avatar\/2f8aa28f8dfbd7d4420afd1fdcdd0a349923e2c8a38ab28198b0f9d0601e4737?s=96&d=mm&r=g","contentUrl":"https:\/\/secure.gravatar.com\/avatar\/2f8aa28f8dfbd7d4420afd1fdcdd0a349923e2c8a38ab28198b0f9d0601e4737?s=96&d=mm&r=g","caption":"Val\u00e9rie C."},"url":"https:\/\/contactfm72.fr\/?author=4"}]}},"_links":{"self":[{"href":"https:\/\/contactfm72.fr\/index.php?rest_route=\/wp\/v2\/posts\/10151","targetHints":{"allow":["GET"]}}],"collection":[{"href":"https:\/\/contactfm72.fr\/index.php?rest_route=\/wp\/v2\/posts"}],"about":[{"href":"https:\/\/contactfm72.fr\/index.php?rest_route=\/wp\/v2\/types\/post"}],"author":[{"embeddable":true,"href":"https:\/\/contactfm72.fr\/index.php?rest_route=\/wp\/v2\/users\/4"}],"replies":[{"embeddable":true,"href":"https:\/\/contactfm72.fr\/index.php?rest_route=%2Fwp%2Fv2%2Fcomments&post=10151"}],"version-history":[{"count":4,"href":"https:\/\/contactfm72.fr\/index.php?rest_route=\/wp\/v2\/posts\/10151\/revisions"}],"predecessor-version":[{"id":10176,"href":"https:\/\/contactfm72.fr\/index.php?rest_route=\/wp\/v2\/posts\/10151\/revisions\/10176"}],"wp:featuredmedia":[{"embeddable":true,"href":"https:\/\/contactfm72.fr\/index.php?rest_route=\/wp\/v2\/media\/10152"}],"wp:attachment":[{"href":"https:\/\/contactfm72.fr\/index.php?rest_route=%2Fwp%2Fv2%2Fmedia&parent=10151"}],"wp:term":[{"taxonomy":"category","embeddable":true,"href":"https:\/\/contactfm72.fr\/index.php?rest_route=%2Fwp%2Fv2%2Fcategories&post=10151"},{"taxonomy":"post_tag","embeddable":true,"href":"https:\/\/contactfm72.fr\/index.php?rest_route=%2Fwp%2Fv2%2Ftags&post=10151"}],"curies":[{"name":"wp","href":"https:\/\/api.w.org\/{rel}","templated":true}]}}