{"id":10132,"date":"2022-06-07T15:27:09","date_gmt":"2022-06-07T13:27:09","guid":{"rendered":"http:\/\/contactfm72.fr\/?p=10132"},"modified":"2022-06-07T17:20:22","modified_gmt":"2022-06-07T15:20:22","slug":"les-futurs-menuisiers-devoilent-leurs-chefs-doeuvre","status":"publish","type":"post","link":"https:\/\/contactfm72.fr\/?p=10132","title":{"rendered":"Les futurs menuisiers d\u00e9voilent leurs chefs-d\u2019\u0153uvre"},"content":{"rendered":"<h2>Les deux niveaux de premi\u00e8re et terminale de la section Menuiserie Fabricant Agencement du lyc\u00e9e professionnel Mar\u00e9chal Leclerc de Hauteclocque de Montval-sur-Loir ont confectionn\u00e9 une table de marque et des moyens de transport en bois.<\/h2>\n<p>&nbsp;<\/p>\n<p>&nbsp;<\/p>\n<p>La sonnerie de fin d\u2019ann\u00e9e a retentit au<strong> lyc\u00e9e professionnel Mar\u00e9chal Leclerc de Hauteclocque de Montval-sur-Loir<\/strong>, dans la <strong>Sarthe<\/strong>, et les deux classes de premi\u00e8re et terminale de la section <strong>Menuiserie Fabricant Agencement (MFA)<\/strong> t\u00e9moignent de leur excellence.<\/p>\n<p>&nbsp;<\/p>\n<h3><strong>Un v\u00e9lo, une trottinette et une moto\u2026 en bois\u00a0! <\/strong><\/h3>\n<p>C\u2019\u00e9tait le projet de fin d\u2019ann\u00e9e des <strong>10 \u00e9l\u00e8ves de premi\u00e8re ann\u00e9e <\/strong>de CAP. Dylan, 15 ans, explique le projet : \u00ab on avait pour th\u00e8mes la r\u00e9cup\u00e9ration et l\u2019\u00e9cologie, alors nous avons tout de suite pens\u00e9 aux moyens de transport \u00bb. Apr\u00e8s concertation avec leur professeur de menuiserie qui les a encadr\u00e9s tout le long de l\u2019ann\u00e9e, Pierre-Michel Gilardin, les dix \u00e9l\u00e8ves se sont r\u00e9partis en trois groupes. Cinq \u00e9l\u00e8ves ont con\u00e7u et fabriqu\u00e9 un <strong>v\u00e9lo<\/strong>, trois autres une <strong>trottinette<\/strong> et Dylan et Donovan se sont occup\u00e9s de la <strong>moto<\/strong>. Et \u00e7a roule!<\/p>\n<p>Ces deux derniers expliquent la r\u00e9alisation de leur \u00ab chef d\u2019\u0153uvre \u00bb :<\/p>\n<blockquote><p>\u00ab\u00a0On nous a fourni les roues, la cha\u00eene, le p\u00e9dalier et la lumi\u00e8re. Tout en r\u00e9cup\u00e9ration. On a utilis\u00e9 du contreplaqu\u00e9, du fr\u00eane et du peuplier. Le plus dur \u00e0 r\u00e9aliser fut la fourche et les freins\u00a0\u00bb.<\/p><\/blockquote>\n<p>La conception et la fabrication de ses moyens de transport repr\u00e9sentent environ <strong>3h30 de travail par semaine<\/strong>, r\u00e9partis sur toute l&#8217;ann\u00e9e scolaire. \u00ab Nous souhaitons montrer ce que l\u2019on sait faire avec le bois. On est qu\u2019en premi\u00e8re ann\u00e9e \u00bb, informe Line, 18ans.<\/p>\n<p>&nbsp;<\/p>\n<h3><strong>Remise de prix<\/strong><\/h3>\n<p>Pour l\u2019occasion, le <strong>Rotary Club Ch\u00e2teau-du-Loir\/la Chartre-sur-le-Loir<\/strong> a d\u00e9cern\u00e9 <strong>trois prix diff\u00e9rents<\/strong> pour les trois groupes d\u2019\u00e9l\u00e8ves : \u00ab Face \u00e0 cette excellence, nous sommes oblig\u00e9s de d\u00e9cerner trois prix diff\u00e9rents. On remettra \u00e9galement un ch\u00e8que de 500 euros au lyc\u00e9e \u00bb, fait savoir le pr\u00e9sident du club, Fran\u00e7ois Leboucq. Les \u00e9l\u00e8ves sont donc reparties avec un dipl\u00f4me, et le lyc\u00e9e, un ch\u00e8que.<\/p>\n<p>Les trois \u00ab chefs-d\u2019\u0153uvre \u00bb des \u00e9l\u00e8ves seront <strong>expos\u00e9s<\/strong> dans l\u2019enceinte du lyc\u00e9e lors des prochaines portes ouvertes afin de t\u00e9moigner des enseignements dispens\u00e9s au sein de l\u2019\u00e9tablissement scolaire.<\/p>\n<p>&nbsp;<\/p>\n<h3><strong>Une commande du club de basket de Chang\u00e9<\/strong><\/h3>\n<p>Les <strong>derni\u00e8res ann\u00e9es de CAP<\/strong> de la section MFA ont \u00e9galement brill\u00e9 par leur travail. Leur professeur de menuiserie Damien Valo explique leur projet\u00a0:<\/p>\n<blockquote><p>\u00ab Le club de basket de Chang\u00e9 nous a pass\u00e9 une commande. Les dirigeants souhaitaient une table de marque. Ils nous ont donc fourni un cahier des charges \u00bb.<\/p><\/blockquote>\n<p>Les \u00e9l\u00e8ves ont donc propos\u00e9 une \u00e9bauche de table de marque au club de basket. \u00ab Les dirigeants du club les ont tous re\u00e7u un par un, ils ont pr\u00e9sent\u00e9 leur projet, et les dirigeants ont choisi leur commande \u00e0 partir de ce que les \u00e9l\u00e8ves proposaient \u00bb, continue leur professeur.<\/p>\n<p>&nbsp;<\/p>\n<div id=\"attachment_10134\" style=\"width: 2058px\" class=\"wp-caption alignnone\"><img loading=\"lazy\" decoding=\"async\" aria-describedby=\"caption-attachment-10134\" class=\"size-full wp-image-10134\" src=\"http:\/\/contactfm72.fr\/wp-content\/uploads\/2022\/06\/bois-meuble.jpg\" alt=\"\" width=\"2048\" height=\"1536\" \/><p id=\"caption-attachment-10134\" class=\"wp-caption-text\">Les \u00e9l\u00e8ves, professeur, et leur table de marque \u00e0 destination du club de basket de Chang\u00e9, dans la Sarthe.<\/p><\/div>\n<p>Une fois le projet accept\u00e9 par le club, les \u00e9l\u00e8ves ont donc fabriqu\u00e9 la table de marque. \u00ab On est tr\u00e8s heureux de notre travail. On est dessus depuis deux ans, on est tr\u00e8s fier \u00bb, r\u00e9sument les \u00e9l\u00e8ves, unanimes. La table de marque sera par la suite <strong>repeinte aux couleurs du club<\/strong>.<\/p>\n<p>&nbsp;<\/p>\n<h3>Une autre commande par la Municipalit\u00e9<\/h3>\n<p>Ce n\u2019est pas la premi\u00e8re fois que le lyc\u00e9e re\u00e7oit une commande de ce type.<\/p>\n<blockquote><p>\u00ab Il y a quelques ann\u00e9es, la municipalit\u00e9 Montvaloise nous a demand\u00e9 de concevoir une grainoth\u00e8que pour la biblioth\u00e8que-ludoth\u00e8que Juliette Drouet \u00bb, pr\u00e9cise fi\u00e8rement Patricia Delhotal, proviseure adjointe du lyc\u00e9e.<\/p><\/blockquote>\n<p>L\u2019ann\u00e9e se termine, et une nouvelle promotion de futurs menuisiers arrivera dans l\u2019enceinte du lyc\u00e9e professionnel. Quels seront les futurs projets\u00a0? Les premi\u00e8res ann\u00e9es laissent entendre qu\u2019ils fabriqueront des instruments de musique.<\/p>\n<!-- AddThis Advanced Settings generic via filter on the_content --><!-- AddThis Share Buttons generic via filter on the_content -->","protected":false},"excerpt":{"rendered":"<p>Les deux niveaux de premi\u00e8re et terminale de la section Menuiserie Fabricant Agencement du lyc\u00e9e professionnel Mar\u00e9chal Leclerc de Hauteclocque de Montval-sur-Loir ont confectionn\u00e9 une table de marque et des moyens de transport en bois. &nbsp; &nbsp; La sonnerie de fin d\u2019ann\u00e9e a retentit au lyc\u00e9e professionnel Mar\u00e9chal Leclerc de Hauteclocque de Montval-sur-Loir, dans la&hellip;<!-- AddThis Advanced Settings generic via filter on get_the_excerpt --><!-- AddThis Share Buttons generic via filter on get_the_excerpt --><\/p>\n","protected":false},"author":4,"featured_media":10133,"comment_status":"closed","ping_status":"open","sticky":false,"template":"","format":"standard","meta":{"footnotes":""},"categories":[1],"tags":[],"class_list":["post-10132","post","type-post","status-publish","format-standard","has-post-thumbnail","hentry","category-contact-fm-72","category-1","description-off"],"yoast_head":"<!-- This site is optimized with the Yoast SEO plugin v27.4 - https:\/\/yoast.com\/product\/yoast-seo-wordpress\/ -->\n<title>Les futurs menuisiers d\u00e9voilent leurs chefs-d\u2019\u0153uvre - Contact FM 99.3<\/title>\n<meta name=\"robots\" content=\"index, follow, max-snippet:-1, max-image-preview:large, max-video-preview:-1\" \/>\n<link rel=\"canonical\" href=\"https:\/\/contactfm72.fr\/?p=10132\" \/>\n<meta property=\"og:locale\" content=\"fr_FR\" \/>\n<meta property=\"og:type\" content=\"article\" \/>\n<meta property=\"og:title\" content=\"Les futurs menuisiers d\u00e9voilent leurs chefs-d\u2019\u0153uvre - Contact FM 99.3\" \/>\n<meta property=\"og:description\" content=\"Les deux niveaux de premi\u00e8re et terminale de la section Menuiserie Fabricant Agencement du lyc\u00e9e professionnel Mar\u00e9chal Leclerc de Hauteclocque de Montval-sur-Loir ont confectionn\u00e9 une table de marque et des moyens de transport en bois. &nbsp; &nbsp; La sonnerie de fin d\u2019ann\u00e9e a retentit au lyc\u00e9e professionnel Mar\u00e9chal Leclerc de Hauteclocque de Montval-sur-Loir, dans la&hellip;\" \/>\n<meta property=\"og:url\" content=\"https:\/\/contactfm72.fr\/?p=10132\" \/>\n<meta property=\"og:site_name\" content=\"Contact FM 99.3\" \/>\n<meta property=\"article:publisher\" content=\"https:\/\/www.facebook.com\/Contactfm.Chateauduloir\" \/>\n<meta property=\"article:published_time\" content=\"2022-06-07T13:27:09+00:00\" \/>\n<meta property=\"article:modified_time\" content=\"2022-06-07T15:20:22+00:00\" \/>\n<meta property=\"og:image\" content=\"https:\/\/contactfm72.fr\/wp-content\/uploads\/2022\/06\/bois-v\u00e9lo-1.jpg\" \/>\n\t<meta property=\"og:image:width\" content=\"2048\" \/>\n\t<meta property=\"og:image:height\" content=\"1536\" \/>\n\t<meta property=\"og:image:type\" content=\"image\/jpeg\" \/>\n<meta name=\"author\" content=\"Val\u00e9rie C.\" \/>\n<meta name=\"twitter:card\" content=\"summary_large_image\" \/>\n<meta name=\"twitter:creator\" content=\"@contactfm72\" \/>\n<meta name=\"twitter:site\" content=\"@contactfm72\" \/>\n<meta name=\"twitter:label1\" content=\"\u00c9crit par\" \/>\n\t<meta name=\"twitter:data1\" content=\"Val\u00e9rie C.\" \/>\n\t<meta name=\"twitter:label2\" content=\"Dur\u00e9e de lecture estim\u00e9e\" \/>\n\t<meta name=\"twitter:data2\" content=\"4 minutes\" \/>\n<script type=\"application\/ld+json\" class=\"yoast-schema-graph\">{\"@context\":\"https:\\\/\\\/schema.org\",\"@graph\":[{\"@type\":\"Article\",\"@id\":\"https:\\\/\\\/contactfm72.fr\\\/?p=10132#article\",\"isPartOf\":{\"@id\":\"https:\\\/\\\/contactfm72.fr\\\/?p=10132\"},\"author\":{\"name\":\"Val\u00e9rie C.\",\"@id\":\"https:\\\/\\\/contactfm72.fr\\\/#\\\/schema\\\/person\\\/9fdc9d1c2eb029354a4f1535b90ba82d\"},\"headline\":\"Les futurs menuisiers d\u00e9voilent leurs chefs-d\u2019\u0153uvre\",\"datePublished\":\"2022-06-07T13:27:09+00:00\",\"dateModified\":\"2022-06-07T15:20:22+00:00\",\"mainEntityOfPage\":{\"@id\":\"https:\\\/\\\/contactfm72.fr\\\/?p=10132\"},\"wordCount\":728,\"publisher\":{\"@id\":\"https:\\\/\\\/contactfm72.fr\\\/#organization\"},\"image\":{\"@id\":\"https:\\\/\\\/contactfm72.fr\\\/?p=10132#primaryimage\"},\"thumbnailUrl\":\"https:\\\/\\\/contactfm72.fr\\\/wp-content\\\/uploads\\\/2022\\\/06\\\/bois-v\u00e9lo-1.jpg\",\"articleSection\":[\"Contact FM 72\"],\"inLanguage\":\"fr-FR\"},{\"@type\":\"WebPage\",\"@id\":\"https:\\\/\\\/contactfm72.fr\\\/?p=10132\",\"url\":\"https:\\\/\\\/contactfm72.fr\\\/?p=10132\",\"name\":\"Les futurs menuisiers d\u00e9voilent leurs chefs-d\u2019\u0153uvre - Contact FM 99.3\",\"isPartOf\":{\"@id\":\"https:\\\/\\\/contactfm72.fr\\\/#website\"},\"primaryImageOfPage\":{\"@id\":\"https:\\\/\\\/contactfm72.fr\\\/?p=10132#primaryimage\"},\"image\":{\"@id\":\"https:\\\/\\\/contactfm72.fr\\\/?p=10132#primaryimage\"},\"thumbnailUrl\":\"https:\\\/\\\/contactfm72.fr\\\/wp-content\\\/uploads\\\/2022\\\/06\\\/bois-v\u00e9lo-1.jpg\",\"datePublished\":\"2022-06-07T13:27:09+00:00\",\"dateModified\":\"2022-06-07T15:20:22+00:00\",\"breadcrumb\":{\"@id\":\"https:\\\/\\\/contactfm72.fr\\\/?p=10132#breadcrumb\"},\"inLanguage\":\"fr-FR\",\"potentialAction\":[{\"@type\":\"ReadAction\",\"target\":[\"https:\\\/\\\/contactfm72.fr\\\/?p=10132\"]}]},{\"@type\":\"ImageObject\",\"inLanguage\":\"fr-FR\",\"@id\":\"https:\\\/\\\/contactfm72.fr\\\/?p=10132#primaryimage\",\"url\":\"https:\\\/\\\/contactfm72.fr\\\/wp-content\\\/uploads\\\/2022\\\/06\\\/bois-v\u00e9lo-1.jpg\",\"contentUrl\":\"https:\\\/\\\/contactfm72.fr\\\/wp-content\\\/uploads\\\/2022\\\/06\\\/bois-v\u00e9lo-1.jpg\",\"width\":2048,\"height\":1536,\"caption\":\"Les \u00e9l\u00e8ves de premi\u00e8re ann\u00e9e accompagn\u00e9s de leurs professeurs.\"},{\"@type\":\"BreadcrumbList\",\"@id\":\"https:\\\/\\\/contactfm72.fr\\\/?p=10132#breadcrumb\",\"itemListElement\":[{\"@type\":\"ListItem\",\"position\":1,\"name\":\"Accueil\",\"item\":\"https:\\\/\\\/contactfm72.fr\\\/\"},{\"@type\":\"ListItem\",\"position\":2,\"name\":\"Les futurs menuisiers d\u00e9voilent leurs chefs-d\u2019\u0153uvre\"}]},{\"@type\":\"WebSite\",\"@id\":\"https:\\\/\\\/contactfm72.fr\\\/#website\",\"url\":\"https:\\\/\\\/contactfm72.fr\\\/\",\"name\":\"Contact FM 99.3\",\"description\":\"Votre radio en vall\u00e9e du Loir\",\"publisher\":{\"@id\":\"https:\\\/\\\/contactfm72.fr\\\/#organization\"},\"potentialAction\":[{\"@type\":\"SearchAction\",\"target\":{\"@type\":\"EntryPoint\",\"urlTemplate\":\"https:\\\/\\\/contactfm72.fr\\\/?s={search_term_string}\"},\"query-input\":{\"@type\":\"PropertyValueSpecification\",\"valueRequired\":true,\"valueName\":\"search_term_string\"}}],\"inLanguage\":\"fr-FR\"},{\"@type\":\"Organization\",\"@id\":\"https:\\\/\\\/contactfm72.fr\\\/#organization\",\"name\":\"Contact FM 99.3\",\"url\":\"https:\\\/\\\/contactfm72.fr\\\/\",\"logo\":{\"@type\":\"ImageObject\",\"inLanguage\":\"fr-FR\",\"@id\":\"https:\\\/\\\/contactfm72.fr\\\/#\\\/schema\\\/logo\\\/image\\\/\",\"url\":\"https:\\\/\\\/contactfm72.fr\\\/wp-content\\\/uploads\\\/2025\\\/04\\\/2025-04-18-2.jpg\",\"contentUrl\":\"https:\\\/\\\/contactfm72.fr\\\/wp-content\\\/uploads\\\/2025\\\/04\\\/2025-04-18-2.jpg\",\"width\":680,\"height\":307,\"caption\":\"Contact FM 99.3\"},\"image\":{\"@id\":\"https:\\\/\\\/contactfm72.fr\\\/#\\\/schema\\\/logo\\\/image\\\/\"},\"sameAs\":[\"https:\\\/\\\/www.facebook.com\\\/Contactfm.Chateauduloir\",\"https:\\\/\\\/x.com\\\/contactfm72\",\"https:\\\/\\\/www.instagram.com\\\/contact.fm.72?igsh=cGhlMHQ5N2JlNnpp\",\"https:\\\/\\\/www.tiktok.com\\\/@contact.fm\"]},{\"@type\":\"Person\",\"@id\":\"https:\\\/\\\/contactfm72.fr\\\/#\\\/schema\\\/person\\\/9fdc9d1c2eb029354a4f1535b90ba82d\",\"name\":\"Val\u00e9rie C.\",\"image\":{\"@type\":\"ImageObject\",\"inLanguage\":\"fr-FR\",\"@id\":\"https:\\\/\\\/secure.gravatar.com\\\/avatar\\\/2f8aa28f8dfbd7d4420afd1fdcdd0a349923e2c8a38ab28198b0f9d0601e4737?s=96&d=mm&r=g\",\"url\":\"https:\\\/\\\/secure.gravatar.com\\\/avatar\\\/2f8aa28f8dfbd7d4420afd1fdcdd0a349923e2c8a38ab28198b0f9d0601e4737?s=96&d=mm&r=g\",\"contentUrl\":\"https:\\\/\\\/secure.gravatar.com\\\/avatar\\\/2f8aa28f8dfbd7d4420afd1fdcdd0a349923e2c8a38ab28198b0f9d0601e4737?s=96&d=mm&r=g\",\"caption\":\"Val\u00e9rie C.\"},\"url\":\"https:\\\/\\\/contactfm72.fr\\\/?author=4\"}]}<\/script>\n<!-- \/ Yoast SEO plugin. -->","yoast_head_json":{"title":"Les futurs menuisiers d\u00e9voilent leurs chefs-d\u2019\u0153uvre - Contact FM 99.3","robots":{"index":"index","follow":"follow","max-snippet":"max-snippet:-1","max-image-preview":"max-image-preview:large","max-video-preview":"max-video-preview:-1"},"canonical":"https:\/\/contactfm72.fr\/?p=10132","og_locale":"fr_FR","og_type":"article","og_title":"Les futurs menuisiers d\u00e9voilent leurs chefs-d\u2019\u0153uvre - Contact FM 99.3","og_description":"Les deux niveaux de premi\u00e8re et terminale de la section Menuiserie Fabricant Agencement du lyc\u00e9e professionnel Mar\u00e9chal Leclerc de Hauteclocque de Montval-sur-Loir ont confectionn\u00e9 une table de marque et des moyens de transport en bois. &nbsp; &nbsp; La sonnerie de fin d\u2019ann\u00e9e a retentit au lyc\u00e9e professionnel Mar\u00e9chal Leclerc de Hauteclocque de Montval-sur-Loir, dans la&hellip;","og_url":"https:\/\/contactfm72.fr\/?p=10132","og_site_name":"Contact FM 99.3","article_publisher":"https:\/\/www.facebook.com\/Contactfm.Chateauduloir","article_published_time":"2022-06-07T13:27:09+00:00","article_modified_time":"2022-06-07T15:20:22+00:00","og_image":[{"width":2048,"height":1536,"url":"https:\/\/contactfm72.fr\/wp-content\/uploads\/2022\/06\/bois-v\u00e9lo-1.jpg","type":"image\/jpeg"}],"author":"Val\u00e9rie C.","twitter_card":"summary_large_image","twitter_creator":"@contactfm72","twitter_site":"@contactfm72","twitter_misc":{"\u00c9crit par":"Val\u00e9rie C.","Dur\u00e9e de lecture estim\u00e9e":"4 minutes"},"schema":{"@context":"https:\/\/schema.org","@graph":[{"@type":"Article","@id":"https:\/\/contactfm72.fr\/?p=10132#article","isPartOf":{"@id":"https:\/\/contactfm72.fr\/?p=10132"},"author":{"name":"Val\u00e9rie C.","@id":"https:\/\/contactfm72.fr\/#\/schema\/person\/9fdc9d1c2eb029354a4f1535b90ba82d"},"headline":"Les futurs menuisiers d\u00e9voilent leurs chefs-d\u2019\u0153uvre","datePublished":"2022-06-07T13:27:09+00:00","dateModified":"2022-06-07T15:20:22+00:00","mainEntityOfPage":{"@id":"https:\/\/contactfm72.fr\/?p=10132"},"wordCount":728,"publisher":{"@id":"https:\/\/contactfm72.fr\/#organization"},"image":{"@id":"https:\/\/contactfm72.fr\/?p=10132#primaryimage"},"thumbnailUrl":"https:\/\/contactfm72.fr\/wp-content\/uploads\/2022\/06\/bois-v\u00e9lo-1.jpg","articleSection":["Contact FM 72"],"inLanguage":"fr-FR"},{"@type":"WebPage","@id":"https:\/\/contactfm72.fr\/?p=10132","url":"https:\/\/contactfm72.fr\/?p=10132","name":"Les futurs menuisiers d\u00e9voilent leurs chefs-d\u2019\u0153uvre - Contact FM 99.3","isPartOf":{"@id":"https:\/\/contactfm72.fr\/#website"},"primaryImageOfPage":{"@id":"https:\/\/contactfm72.fr\/?p=10132#primaryimage"},"image":{"@id":"https:\/\/contactfm72.fr\/?p=10132#primaryimage"},"thumbnailUrl":"https:\/\/contactfm72.fr\/wp-content\/uploads\/2022\/06\/bois-v\u00e9lo-1.jpg","datePublished":"2022-06-07T13:27:09+00:00","dateModified":"2022-06-07T15:20:22+00:00","breadcrumb":{"@id":"https:\/\/contactfm72.fr\/?p=10132#breadcrumb"},"inLanguage":"fr-FR","potentialAction":[{"@type":"ReadAction","target":["https:\/\/contactfm72.fr\/?p=10132"]}]},{"@type":"ImageObject","inLanguage":"fr-FR","@id":"https:\/\/contactfm72.fr\/?p=10132#primaryimage","url":"https:\/\/contactfm72.fr\/wp-content\/uploads\/2022\/06\/bois-v\u00e9lo-1.jpg","contentUrl":"https:\/\/contactfm72.fr\/wp-content\/uploads\/2022\/06\/bois-v\u00e9lo-1.jpg","width":2048,"height":1536,"caption":"Les \u00e9l\u00e8ves de premi\u00e8re ann\u00e9e accompagn\u00e9s de leurs professeurs."},{"@type":"BreadcrumbList","@id":"https:\/\/contactfm72.fr\/?p=10132#breadcrumb","itemListElement":[{"@type":"ListItem","position":1,"name":"Accueil","item":"https:\/\/contactfm72.fr\/"},{"@type":"ListItem","position":2,"name":"Les futurs menuisiers d\u00e9voilent leurs chefs-d\u2019\u0153uvre"}]},{"@type":"WebSite","@id":"https:\/\/contactfm72.fr\/#website","url":"https:\/\/contactfm72.fr\/","name":"Contact FM 99.3","description":"Votre radio en vall\u00e9e du Loir","publisher":{"@id":"https:\/\/contactfm72.fr\/#organization"},"potentialAction":[{"@type":"SearchAction","target":{"@type":"EntryPoint","urlTemplate":"https:\/\/contactfm72.fr\/?s={search_term_string}"},"query-input":{"@type":"PropertyValueSpecification","valueRequired":true,"valueName":"search_term_string"}}],"inLanguage":"fr-FR"},{"@type":"Organization","@id":"https:\/\/contactfm72.fr\/#organization","name":"Contact FM 99.3","url":"https:\/\/contactfm72.fr\/","logo":{"@type":"ImageObject","inLanguage":"fr-FR","@id":"https:\/\/contactfm72.fr\/#\/schema\/logo\/image\/","url":"https:\/\/contactfm72.fr\/wp-content\/uploads\/2025\/04\/2025-04-18-2.jpg","contentUrl":"https:\/\/contactfm72.fr\/wp-content\/uploads\/2025\/04\/2025-04-18-2.jpg","width":680,"height":307,"caption":"Contact FM 99.3"},"image":{"@id":"https:\/\/contactfm72.fr\/#\/schema\/logo\/image\/"},"sameAs":["https:\/\/www.facebook.com\/Contactfm.Chateauduloir","https:\/\/x.com\/contactfm72","https:\/\/www.instagram.com\/contact.fm.72?igsh=cGhlMHQ5N2JlNnpp","https:\/\/www.tiktok.com\/@contact.fm"]},{"@type":"Person","@id":"https:\/\/contactfm72.fr\/#\/schema\/person\/9fdc9d1c2eb029354a4f1535b90ba82d","name":"Val\u00e9rie C.","image":{"@type":"ImageObject","inLanguage":"fr-FR","@id":"https:\/\/secure.gravatar.com\/avatar\/2f8aa28f8dfbd7d4420afd1fdcdd0a349923e2c8a38ab28198b0f9d0601e4737?s=96&d=mm&r=g","url":"https:\/\/secure.gravatar.com\/avatar\/2f8aa28f8dfbd7d4420afd1fdcdd0a349923e2c8a38ab28198b0f9d0601e4737?s=96&d=mm&r=g","contentUrl":"https:\/\/secure.gravatar.com\/avatar\/2f8aa28f8dfbd7d4420afd1fdcdd0a349923e2c8a38ab28198b0f9d0601e4737?s=96&d=mm&r=g","caption":"Val\u00e9rie C."},"url":"https:\/\/contactfm72.fr\/?author=4"}]}},"_links":{"self":[{"href":"https:\/\/contactfm72.fr\/index.php?rest_route=\/wp\/v2\/posts\/10132","targetHints":{"allow":["GET"]}}],"collection":[{"href":"https:\/\/contactfm72.fr\/index.php?rest_route=\/wp\/v2\/posts"}],"about":[{"href":"https:\/\/contactfm72.fr\/index.php?rest_route=\/wp\/v2\/types\/post"}],"author":[{"embeddable":true,"href":"https:\/\/contactfm72.fr\/index.php?rest_route=\/wp\/v2\/users\/4"}],"replies":[{"embeddable":true,"href":"https:\/\/contactfm72.fr\/index.php?rest_route=%2Fwp%2Fv2%2Fcomments&post=10132"}],"version-history":[{"count":5,"href":"https:\/\/contactfm72.fr\/index.php?rest_route=\/wp\/v2\/posts\/10132\/revisions"}],"predecessor-version":[{"id":10141,"href":"https:\/\/contactfm72.fr\/index.php?rest_route=\/wp\/v2\/posts\/10132\/revisions\/10141"}],"wp:featuredmedia":[{"embeddable":true,"href":"https:\/\/contactfm72.fr\/index.php?rest_route=\/wp\/v2\/media\/10133"}],"wp:attachment":[{"href":"https:\/\/contactfm72.fr\/index.php?rest_route=%2Fwp%2Fv2%2Fmedia&parent=10132"}],"wp:term":[{"taxonomy":"category","embeddable":true,"href":"https:\/\/contactfm72.fr\/index.php?rest_route=%2Fwp%2Fv2%2Fcategories&post=10132"},{"taxonomy":"post_tag","embeddable":true,"href":"https:\/\/contactfm72.fr\/index.php?rest_route=%2Fwp%2Fv2%2Ftags&post=10132"}],"curies":[{"name":"wp","href":"https:\/\/api.w.org\/{rel}","templated":true}]}}