{"id":10106,"date":"2022-06-15T15:00:27","date_gmt":"2022-06-15T13:00:27","guid":{"rendered":"http:\/\/contactfm72.fr\/?p=10106"},"modified":"2022-06-03T14:59:54","modified_gmt":"2022-06-03T12:59:54","slug":"villes-et-villages-fleuris-montval-sur-loir-vise-le-maintien","status":"publish","type":"post","link":"https:\/\/contactfm72.fr\/?p=10106","title":{"rendered":"Villes et villages fleuris. Montval-sur-Loir vise le maintien"},"content":{"rendered":"<h2>Tous les trois ans, le jury du label Villes et villages fleuris visite les communes pour attribuer, maintenir ou enlever des fleurs. Montval-sur-Loir accueillera le jury le 30 juin et vise la confirmation des trois fleurs.<\/h2>\n<p>&nbsp;<\/p>\n<p>Ils \u00e9taient venus en 2018. \u00ab Le jury se d\u00e9place tous les trois ans. Cette fois-ci, pour des raisons li\u00e9es \u00e0 la crise sanitaire, le jury viendra cette ann\u00e9e, le 30 juin 2022 \u00bb, fait savoir le maire de la commune d\u00e9l\u00e9gu\u00e9e de Ch\u00e2teau-du-Loir, en Sarthe, Fran\u00e7ois Olivier.<\/p>\n<p><strong>Montval-sur-Loir<\/strong> va accueillir le<strong> jury du label Villes et villages fleuris<\/strong>, durant une petite heure, afin d\u2019\u00e9valuer les efforts et contributions de la ville vis-\u00e0-vis de son label.<\/p>\n<p>&nbsp;<\/p>\n<h3><strong>Qui compose le jury et quels sont les crit\u00e8res\u00a0? \u00a0<\/strong><\/h3>\n<p>Le jury est compos\u00e9 de plusieurs agents techniques sp\u00e9cialis\u00e9s dans le d\u00e9veloppement durable qui travaillent pour des villes lab\u00e9lis\u00e9es \u00ab\u00a0P\u00e9tale d\u2019or\u00a0\u00bb. Plusieurs crit\u00e8res sont pris en compte lors de leur court d\u00e9placement\u00a0: la <strong>d\u00e9marche globale de valorisation communale par le v\u00e9g\u00e9tal et de fleurissement<\/strong>\u00a0; les <strong>actions d\u2019animation et de promotion<\/strong> de cette d\u00e9marche aupr\u00e8s de la population\u00a0; la pr\u00e9sentation du <strong>patrimoine v\u00e9g\u00e9tal<\/strong> et du fleurissement\u00a0; les <strong>modes de gestion<\/strong> mises en place pour entretenir ce patrimoine en respectant les ressources naturelles et la biodiversit\u00e9\u00a0; les <strong>actions compl\u00e9mentaires<\/strong> mises en \u0153uvre pour favoriser la qualit\u00e9 des espaces publics\u00a0; et enfin la <strong>coh\u00e9rence des am\u00e9nagements paysagers<\/strong> et de leur gestion selon les diff\u00e9rents lieux de la commune.<\/p>\n<p>Tant de crit\u00e8res pour une heure de visite.<\/p>\n<blockquote><p>\u00ab\u00a0Le temps est tr\u00e8s court et surtout compt\u00e9. On a d\u00e9j\u00e0 pr\u00e9par\u00e9 un parcours tr\u00e8s d\u00e9fini afin de leur faire d\u00e9couvrir nos trois communes\u00a0\u00bb, continue l\u2019\u00e9lu.<\/p><\/blockquote>\n<p>&nbsp;<\/p>\n<h3><strong>Un budget pour trois communes<\/strong><\/h3>\n<p>Lors de la derni\u00e8re visite du jury et donc de l\u2019<strong>attribution des trois fleurs<\/strong>, la commune nouvelle Montval-sur-Loir n\u2019existait pas.<\/p>\n<p>&nbsp;<\/p>\n<blockquote><p>\u00ab\u00a0Seule Ch\u00e2teau-du-Loir a re\u00e7u ce label. Maintenant, avec la cr\u00e9ation de la commune nouvelle et du rattachement avec Vouvray-sur-Loir et de Montabon, le but est de d\u00e9montrer avec un seul budget, toutes nos actions sur les trois communes. Un vrai challenge\u00a0\u00bb, explique Fran\u00e7ois Olivier.<\/p><\/blockquote>\n<p>&nbsp;<\/p>\n<h3><strong>Vers le maintien<\/strong><\/h3>\n<p>Le classement de l\u2019attribution des fleurs du label se limite \u00e0 quatre fleurs. Seules quelques communes ont la chance d\u2019obtenir le graal de \u00ab P\u00e9tale d\u2019or \u00bb, le dernier niveau de r\u00e9compense.<\/p>\n<p>La municipalit\u00e9, face au d\u00e9fi que repr\u00e9sente le regroupement de la commune nouvelle, affiche pour <strong>seule ambition le maintien<\/strong>.\u00a0 \u00ab\u00a0Avec la probl\u00e9matique des trois communes, nous souhaitons qu\u2019une chose\u00a0: le maintien des trois fleurs. Cette attribution serait d\u00e9j\u00e0 une belle confirmation\u00a0\u00bb, termine l\u2019\u00e9lu.<\/p>\n<p>Au jury \u00e0 pr\u00e9sent d\u2019\u00eatre s\u00e9duit par Montval-sur-Loir, ces trois communes, et son patrimoine v\u00e9g\u00e9tal.<\/p>\n<!-- AddThis Advanced Settings generic via filter on the_content --><!-- AddThis Share Buttons generic via filter on the_content -->","protected":false},"excerpt":{"rendered":"<p>Tous les trois ans, le jury du label Villes et villages fleuris visite les communes pour attribuer, maintenir ou enlever des fleurs. Montval-sur-Loir accueillera le jury le 30 juin et vise la confirmation des trois fleurs. &nbsp; Ils \u00e9taient venus en 2018. \u00ab Le jury se d\u00e9place tous les trois ans. Cette fois-ci, pour des&hellip;<!-- AddThis Advanced Settings generic via filter on get_the_excerpt --><!-- AddThis Share Buttons generic via filter on get_the_excerpt --><\/p>\n","protected":false},"author":4,"featured_media":10108,"comment_status":"closed","ping_status":"open","sticky":false,"template":"","format":"standard","meta":{"footnotes":""},"categories":[1],"tags":[],"class_list":["post-10106","post","type-post","status-publish","format-standard","has-post-thumbnail","hentry","category-contact-fm-72","category-1","description-off"],"yoast_head":"<!-- This site is optimized with the Yoast SEO plugin v27.4 - https:\/\/yoast.com\/product\/yoast-seo-wordpress\/ -->\n<title>Villes et villages fleuris. Montval-sur-Loir vise le maintien - Contact FM 99.3<\/title>\n<meta name=\"robots\" content=\"index, follow, max-snippet:-1, max-image-preview:large, max-video-preview:-1\" \/>\n<link rel=\"canonical\" href=\"https:\/\/contactfm72.fr\/?p=10106\" \/>\n<meta property=\"og:locale\" content=\"fr_FR\" \/>\n<meta property=\"og:type\" content=\"article\" \/>\n<meta property=\"og:title\" content=\"Villes et villages fleuris. Montval-sur-Loir vise le maintien - Contact FM 99.3\" \/>\n<meta property=\"og:description\" content=\"Tous les trois ans, le jury du label Villes et villages fleuris visite les communes pour attribuer, maintenir ou enlever des fleurs. Montval-sur-Loir accueillera le jury le 30 juin et vise la confirmation des trois fleurs. &nbsp; Ils \u00e9taient venus en 2018. \u00ab Le jury se d\u00e9place tous les trois ans. Cette fois-ci, pour des&hellip;\" \/>\n<meta property=\"og:url\" content=\"https:\/\/contactfm72.fr\/?p=10106\" \/>\n<meta property=\"og:site_name\" content=\"Contact FM 99.3\" \/>\n<meta property=\"article:publisher\" content=\"https:\/\/www.facebook.com\/Contactfm.Chateauduloir\" \/>\n<meta property=\"article:published_time\" content=\"2022-06-15T13:00:27+00:00\" \/>\n<meta property=\"og:image\" content=\"https:\/\/contactfm72.fr\/wp-content\/uploads\/2022\/06\/villes-et-villages-fleuris.png\" \/>\n\t<meta property=\"og:image:width\" content=\"619\" \/>\n\t<meta property=\"og:image:height\" content=\"296\" \/>\n\t<meta property=\"og:image:type\" content=\"image\/png\" \/>\n<meta name=\"author\" content=\"Val\u00e9rie C.\" \/>\n<meta name=\"twitter:card\" content=\"summary_large_image\" \/>\n<meta name=\"twitter:creator\" content=\"@contactfm72\" \/>\n<meta name=\"twitter:site\" content=\"@contactfm72\" \/>\n<meta name=\"twitter:label1\" content=\"\u00c9crit par\" \/>\n\t<meta name=\"twitter:data1\" content=\"Val\u00e9rie C.\" \/>\n\t<meta name=\"twitter:label2\" content=\"Dur\u00e9e de lecture estim\u00e9e\" \/>\n\t<meta name=\"twitter:data2\" content=\"2 minutes\" \/>\n<script type=\"application\/ld+json\" class=\"yoast-schema-graph\">{\"@context\":\"https:\\\/\\\/schema.org\",\"@graph\":[{\"@type\":\"Article\",\"@id\":\"https:\\\/\\\/contactfm72.fr\\\/?p=10106#article\",\"isPartOf\":{\"@id\":\"https:\\\/\\\/contactfm72.fr\\\/?p=10106\"},\"author\":{\"name\":\"Val\u00e9rie C.\",\"@id\":\"https:\\\/\\\/contactfm72.fr\\\/#\\\/schema\\\/person\\\/9fdc9d1c2eb029354a4f1535b90ba82d\"},\"headline\":\"Villes et villages fleuris. Montval-sur-Loir vise le maintien\",\"datePublished\":\"2022-06-15T13:00:27+00:00\",\"mainEntityOfPage\":{\"@id\":\"https:\\\/\\\/contactfm72.fr\\\/?p=10106\"},\"wordCount\":499,\"publisher\":{\"@id\":\"https:\\\/\\\/contactfm72.fr\\\/#organization\"},\"image\":{\"@id\":\"https:\\\/\\\/contactfm72.fr\\\/?p=10106#primaryimage\"},\"thumbnailUrl\":\"https:\\\/\\\/contactfm72.fr\\\/wp-content\\\/uploads\\\/2022\\\/06\\\/villes-et-villages-fleuris.png\",\"articleSection\":[\"Contact FM 72\"],\"inLanguage\":\"fr-FR\"},{\"@type\":\"WebPage\",\"@id\":\"https:\\\/\\\/contactfm72.fr\\\/?p=10106\",\"url\":\"https:\\\/\\\/contactfm72.fr\\\/?p=10106\",\"name\":\"Villes et villages fleuris. Montval-sur-Loir vise le maintien - Contact FM 99.3\",\"isPartOf\":{\"@id\":\"https:\\\/\\\/contactfm72.fr\\\/#website\"},\"primaryImageOfPage\":{\"@id\":\"https:\\\/\\\/contactfm72.fr\\\/?p=10106#primaryimage\"},\"image\":{\"@id\":\"https:\\\/\\\/contactfm72.fr\\\/?p=10106#primaryimage\"},\"thumbnailUrl\":\"https:\\\/\\\/contactfm72.fr\\\/wp-content\\\/uploads\\\/2022\\\/06\\\/villes-et-villages-fleuris.png\",\"datePublished\":\"2022-06-15T13:00:27+00:00\",\"breadcrumb\":{\"@id\":\"https:\\\/\\\/contactfm72.fr\\\/?p=10106#breadcrumb\"},\"inLanguage\":\"fr-FR\",\"potentialAction\":[{\"@type\":\"ReadAction\",\"target\":[\"https:\\\/\\\/contactfm72.fr\\\/?p=10106\"]}]},{\"@type\":\"ImageObject\",\"inLanguage\":\"fr-FR\",\"@id\":\"https:\\\/\\\/contactfm72.fr\\\/?p=10106#primaryimage\",\"url\":\"https:\\\/\\\/contactfm72.fr\\\/wp-content\\\/uploads\\\/2022\\\/06\\\/villes-et-villages-fleuris.png\",\"contentUrl\":\"https:\\\/\\\/contactfm72.fr\\\/wp-content\\\/uploads\\\/2022\\\/06\\\/villes-et-villages-fleuris.png\",\"width\":619,\"height\":296,\"caption\":\"Photo tir\u00e9e du dossier de candidature de la ville de Montval-sur-Loir. La Ville vise le maintien du niveau \\\"trois fleurs\\\".\"},{\"@type\":\"BreadcrumbList\",\"@id\":\"https:\\\/\\\/contactfm72.fr\\\/?p=10106#breadcrumb\",\"itemListElement\":[{\"@type\":\"ListItem\",\"position\":1,\"name\":\"Accueil\",\"item\":\"https:\\\/\\\/contactfm72.fr\\\/\"},{\"@type\":\"ListItem\",\"position\":2,\"name\":\"Villes et villages fleuris. Montval-sur-Loir vise le maintien\"}]},{\"@type\":\"WebSite\",\"@id\":\"https:\\\/\\\/contactfm72.fr\\\/#website\",\"url\":\"https:\\\/\\\/contactfm72.fr\\\/\",\"name\":\"Contact FM 99.3\",\"description\":\"Votre radio en vall\u00e9e du Loir\",\"publisher\":{\"@id\":\"https:\\\/\\\/contactfm72.fr\\\/#organization\"},\"potentialAction\":[{\"@type\":\"SearchAction\",\"target\":{\"@type\":\"EntryPoint\",\"urlTemplate\":\"https:\\\/\\\/contactfm72.fr\\\/?s={search_term_string}\"},\"query-input\":{\"@type\":\"PropertyValueSpecification\",\"valueRequired\":true,\"valueName\":\"search_term_string\"}}],\"inLanguage\":\"fr-FR\"},{\"@type\":\"Organization\",\"@id\":\"https:\\\/\\\/contactfm72.fr\\\/#organization\",\"name\":\"Contact FM 99.3\",\"url\":\"https:\\\/\\\/contactfm72.fr\\\/\",\"logo\":{\"@type\":\"ImageObject\",\"inLanguage\":\"fr-FR\",\"@id\":\"https:\\\/\\\/contactfm72.fr\\\/#\\\/schema\\\/logo\\\/image\\\/\",\"url\":\"https:\\\/\\\/contactfm72.fr\\\/wp-content\\\/uploads\\\/2025\\\/04\\\/2025-04-18-2.jpg\",\"contentUrl\":\"https:\\\/\\\/contactfm72.fr\\\/wp-content\\\/uploads\\\/2025\\\/04\\\/2025-04-18-2.jpg\",\"width\":680,\"height\":307,\"caption\":\"Contact FM 99.3\"},\"image\":{\"@id\":\"https:\\\/\\\/contactfm72.fr\\\/#\\\/schema\\\/logo\\\/image\\\/\"},\"sameAs\":[\"https:\\\/\\\/www.facebook.com\\\/Contactfm.Chateauduloir\",\"https:\\\/\\\/x.com\\\/contactfm72\",\"https:\\\/\\\/www.instagram.com\\\/contact.fm.72?igsh=cGhlMHQ5N2JlNnpp\",\"https:\\\/\\\/www.tiktok.com\\\/@contact.fm\"]},{\"@type\":\"Person\",\"@id\":\"https:\\\/\\\/contactfm72.fr\\\/#\\\/schema\\\/person\\\/9fdc9d1c2eb029354a4f1535b90ba82d\",\"name\":\"Val\u00e9rie C.\",\"image\":{\"@type\":\"ImageObject\",\"inLanguage\":\"fr-FR\",\"@id\":\"https:\\\/\\\/secure.gravatar.com\\\/avatar\\\/2f8aa28f8dfbd7d4420afd1fdcdd0a349923e2c8a38ab28198b0f9d0601e4737?s=96&d=mm&r=g\",\"url\":\"https:\\\/\\\/secure.gravatar.com\\\/avatar\\\/2f8aa28f8dfbd7d4420afd1fdcdd0a349923e2c8a38ab28198b0f9d0601e4737?s=96&d=mm&r=g\",\"contentUrl\":\"https:\\\/\\\/secure.gravatar.com\\\/avatar\\\/2f8aa28f8dfbd7d4420afd1fdcdd0a349923e2c8a38ab28198b0f9d0601e4737?s=96&d=mm&r=g\",\"caption\":\"Val\u00e9rie C.\"},\"url\":\"https:\\\/\\\/contactfm72.fr\\\/?author=4\"}]}<\/script>\n<!-- \/ Yoast SEO plugin. -->","yoast_head_json":{"title":"Villes et villages fleuris. Montval-sur-Loir vise le maintien - Contact FM 99.3","robots":{"index":"index","follow":"follow","max-snippet":"max-snippet:-1","max-image-preview":"max-image-preview:large","max-video-preview":"max-video-preview:-1"},"canonical":"https:\/\/contactfm72.fr\/?p=10106","og_locale":"fr_FR","og_type":"article","og_title":"Villes et villages fleuris. Montval-sur-Loir vise le maintien - Contact FM 99.3","og_description":"Tous les trois ans, le jury du label Villes et villages fleuris visite les communes pour attribuer, maintenir ou enlever des fleurs. Montval-sur-Loir accueillera le jury le 30 juin et vise la confirmation des trois fleurs. &nbsp; Ils \u00e9taient venus en 2018. \u00ab Le jury se d\u00e9place tous les trois ans. Cette fois-ci, pour des&hellip;","og_url":"https:\/\/contactfm72.fr\/?p=10106","og_site_name":"Contact FM 99.3","article_publisher":"https:\/\/www.facebook.com\/Contactfm.Chateauduloir","article_published_time":"2022-06-15T13:00:27+00:00","og_image":[{"width":619,"height":296,"url":"https:\/\/contactfm72.fr\/wp-content\/uploads\/2022\/06\/villes-et-villages-fleuris.png","type":"image\/png"}],"author":"Val\u00e9rie C.","twitter_card":"summary_large_image","twitter_creator":"@contactfm72","twitter_site":"@contactfm72","twitter_misc":{"\u00c9crit par":"Val\u00e9rie C.","Dur\u00e9e de lecture estim\u00e9e":"2 minutes"},"schema":{"@context":"https:\/\/schema.org","@graph":[{"@type":"Article","@id":"https:\/\/contactfm72.fr\/?p=10106#article","isPartOf":{"@id":"https:\/\/contactfm72.fr\/?p=10106"},"author":{"name":"Val\u00e9rie C.","@id":"https:\/\/contactfm72.fr\/#\/schema\/person\/9fdc9d1c2eb029354a4f1535b90ba82d"},"headline":"Villes et villages fleuris. Montval-sur-Loir vise le maintien","datePublished":"2022-06-15T13:00:27+00:00","mainEntityOfPage":{"@id":"https:\/\/contactfm72.fr\/?p=10106"},"wordCount":499,"publisher":{"@id":"https:\/\/contactfm72.fr\/#organization"},"image":{"@id":"https:\/\/contactfm72.fr\/?p=10106#primaryimage"},"thumbnailUrl":"https:\/\/contactfm72.fr\/wp-content\/uploads\/2022\/06\/villes-et-villages-fleuris.png","articleSection":["Contact FM 72"],"inLanguage":"fr-FR"},{"@type":"WebPage","@id":"https:\/\/contactfm72.fr\/?p=10106","url":"https:\/\/contactfm72.fr\/?p=10106","name":"Villes et villages fleuris. Montval-sur-Loir vise le maintien - Contact FM 99.3","isPartOf":{"@id":"https:\/\/contactfm72.fr\/#website"},"primaryImageOfPage":{"@id":"https:\/\/contactfm72.fr\/?p=10106#primaryimage"},"image":{"@id":"https:\/\/contactfm72.fr\/?p=10106#primaryimage"},"thumbnailUrl":"https:\/\/contactfm72.fr\/wp-content\/uploads\/2022\/06\/villes-et-villages-fleuris.png","datePublished":"2022-06-15T13:00:27+00:00","breadcrumb":{"@id":"https:\/\/contactfm72.fr\/?p=10106#breadcrumb"},"inLanguage":"fr-FR","potentialAction":[{"@type":"ReadAction","target":["https:\/\/contactfm72.fr\/?p=10106"]}]},{"@type":"ImageObject","inLanguage":"fr-FR","@id":"https:\/\/contactfm72.fr\/?p=10106#primaryimage","url":"https:\/\/contactfm72.fr\/wp-content\/uploads\/2022\/06\/villes-et-villages-fleuris.png","contentUrl":"https:\/\/contactfm72.fr\/wp-content\/uploads\/2022\/06\/villes-et-villages-fleuris.png","width":619,"height":296,"caption":"Photo tir\u00e9e du dossier de candidature de la ville de Montval-sur-Loir. La Ville vise le maintien du niveau \"trois fleurs\"."},{"@type":"BreadcrumbList","@id":"https:\/\/contactfm72.fr\/?p=10106#breadcrumb","itemListElement":[{"@type":"ListItem","position":1,"name":"Accueil","item":"https:\/\/contactfm72.fr\/"},{"@type":"ListItem","position":2,"name":"Villes et villages fleuris. Montval-sur-Loir vise le maintien"}]},{"@type":"WebSite","@id":"https:\/\/contactfm72.fr\/#website","url":"https:\/\/contactfm72.fr\/","name":"Contact FM 99.3","description":"Votre radio en vall\u00e9e du Loir","publisher":{"@id":"https:\/\/contactfm72.fr\/#organization"},"potentialAction":[{"@type":"SearchAction","target":{"@type":"EntryPoint","urlTemplate":"https:\/\/contactfm72.fr\/?s={search_term_string}"},"query-input":{"@type":"PropertyValueSpecification","valueRequired":true,"valueName":"search_term_string"}}],"inLanguage":"fr-FR"},{"@type":"Organization","@id":"https:\/\/contactfm72.fr\/#organization","name":"Contact FM 99.3","url":"https:\/\/contactfm72.fr\/","logo":{"@type":"ImageObject","inLanguage":"fr-FR","@id":"https:\/\/contactfm72.fr\/#\/schema\/logo\/image\/","url":"https:\/\/contactfm72.fr\/wp-content\/uploads\/2025\/04\/2025-04-18-2.jpg","contentUrl":"https:\/\/contactfm72.fr\/wp-content\/uploads\/2025\/04\/2025-04-18-2.jpg","width":680,"height":307,"caption":"Contact FM 99.3"},"image":{"@id":"https:\/\/contactfm72.fr\/#\/schema\/logo\/image\/"},"sameAs":["https:\/\/www.facebook.com\/Contactfm.Chateauduloir","https:\/\/x.com\/contactfm72","https:\/\/www.instagram.com\/contact.fm.72?igsh=cGhlMHQ5N2JlNnpp","https:\/\/www.tiktok.com\/@contact.fm"]},{"@type":"Person","@id":"https:\/\/contactfm72.fr\/#\/schema\/person\/9fdc9d1c2eb029354a4f1535b90ba82d","name":"Val\u00e9rie C.","image":{"@type":"ImageObject","inLanguage":"fr-FR","@id":"https:\/\/secure.gravatar.com\/avatar\/2f8aa28f8dfbd7d4420afd1fdcdd0a349923e2c8a38ab28198b0f9d0601e4737?s=96&d=mm&r=g","url":"https:\/\/secure.gravatar.com\/avatar\/2f8aa28f8dfbd7d4420afd1fdcdd0a349923e2c8a38ab28198b0f9d0601e4737?s=96&d=mm&r=g","contentUrl":"https:\/\/secure.gravatar.com\/avatar\/2f8aa28f8dfbd7d4420afd1fdcdd0a349923e2c8a38ab28198b0f9d0601e4737?s=96&d=mm&r=g","caption":"Val\u00e9rie C."},"url":"https:\/\/contactfm72.fr\/?author=4"}]}},"_links":{"self":[{"href":"https:\/\/contactfm72.fr\/index.php?rest_route=\/wp\/v2\/posts\/10106","targetHints":{"allow":["GET"]}}],"collection":[{"href":"https:\/\/contactfm72.fr\/index.php?rest_route=\/wp\/v2\/posts"}],"about":[{"href":"https:\/\/contactfm72.fr\/index.php?rest_route=\/wp\/v2\/types\/post"}],"author":[{"embeddable":true,"href":"https:\/\/contactfm72.fr\/index.php?rest_route=\/wp\/v2\/users\/4"}],"replies":[{"embeddable":true,"href":"https:\/\/contactfm72.fr\/index.php?rest_route=%2Fwp%2Fv2%2Fcomments&post=10106"}],"version-history":[{"count":1,"href":"https:\/\/contactfm72.fr\/index.php?rest_route=\/wp\/v2\/posts\/10106\/revisions"}],"predecessor-version":[{"id":10109,"href":"https:\/\/contactfm72.fr\/index.php?rest_route=\/wp\/v2\/posts\/10106\/revisions\/10109"}],"wp:featuredmedia":[{"embeddable":true,"href":"https:\/\/contactfm72.fr\/index.php?rest_route=\/wp\/v2\/media\/10108"}],"wp:attachment":[{"href":"https:\/\/contactfm72.fr\/index.php?rest_route=%2Fwp%2Fv2%2Fmedia&parent=10106"}],"wp:term":[{"taxonomy":"category","embeddable":true,"href":"https:\/\/contactfm72.fr\/index.php?rest_route=%2Fwp%2Fv2%2Fcategories&post=10106"},{"taxonomy":"post_tag","embeddable":true,"href":"https:\/\/contactfm72.fr\/index.php?rest_route=%2Fwp%2Fv2%2Ftags&post=10106"}],"curies":[{"name":"wp","href":"https:\/\/api.w.org\/{rel}","templated":true}]}}