{"id":10074,"date":"2022-06-02T16:27:13","date_gmt":"2022-06-02T14:27:13","guid":{"rendered":"http:\/\/contactfm72.fr\/?p=10074"},"modified":"2022-06-14T12:10:27","modified_gmt":"2022-06-14T10:10:27","slug":"le-guide-du-routard-enfourchez-votre-velo-et-partez-a-la-conquete-de-la-vallee-du-loir","status":"publish","type":"post","link":"https:\/\/contactfm72.fr\/?p=10074","title":{"rendered":"Le Guide du Routard. Enfourchez votre v\u00e9lo et partez \u00e0 la conqu\u00eate de la vall\u00e9e du Loir"},"content":{"rendered":"<h2>Le Guide du Routard sortira le 15 juin 2022 un nouveau guide sur la vall\u00e9e du Loir en v\u00e9lo. 160 pages consacr\u00e9es \u00e0 la d\u00e9couverte de la vall\u00e9e en v\u00e9lo, de Chartres \u00e0 Angers.<\/h2>\n<p>&nbsp;<\/p>\n<p>Le c\u00e9l\u00e8bre<strong> Guide du routard<\/strong> sort le <strong>15 juin 2022<\/strong> un nouveau guide de 160 pages consacr\u00e9 \u00e0 la <strong>vall\u00e9e du Loir \u00e0 v\u00e9lo<\/strong>, en partenariat avec France V\u00e9lo Tourisme et le Comit\u00e9 d\u2019Itin\u00e9raire de la Vall\u00e9e du Loir \u00e0 v\u00e9lo.<\/p>\n<p>C\u2019est en pr\u00e9sence de nombreux \u00e9lus du territoire que le guide a \u00e9t\u00e9 officiellement pr\u00e9sent\u00e9 dans l\u2019enceinte du ch\u00e2teau de la Possonni\u00e8re, pr\u00e8s du village de Couture-sur-Loir.<\/p>\n<p><strong>Philippe Gloaguen<\/strong>, cofondateur du c\u00e9l\u00e8bre guide, pr\u00e9cise\u00a0: \u00ab\u00a0C\u2019est une collection qui marche tr\u00e8s bien. C\u2019est une r\u00e9gion formidable et tr\u00e8s int\u00e9ressante. Une zone tr\u00e8s accessible, \u00e0 une heure de Paris, peu connue, qui pr\u00e9sente des itin\u00e9raires peu fr\u00e9quent\u00e9es. En somme, une r\u00e9gion avec un tas de beaut\u00e9, \u00e0 faire d\u00e9couvrir et surtout conna\u00eetre\u00a0\u00bb.<\/p>\n<p>La premi\u00e8re \u00e9dition de ce guide date de 2018. Maintenant renouvel\u00e9e, elle a pour ambition de faire d\u00e9couvrir aux lecteurs \u00ab l\u2019une des plus charmantes v\u00e9loroutes de France \u00bb.<\/p>\n<p>&nbsp;<\/p>\n<p>&nbsp;<\/p>\n<div id=\"attachment_10075\" style=\"width: 2058px\" class=\"wp-caption alignnone\"><img loading=\"lazy\" decoding=\"async\" aria-describedby=\"caption-attachment-10075\" class=\"size-full wp-image-10075\" src=\"http:\/\/contactfm72.fr\/wp-content\/uploads\/2022\/06\/Guide-du-Routard-2.jpg\" alt=\"\" width=\"2048\" height=\"1536\" \/><p id=\"caption-attachment-10075\" class=\"wp-caption-text\">La photo officielle d&#8217;\u00e9lus et partenaires lors du lancement du guide du Routard 2022.<\/p><\/div>\n<h3><strong>320 km de plaisir<\/strong><\/h3>\n<p>De la source du Loir \u00e0 <strong>Saint-Eman<\/strong>, pr\u00e8s d\u2019Illiers-Combray et de Chartres, dans l\u2019Eure-et-Loir, <strong>jusqu\u2019\u00e0 Angers<\/strong>, dans le Maine-et-Loire, la vall\u00e9e du Loir \u00e0 v\u00e9lo serpente sur <strong>320 km<\/strong> de plaisir au travers d\u2019\u00e9tangs, de villages et ville, de bois et for\u00eats. Le guide regroupe donc quatre d\u00e9partements. Un travail d\u2019environ neuf mois r\u00e9alis\u00e9 par <strong>Philippe Coupy, son auteur<\/strong>.<\/p>\n<p>&nbsp;<\/p>\n<blockquote><p>\u00ab C\u2019est le 12<sup>\u00e8me<\/sup> guide de ce genre. Il n\u2019aurait pas \u00e9t\u00e9 r\u00e9alis\u00e9 sans l\u2019aide du comit\u00e9 d\u2019itin\u00e9raire. J\u2019ai pu arpenter tout ce r\u00e9seau en v\u00e9lo, et malgr\u00e9 tous ses atouts, \u00a0il y a quelques am\u00e9liorations \u00e0 faire. Je pense \u00e0 la s\u00e9curisation des v\u00e9loroutes, notamment \u00e0 Chateaudin et \u00e0 la sortie de Vend\u00f4me. Pour les cyclistes exp\u00e9riment\u00e9s, les routes sont praticables, mais pour les balades en famille, elles peuvent repr\u00e9senter un danger. \u00c9galement, il ne faut pas h\u00e9siter les offres de location avec les agences de voyage \u00bb, fait-il comprendre \u00e0 destination des \u00e9lus pr\u00e9sents.<\/p><\/blockquote>\n<p>&nbsp;<\/p>\n<h3><strong>C\u00f4t\u00e9 intimiste et s\u00e9duisant<\/strong><\/h3>\n<p>&nbsp;<\/p>\n<p>Pr\u00e9sent\u00e9e en <strong>21 \u00e9tapes regroup\u00e9es en cinq grands itin\u00e9raires<\/strong>, la vall\u00e9e du Loir \u00e0 v\u00e9lo peut \u00eatre d\u00e9couverte la journ\u00e9e, un week-end, ou encore sur plusieurs jours. Les lecteurs retrouveront \u00e9galement les adresses <strong>gourmandes<\/strong> du Routard, les bons plans pour louer un v\u00e9lo, r\u00e9server une <strong>visite<\/strong> ou une <strong>activit\u00e9 nautique, se loger<\/strong>. Des <strong>conseils<\/strong> et <strong>astuces<\/strong> sans oublier les coups de c\u0153ur du Routard. Toutes les \u00e9tapes sont cartographi\u00e9es et comment\u00e9es pour \u00e9viter les erreurs sur le terrain une fois sur les routes.<\/p>\n<p>Ce nouveau mode de transport repr\u00e9sente exactement \u00ab ce que les gens recherchent. D\u2019autant plus dans votre r\u00e9gion \u00bb, comme le pr\u00e9cise Emmanuelle Bauquis, \u00e9ditrice ; la <strong>mobilit\u00e9 douce, le bas carbone, et l\u2019authenticit\u00e9<\/strong>.<\/p>\n<!-- AddThis Advanced Settings generic via filter on the_content --><!-- AddThis Share Buttons generic via filter on the_content -->","protected":false},"excerpt":{"rendered":"<p>Le Guide du Routard sortira le 15 juin 2022 un nouveau guide sur la vall\u00e9e du Loir en v\u00e9lo. 160 pages consacr\u00e9es \u00e0 la d\u00e9couverte de la vall\u00e9e en v\u00e9lo, de Chartres \u00e0 Angers. &nbsp; Le c\u00e9l\u00e8bre Guide du routard sort le 15 juin 2022 un nouveau guide de 160 pages consacr\u00e9 \u00e0 la vall\u00e9e&hellip;<!-- AddThis Advanced Settings generic via filter on get_the_excerpt --><!-- AddThis Share Buttons generic via filter on get_the_excerpt --><\/p>\n","protected":false},"author":4,"featured_media":10076,"comment_status":"closed","ping_status":"open","sticky":false,"template":"","format":"standard","meta":{"footnotes":""},"categories":[1],"tags":[],"class_list":["post-10074","post","type-post","status-publish","format-standard","has-post-thumbnail","hentry","category-contact-fm-72","category-1","description-off"],"yoast_head":"<!-- This site is optimized with the Yoast SEO plugin v27.4 - https:\/\/yoast.com\/product\/yoast-seo-wordpress\/ -->\n<title>Le Guide du Routard. Enfourchez votre v\u00e9lo et partez \u00e0 la conqu\u00eate de la vall\u00e9e du Loir - Contact FM 99.3<\/title>\n<meta name=\"robots\" content=\"index, follow, max-snippet:-1, max-image-preview:large, max-video-preview:-1\" \/>\n<link rel=\"canonical\" href=\"https:\/\/contactfm72.fr\/?p=10074\" \/>\n<meta property=\"og:locale\" content=\"fr_FR\" \/>\n<meta property=\"og:type\" content=\"article\" \/>\n<meta property=\"og:title\" content=\"Le Guide du Routard. Enfourchez votre v\u00e9lo et partez \u00e0 la conqu\u00eate de la vall\u00e9e du Loir - Contact FM 99.3\" \/>\n<meta property=\"og:description\" content=\"Le Guide du Routard sortira le 15 juin 2022 un nouveau guide sur la vall\u00e9e du Loir en v\u00e9lo. 160 pages consacr\u00e9es \u00e0 la d\u00e9couverte de la vall\u00e9e en v\u00e9lo, de Chartres \u00e0 Angers. &nbsp; Le c\u00e9l\u00e8bre Guide du routard sort le 15 juin 2022 un nouveau guide de 160 pages consacr\u00e9 \u00e0 la vall\u00e9e&hellip;\" \/>\n<meta property=\"og:url\" content=\"https:\/\/contactfm72.fr\/?p=10074\" \/>\n<meta property=\"og:site_name\" content=\"Contact FM 99.3\" \/>\n<meta property=\"article:publisher\" content=\"https:\/\/www.facebook.com\/Contactfm.Chateauduloir\" \/>\n<meta property=\"article:published_time\" content=\"2022-06-02T14:27:13+00:00\" \/>\n<meta property=\"article:modified_time\" content=\"2022-06-14T10:10:27+00:00\" \/>\n<meta property=\"og:image\" content=\"https:\/\/contactfm72.fr\/wp-content\/uploads\/2022\/06\/Guide-du-Routard.jpg\" \/>\n\t<meta property=\"og:image:width\" content=\"2048\" \/>\n\t<meta property=\"og:image:height\" content=\"1536\" \/>\n\t<meta property=\"og:image:type\" content=\"image\/jpeg\" \/>\n<meta name=\"author\" content=\"Val\u00e9rie C.\" \/>\n<meta name=\"twitter:card\" content=\"summary_large_image\" \/>\n<meta name=\"twitter:creator\" content=\"@contactfm72\" \/>\n<meta name=\"twitter:site\" content=\"@contactfm72\" \/>\n<meta name=\"twitter:label1\" content=\"\u00c9crit par\" \/>\n\t<meta name=\"twitter:data1\" content=\"Val\u00e9rie C.\" \/>\n\t<meta name=\"twitter:label2\" content=\"Dur\u00e9e de lecture estim\u00e9e\" \/>\n\t<meta name=\"twitter:data2\" content=\"3 minutes\" \/>\n<script type=\"application\/ld+json\" class=\"yoast-schema-graph\">{\"@context\":\"https:\\\/\\\/schema.org\",\"@graph\":[{\"@type\":\"Article\",\"@id\":\"https:\\\/\\\/contactfm72.fr\\\/?p=10074#article\",\"isPartOf\":{\"@id\":\"https:\\\/\\\/contactfm72.fr\\\/?p=10074\"},\"author\":{\"name\":\"Val\u00e9rie C.\",\"@id\":\"https:\\\/\\\/contactfm72.fr\\\/#\\\/schema\\\/person\\\/9fdc9d1c2eb029354a4f1535b90ba82d\"},\"headline\":\"Le Guide du Routard. Enfourchez votre v\u00e9lo et partez \u00e0 la conqu\u00eate de la vall\u00e9e du Loir\",\"datePublished\":\"2022-06-02T14:27:13+00:00\",\"dateModified\":\"2022-06-14T10:10:27+00:00\",\"mainEntityOfPage\":{\"@id\":\"https:\\\/\\\/contactfm72.fr\\\/?p=10074\"},\"wordCount\":570,\"publisher\":{\"@id\":\"https:\\\/\\\/contactfm72.fr\\\/#organization\"},\"image\":{\"@id\":\"https:\\\/\\\/contactfm72.fr\\\/?p=10074#primaryimage\"},\"thumbnailUrl\":\"https:\\\/\\\/contactfm72.fr\\\/wp-content\\\/uploads\\\/2022\\\/06\\\/Guide-du-Routard.jpg\",\"articleSection\":[\"Contact FM 72\"],\"inLanguage\":\"fr-FR\"},{\"@type\":\"WebPage\",\"@id\":\"https:\\\/\\\/contactfm72.fr\\\/?p=10074\",\"url\":\"https:\\\/\\\/contactfm72.fr\\\/?p=10074\",\"name\":\"Le Guide du Routard. Enfourchez votre v\u00e9lo et partez \u00e0 la conqu\u00eate de la vall\u00e9e du Loir - Contact FM 99.3\",\"isPartOf\":{\"@id\":\"https:\\\/\\\/contactfm72.fr\\\/#website\"},\"primaryImageOfPage\":{\"@id\":\"https:\\\/\\\/contactfm72.fr\\\/?p=10074#primaryimage\"},\"image\":{\"@id\":\"https:\\\/\\\/contactfm72.fr\\\/?p=10074#primaryimage\"},\"thumbnailUrl\":\"https:\\\/\\\/contactfm72.fr\\\/wp-content\\\/uploads\\\/2022\\\/06\\\/Guide-du-Routard.jpg\",\"datePublished\":\"2022-06-02T14:27:13+00:00\",\"dateModified\":\"2022-06-14T10:10:27+00:00\",\"breadcrumb\":{\"@id\":\"https:\\\/\\\/contactfm72.fr\\\/?p=10074#breadcrumb\"},\"inLanguage\":\"fr-FR\",\"potentialAction\":[{\"@type\":\"ReadAction\",\"target\":[\"https:\\\/\\\/contactfm72.fr\\\/?p=10074\"]}]},{\"@type\":\"ImageObject\",\"inLanguage\":\"fr-FR\",\"@id\":\"https:\\\/\\\/contactfm72.fr\\\/?p=10074#primaryimage\",\"url\":\"https:\\\/\\\/contactfm72.fr\\\/wp-content\\\/uploads\\\/2022\\\/06\\\/Guide-du-Routard.jpg\",\"contentUrl\":\"https:\\\/\\\/contactfm72.fr\\\/wp-content\\\/uploads\\\/2022\\\/06\\\/Guide-du-Routard.jpg\",\"width\":2048,\"height\":1536,\"caption\":\"Philippe Coupy, auteur de la vall\u00e9e du Loir \u00e0 V\u00e9lo.\"},{\"@type\":\"BreadcrumbList\",\"@id\":\"https:\\\/\\\/contactfm72.fr\\\/?p=10074#breadcrumb\",\"itemListElement\":[{\"@type\":\"ListItem\",\"position\":1,\"name\":\"Accueil\",\"item\":\"https:\\\/\\\/contactfm72.fr\\\/\"},{\"@type\":\"ListItem\",\"position\":2,\"name\":\"Le Guide du Routard. Enfourchez votre v\u00e9lo et partez \u00e0 la conqu\u00eate de la vall\u00e9e du Loir\"}]},{\"@type\":\"WebSite\",\"@id\":\"https:\\\/\\\/contactfm72.fr\\\/#website\",\"url\":\"https:\\\/\\\/contactfm72.fr\\\/\",\"name\":\"Contact FM 99.3\",\"description\":\"Votre radio en vall\u00e9e du Loir\",\"publisher\":{\"@id\":\"https:\\\/\\\/contactfm72.fr\\\/#organization\"},\"potentialAction\":[{\"@type\":\"SearchAction\",\"target\":{\"@type\":\"EntryPoint\",\"urlTemplate\":\"https:\\\/\\\/contactfm72.fr\\\/?s={search_term_string}\"},\"query-input\":{\"@type\":\"PropertyValueSpecification\",\"valueRequired\":true,\"valueName\":\"search_term_string\"}}],\"inLanguage\":\"fr-FR\"},{\"@type\":\"Organization\",\"@id\":\"https:\\\/\\\/contactfm72.fr\\\/#organization\",\"name\":\"Contact FM 99.3\",\"url\":\"https:\\\/\\\/contactfm72.fr\\\/\",\"logo\":{\"@type\":\"ImageObject\",\"inLanguage\":\"fr-FR\",\"@id\":\"https:\\\/\\\/contactfm72.fr\\\/#\\\/schema\\\/logo\\\/image\\\/\",\"url\":\"https:\\\/\\\/contactfm72.fr\\\/wp-content\\\/uploads\\\/2025\\\/04\\\/2025-04-18-2.jpg\",\"contentUrl\":\"https:\\\/\\\/contactfm72.fr\\\/wp-content\\\/uploads\\\/2025\\\/04\\\/2025-04-18-2.jpg\",\"width\":680,\"height\":307,\"caption\":\"Contact FM 99.3\"},\"image\":{\"@id\":\"https:\\\/\\\/contactfm72.fr\\\/#\\\/schema\\\/logo\\\/image\\\/\"},\"sameAs\":[\"https:\\\/\\\/www.facebook.com\\\/Contactfm.Chateauduloir\",\"https:\\\/\\\/x.com\\\/contactfm72\",\"https:\\\/\\\/www.instagram.com\\\/contact.fm.72?igsh=cGhlMHQ5N2JlNnpp\",\"https:\\\/\\\/www.tiktok.com\\\/@contact.fm\"]},{\"@type\":\"Person\",\"@id\":\"https:\\\/\\\/contactfm72.fr\\\/#\\\/schema\\\/person\\\/9fdc9d1c2eb029354a4f1535b90ba82d\",\"name\":\"Val\u00e9rie C.\",\"image\":{\"@type\":\"ImageObject\",\"inLanguage\":\"fr-FR\",\"@id\":\"https:\\\/\\\/secure.gravatar.com\\\/avatar\\\/2f8aa28f8dfbd7d4420afd1fdcdd0a349923e2c8a38ab28198b0f9d0601e4737?s=96&d=mm&r=g\",\"url\":\"https:\\\/\\\/secure.gravatar.com\\\/avatar\\\/2f8aa28f8dfbd7d4420afd1fdcdd0a349923e2c8a38ab28198b0f9d0601e4737?s=96&d=mm&r=g\",\"contentUrl\":\"https:\\\/\\\/secure.gravatar.com\\\/avatar\\\/2f8aa28f8dfbd7d4420afd1fdcdd0a349923e2c8a38ab28198b0f9d0601e4737?s=96&d=mm&r=g\",\"caption\":\"Val\u00e9rie C.\"},\"url\":\"https:\\\/\\\/contactfm72.fr\\\/?author=4\"}]}<\/script>\n<!-- \/ Yoast SEO plugin. -->","yoast_head_json":{"title":"Le Guide du Routard. Enfourchez votre v\u00e9lo et partez \u00e0 la conqu\u00eate de la vall\u00e9e du Loir - Contact FM 99.3","robots":{"index":"index","follow":"follow","max-snippet":"max-snippet:-1","max-image-preview":"max-image-preview:large","max-video-preview":"max-video-preview:-1"},"canonical":"https:\/\/contactfm72.fr\/?p=10074","og_locale":"fr_FR","og_type":"article","og_title":"Le Guide du Routard. Enfourchez votre v\u00e9lo et partez \u00e0 la conqu\u00eate de la vall\u00e9e du Loir - Contact FM 99.3","og_description":"Le Guide du Routard sortira le 15 juin 2022 un nouveau guide sur la vall\u00e9e du Loir en v\u00e9lo. 160 pages consacr\u00e9es \u00e0 la d\u00e9couverte de la vall\u00e9e en v\u00e9lo, de Chartres \u00e0 Angers. &nbsp; Le c\u00e9l\u00e8bre Guide du routard sort le 15 juin 2022 un nouveau guide de 160 pages consacr\u00e9 \u00e0 la vall\u00e9e&hellip;","og_url":"https:\/\/contactfm72.fr\/?p=10074","og_site_name":"Contact FM 99.3","article_publisher":"https:\/\/www.facebook.com\/Contactfm.Chateauduloir","article_published_time":"2022-06-02T14:27:13+00:00","article_modified_time":"2022-06-14T10:10:27+00:00","og_image":[{"width":2048,"height":1536,"url":"https:\/\/contactfm72.fr\/wp-content\/uploads\/2022\/06\/Guide-du-Routard.jpg","type":"image\/jpeg"}],"author":"Val\u00e9rie C.","twitter_card":"summary_large_image","twitter_creator":"@contactfm72","twitter_site":"@contactfm72","twitter_misc":{"\u00c9crit par":"Val\u00e9rie C.","Dur\u00e9e de lecture estim\u00e9e":"3 minutes"},"schema":{"@context":"https:\/\/schema.org","@graph":[{"@type":"Article","@id":"https:\/\/contactfm72.fr\/?p=10074#article","isPartOf":{"@id":"https:\/\/contactfm72.fr\/?p=10074"},"author":{"name":"Val\u00e9rie C.","@id":"https:\/\/contactfm72.fr\/#\/schema\/person\/9fdc9d1c2eb029354a4f1535b90ba82d"},"headline":"Le Guide du Routard. Enfourchez votre v\u00e9lo et partez \u00e0 la conqu\u00eate de la vall\u00e9e du Loir","datePublished":"2022-06-02T14:27:13+00:00","dateModified":"2022-06-14T10:10:27+00:00","mainEntityOfPage":{"@id":"https:\/\/contactfm72.fr\/?p=10074"},"wordCount":570,"publisher":{"@id":"https:\/\/contactfm72.fr\/#organization"},"image":{"@id":"https:\/\/contactfm72.fr\/?p=10074#primaryimage"},"thumbnailUrl":"https:\/\/contactfm72.fr\/wp-content\/uploads\/2022\/06\/Guide-du-Routard.jpg","articleSection":["Contact FM 72"],"inLanguage":"fr-FR"},{"@type":"WebPage","@id":"https:\/\/contactfm72.fr\/?p=10074","url":"https:\/\/contactfm72.fr\/?p=10074","name":"Le Guide du Routard. Enfourchez votre v\u00e9lo et partez \u00e0 la conqu\u00eate de la vall\u00e9e du Loir - Contact FM 99.3","isPartOf":{"@id":"https:\/\/contactfm72.fr\/#website"},"primaryImageOfPage":{"@id":"https:\/\/contactfm72.fr\/?p=10074#primaryimage"},"image":{"@id":"https:\/\/contactfm72.fr\/?p=10074#primaryimage"},"thumbnailUrl":"https:\/\/contactfm72.fr\/wp-content\/uploads\/2022\/06\/Guide-du-Routard.jpg","datePublished":"2022-06-02T14:27:13+00:00","dateModified":"2022-06-14T10:10:27+00:00","breadcrumb":{"@id":"https:\/\/contactfm72.fr\/?p=10074#breadcrumb"},"inLanguage":"fr-FR","potentialAction":[{"@type":"ReadAction","target":["https:\/\/contactfm72.fr\/?p=10074"]}]},{"@type":"ImageObject","inLanguage":"fr-FR","@id":"https:\/\/contactfm72.fr\/?p=10074#primaryimage","url":"https:\/\/contactfm72.fr\/wp-content\/uploads\/2022\/06\/Guide-du-Routard.jpg","contentUrl":"https:\/\/contactfm72.fr\/wp-content\/uploads\/2022\/06\/Guide-du-Routard.jpg","width":2048,"height":1536,"caption":"Philippe Coupy, auteur de la vall\u00e9e du Loir \u00e0 V\u00e9lo."},{"@type":"BreadcrumbList","@id":"https:\/\/contactfm72.fr\/?p=10074#breadcrumb","itemListElement":[{"@type":"ListItem","position":1,"name":"Accueil","item":"https:\/\/contactfm72.fr\/"},{"@type":"ListItem","position":2,"name":"Le Guide du Routard. Enfourchez votre v\u00e9lo et partez \u00e0 la conqu\u00eate de la vall\u00e9e du Loir"}]},{"@type":"WebSite","@id":"https:\/\/contactfm72.fr\/#website","url":"https:\/\/contactfm72.fr\/","name":"Contact FM 99.3","description":"Votre radio en vall\u00e9e du Loir","publisher":{"@id":"https:\/\/contactfm72.fr\/#organization"},"potentialAction":[{"@type":"SearchAction","target":{"@type":"EntryPoint","urlTemplate":"https:\/\/contactfm72.fr\/?s={search_term_string}"},"query-input":{"@type":"PropertyValueSpecification","valueRequired":true,"valueName":"search_term_string"}}],"inLanguage":"fr-FR"},{"@type":"Organization","@id":"https:\/\/contactfm72.fr\/#organization","name":"Contact FM 99.3","url":"https:\/\/contactfm72.fr\/","logo":{"@type":"ImageObject","inLanguage":"fr-FR","@id":"https:\/\/contactfm72.fr\/#\/schema\/logo\/image\/","url":"https:\/\/contactfm72.fr\/wp-content\/uploads\/2025\/04\/2025-04-18-2.jpg","contentUrl":"https:\/\/contactfm72.fr\/wp-content\/uploads\/2025\/04\/2025-04-18-2.jpg","width":680,"height":307,"caption":"Contact FM 99.3"},"image":{"@id":"https:\/\/contactfm72.fr\/#\/schema\/logo\/image\/"},"sameAs":["https:\/\/www.facebook.com\/Contactfm.Chateauduloir","https:\/\/x.com\/contactfm72","https:\/\/www.instagram.com\/contact.fm.72?igsh=cGhlMHQ5N2JlNnpp","https:\/\/www.tiktok.com\/@contact.fm"]},{"@type":"Person","@id":"https:\/\/contactfm72.fr\/#\/schema\/person\/9fdc9d1c2eb029354a4f1535b90ba82d","name":"Val\u00e9rie C.","image":{"@type":"ImageObject","inLanguage":"fr-FR","@id":"https:\/\/secure.gravatar.com\/avatar\/2f8aa28f8dfbd7d4420afd1fdcdd0a349923e2c8a38ab28198b0f9d0601e4737?s=96&d=mm&r=g","url":"https:\/\/secure.gravatar.com\/avatar\/2f8aa28f8dfbd7d4420afd1fdcdd0a349923e2c8a38ab28198b0f9d0601e4737?s=96&d=mm&r=g","contentUrl":"https:\/\/secure.gravatar.com\/avatar\/2f8aa28f8dfbd7d4420afd1fdcdd0a349923e2c8a38ab28198b0f9d0601e4737?s=96&d=mm&r=g","caption":"Val\u00e9rie C."},"url":"https:\/\/contactfm72.fr\/?author=4"}]}},"_links":{"self":[{"href":"https:\/\/contactfm72.fr\/index.php?rest_route=\/wp\/v2\/posts\/10074","targetHints":{"allow":["GET"]}}],"collection":[{"href":"https:\/\/contactfm72.fr\/index.php?rest_route=\/wp\/v2\/posts"}],"about":[{"href":"https:\/\/contactfm72.fr\/index.php?rest_route=\/wp\/v2\/types\/post"}],"author":[{"embeddable":true,"href":"https:\/\/contactfm72.fr\/index.php?rest_route=\/wp\/v2\/users\/4"}],"replies":[{"embeddable":true,"href":"https:\/\/contactfm72.fr\/index.php?rest_route=%2Fwp%2Fv2%2Fcomments&post=10074"}],"version-history":[{"count":3,"href":"https:\/\/contactfm72.fr\/index.php?rest_route=\/wp\/v2\/posts\/10074\/revisions"}],"predecessor-version":[{"id":10245,"href":"https:\/\/contactfm72.fr\/index.php?rest_route=\/wp\/v2\/posts\/10074\/revisions\/10245"}],"wp:featuredmedia":[{"embeddable":true,"href":"https:\/\/contactfm72.fr\/index.php?rest_route=\/wp\/v2\/media\/10076"}],"wp:attachment":[{"href":"https:\/\/contactfm72.fr\/index.php?rest_route=%2Fwp%2Fv2%2Fmedia&parent=10074"}],"wp:term":[{"taxonomy":"category","embeddable":true,"href":"https:\/\/contactfm72.fr\/index.php?rest_route=%2Fwp%2Fv2%2Fcategories&post=10074"},{"taxonomy":"post_tag","embeddable":true,"href":"https:\/\/contactfm72.fr\/index.php?rest_route=%2Fwp%2Fv2%2Ftags&post=10074"}],"curies":[{"name":"wp","href":"https:\/\/api.w.org\/{rel}","templated":true}]}}