{"id":10051,"date":"2022-06-03T11:00:49","date_gmt":"2022-06-03T09:00:49","guid":{"rendered":"http:\/\/contactfm72.fr\/?p=10051"},"modified":"2022-06-01T17:20:11","modified_gmt":"2022-06-01T15:20:11","slug":"vouvray-sur-loir-a-leclerc-ils-trouvent-leurs-vocations","status":"publish","type":"post","link":"https:\/\/contactfm72.fr\/?p=10051","title":{"rendered":"Vouvray-sur-Loir. A Leclerc, ils trouvent leurs vocations"},"content":{"rendered":"<h2>Le Salon des m\u00e9tiers et de la formation a investi la galerie du centre Leclerc de Vouvray-sur-Loir le mercredi 1<sup>er<\/sup> juin. Un lieu propice aux rencontres et \u00e9changes aboutissant, souvent, \u00e0 de futurs entretiens.<\/h2>\n<p>&nbsp;<\/p>\n<p>Le <a href=\"http:\/\/contactfm72.fr\/?p=9970&amp;fbclid=IwAR21mipB1hEBr_iIFG2ASrUQZNrIM7jH0WXF0GZPGQEiZupy48GmWgcocMw\"><strong>salon<\/strong> a offert la possibilit\u00e9 de d\u00e9couvrir des m\u00e9tiers<\/a>, de rencontrer des organismes de formation et des structures qui peuvent accompagner le public sur diff\u00e9rents projets professionnels. Plusieurs entit\u00e9s \u00e9taient pr\u00e9sentes repr\u00e9sentant les domaines du transport, du num\u00e9rique, de la sant\u00e9 et sociale, du b\u00e2timent, de l\u2019industrie, de l\u2019agriculture, du commerce et aussi des centres de formation afin de pr\u00e9senter leurs cursus scolaires et universitaires. Deux bus se trouvaient \u00e0 l\u2019ext\u00e9rieur du centre commercial, <strong>l\u2019Orientibus<\/strong>, le bus qui propose de trouver son orientation, et le bus <strong>Jeunes m\u2019activ,<\/strong> <a href=\"http:\/\/contactfm72.fr\/?p=8740\">dispositif coordonn\u00e9 par la Mission locale Sarthe et Loir<\/a> afin de proposer une solution aux jeunes de 16 \u00e0 29 ans, sans emploi, sans formation ni \u00e9tudes.<\/p>\n<p>&nbsp;<\/p>\n<h3><strong>\u00catre motiv\u00e9<\/strong><\/h3>\n<p>M\u00e9lanie Bouchard repr\u00e9sente le secteur agroalimentaire avec <strong>\u00ab\u00a0AgroCampus la Germini\u00e8re\u00a0\u00bb<\/strong>, le centre de formation pr\u00e8s du Mans. Leur centre permet de se former dans diff\u00e9rents domaines, comme l\u2019agro\u00e9quipement, le commerce, l\u2019\u00e9levage ou encore la gestion agricole et foresti\u00e8re.<\/p>\n<blockquote><p>\u00ab\u00a0On essaye de faire conna\u00eetre notre structure. L\u2019agroalimentaire est un secteur en tr\u00e8s forte tension, on recherche le candidat id\u00e9al. On \u00e9tudie tous les dossiers. Le principal crit\u00e8re est la motivation. Mais ce n\u2019est pas que pour notre centre, c\u2019est la cl\u00e9 de toutes d\u00e9marches\u00a0\u00bb.<\/p><\/blockquote>\n<p>&nbsp;<\/p>\n<h3><strong>D\u00e9ception\u00a0? <\/strong><\/h3>\n<p>Face \u00e0 cette opportunit\u00e9, nombreux ont \u00e9t\u00e9 les int\u00e9ress\u00e9s et curieux \u00e0 arpenter les stands du salon. Mais certains n\u2019ont pas trouv\u00e9 leur bonheur, \u00e0 l\u2019image de Damien, 39 ans, habitant de Fl\u00e9e, convocation du d\u00e9partement \u00e0 la main, attendant impatiemment pr\u00e8s du stand d\u2019accueil : \u00ab Je suis en recherche d\u2019emploi, et je n\u2019ai rien trouv\u00e9 d\u2019int\u00e9ressant. La plupart me proposent de retourner en formation, ou pire, en \u00e9cole, mais je suis bien trop vieux \u00bb. A ses c\u00f4t\u00e9s, Chantal, Ludoise, 52 ans, qui craint entendre le m\u00eame discours : \u00ab J\u2019\u00e9tais technicienne de surface. Mais suite \u00e0 des soucis de sant\u00e9, j\u2019ai \u00e9t\u00e9 licenci\u00e9e. Je dois trouver un travail en ad\u00e9quation avec mes capacit\u00e9s physiques, et en plus de tout \u00e7a, je ne suis pas v\u00e9hicul\u00e9e. J&#8217;ai peur de ne rien trouver aujourd\u2019hui \u00bb.<\/p>\n<p>&nbsp;<\/p>\n<h3><strong>Elle trouve sa formation<\/strong><\/h3>\n<p>En revanche, du c\u00f4t\u00e9 formation du Salon, Marine, 21 ans, l&#8217;ambiance est totalement diff\u00e9rente. Elle ne cache pas sa grande satisfaction :<\/p>\n<blockquote><p>\u00ab J\u2019arrive tout juste de Marseille et je viens d\u2019emm\u00e9nager \u00e0 Ch\u00e2teau-du-Loir. J\u2019\u00e9tais aide-soignante, j\u2019ai fait une reconversion professionnelle pour \u00eatre proth\u00e9siste ongulaire, et je cherche un travail en compl\u00e9ment pour avoir un vrai salaire. On vient de me proposer une formation de 12 mois dans l\u2019animation sociale aupr\u00e8s des personnes \u00e2g\u00e9es, et \u00e7a a l\u2019air g\u00e9nial ! Je suis tr\u00e8s contente d\u2019\u00eatre venue \u00bb.<\/p><\/blockquote>\n<p>CV en main, jeunes et moins jeunes ont <strong>longtemps \u00e9chang\u00e9 avec les professionnels<\/strong>, ambitionnant un futur emploi ou une place dans un centre de formation.<\/p>\n<!-- AddThis Advanced Settings generic via filter on the_content --><!-- AddThis Share Buttons generic via filter on the_content -->","protected":false},"excerpt":{"rendered":"<p>Le Salon des m\u00e9tiers et de la formation a investi la galerie du centre Leclerc de Vouvray-sur-Loir le mercredi 1er juin. Un lieu propice aux rencontres et \u00e9changes aboutissant, souvent, \u00e0 de futurs entretiens. &nbsp; Le salon a offert la possibilit\u00e9 de d\u00e9couvrir des m\u00e9tiers, de rencontrer des organismes de formation et des structures qui&hellip;<!-- AddThis Advanced Settings generic via filter on get_the_excerpt --><!-- AddThis Share Buttons generic via filter on get_the_excerpt --><\/p>\n","protected":false},"author":4,"featured_media":10052,"comment_status":"closed","ping_status":"open","sticky":false,"template":"","format":"standard","meta":{"footnotes":""},"categories":[1],"tags":[],"class_list":["post-10051","post","type-post","status-publish","format-standard","has-post-thumbnail","hentry","category-contact-fm-72","category-1","description-off"],"yoast_head":"<!-- This site is optimized with the Yoast SEO plugin v27.4 - https:\/\/yoast.com\/product\/yoast-seo-wordpress\/ -->\n<title>Vouvray-sur-Loir. A Leclerc, ils trouvent leurs vocations - Contact FM 99.3<\/title>\n<meta name=\"robots\" content=\"index, follow, max-snippet:-1, max-image-preview:large, max-video-preview:-1\" \/>\n<link rel=\"canonical\" href=\"https:\/\/contactfm72.fr\/?p=10051\" \/>\n<meta property=\"og:locale\" content=\"fr_FR\" \/>\n<meta property=\"og:type\" content=\"article\" \/>\n<meta property=\"og:title\" content=\"Vouvray-sur-Loir. A Leclerc, ils trouvent leurs vocations - Contact FM 99.3\" \/>\n<meta property=\"og:description\" content=\"Le Salon des m\u00e9tiers et de la formation a investi la galerie du centre Leclerc de Vouvray-sur-Loir le mercredi 1er juin. Un lieu propice aux rencontres et \u00e9changes aboutissant, souvent, \u00e0 de futurs entretiens. &nbsp; Le salon a offert la possibilit\u00e9 de d\u00e9couvrir des m\u00e9tiers, de rencontrer des organismes de formation et des structures qui&hellip;\" \/>\n<meta property=\"og:url\" content=\"https:\/\/contactfm72.fr\/?p=10051\" \/>\n<meta property=\"og:site_name\" content=\"Contact FM 99.3\" \/>\n<meta property=\"article:publisher\" content=\"https:\/\/www.facebook.com\/Contactfm.Chateauduloir\" \/>\n<meta property=\"article:published_time\" content=\"2022-06-03T09:00:49+00:00\" \/>\n<meta property=\"og:image\" content=\"https:\/\/contactfm72.fr\/wp-content\/uploads\/2022\/06\/salon-leclerc.jpg\" \/>\n\t<meta property=\"og:image:width\" content=\"2048\" \/>\n\t<meta property=\"og:image:height\" content=\"1536\" \/>\n\t<meta property=\"og:image:type\" content=\"image\/jpeg\" \/>\n<meta name=\"author\" content=\"Val\u00e9rie C.\" \/>\n<meta name=\"twitter:card\" content=\"summary_large_image\" \/>\n<meta name=\"twitter:creator\" content=\"@contactfm72\" \/>\n<meta name=\"twitter:site\" content=\"@contactfm72\" \/>\n<meta name=\"twitter:label1\" content=\"\u00c9crit par\" \/>\n\t<meta name=\"twitter:data1\" content=\"Val\u00e9rie C.\" \/>\n\t<meta name=\"twitter:label2\" content=\"Dur\u00e9e de lecture estim\u00e9e\" \/>\n\t<meta name=\"twitter:data2\" content=\"3 minutes\" \/>\n<script type=\"application\/ld+json\" class=\"yoast-schema-graph\">{\"@context\":\"https:\\\/\\\/schema.org\",\"@graph\":[{\"@type\":\"Article\",\"@id\":\"https:\\\/\\\/contactfm72.fr\\\/?p=10051#article\",\"isPartOf\":{\"@id\":\"https:\\\/\\\/contactfm72.fr\\\/?p=10051\"},\"author\":{\"name\":\"Val\u00e9rie C.\",\"@id\":\"https:\\\/\\\/contactfm72.fr\\\/#\\\/schema\\\/person\\\/9fdc9d1c2eb029354a4f1535b90ba82d\"},\"headline\":\"Vouvray-sur-Loir. A Leclerc, ils trouvent leurs vocations\",\"datePublished\":\"2022-06-03T09:00:49+00:00\",\"mainEntityOfPage\":{\"@id\":\"https:\\\/\\\/contactfm72.fr\\\/?p=10051\"},\"wordCount\":550,\"publisher\":{\"@id\":\"https:\\\/\\\/contactfm72.fr\\\/#organization\"},\"image\":{\"@id\":\"https:\\\/\\\/contactfm72.fr\\\/?p=10051#primaryimage\"},\"thumbnailUrl\":\"https:\\\/\\\/contactfm72.fr\\\/wp-content\\\/uploads\\\/2022\\\/06\\\/salon-leclerc.jpg\",\"articleSection\":[\"Contact FM 72\"],\"inLanguage\":\"fr-FR\"},{\"@type\":\"WebPage\",\"@id\":\"https:\\\/\\\/contactfm72.fr\\\/?p=10051\",\"url\":\"https:\\\/\\\/contactfm72.fr\\\/?p=10051\",\"name\":\"Vouvray-sur-Loir. A Leclerc, ils trouvent leurs vocations - Contact FM 99.3\",\"isPartOf\":{\"@id\":\"https:\\\/\\\/contactfm72.fr\\\/#website\"},\"primaryImageOfPage\":{\"@id\":\"https:\\\/\\\/contactfm72.fr\\\/?p=10051#primaryimage\"},\"image\":{\"@id\":\"https:\\\/\\\/contactfm72.fr\\\/?p=10051#primaryimage\"},\"thumbnailUrl\":\"https:\\\/\\\/contactfm72.fr\\\/wp-content\\\/uploads\\\/2022\\\/06\\\/salon-leclerc.jpg\",\"datePublished\":\"2022-06-03T09:00:49+00:00\",\"breadcrumb\":{\"@id\":\"https:\\\/\\\/contactfm72.fr\\\/?p=10051#breadcrumb\"},\"inLanguage\":\"fr-FR\",\"potentialAction\":[{\"@type\":\"ReadAction\",\"target\":[\"https:\\\/\\\/contactfm72.fr\\\/?p=10051\"]}]},{\"@type\":\"ImageObject\",\"inLanguage\":\"fr-FR\",\"@id\":\"https:\\\/\\\/contactfm72.fr\\\/?p=10051#primaryimage\",\"url\":\"https:\\\/\\\/contactfm72.fr\\\/wp-content\\\/uploads\\\/2022\\\/06\\\/salon-leclerc.jpg\",\"contentUrl\":\"https:\\\/\\\/contactfm72.fr\\\/wp-content\\\/uploads\\\/2022\\\/06\\\/salon-leclerc.jpg\",\"width\":2048,\"height\":1536,\"caption\":\"A Leclerc, le Salon des m\u00e9tiers et de la formation a investi la galerie commerciale.\"},{\"@type\":\"BreadcrumbList\",\"@id\":\"https:\\\/\\\/contactfm72.fr\\\/?p=10051#breadcrumb\",\"itemListElement\":[{\"@type\":\"ListItem\",\"position\":1,\"name\":\"Accueil\",\"item\":\"https:\\\/\\\/contactfm72.fr\\\/\"},{\"@type\":\"ListItem\",\"position\":2,\"name\":\"Vouvray-sur-Loir. A Leclerc, ils trouvent leurs vocations\"}]},{\"@type\":\"WebSite\",\"@id\":\"https:\\\/\\\/contactfm72.fr\\\/#website\",\"url\":\"https:\\\/\\\/contactfm72.fr\\\/\",\"name\":\"Contact FM 99.3\",\"description\":\"Votre radio en vall\u00e9e du Loir\",\"publisher\":{\"@id\":\"https:\\\/\\\/contactfm72.fr\\\/#organization\"},\"potentialAction\":[{\"@type\":\"SearchAction\",\"target\":{\"@type\":\"EntryPoint\",\"urlTemplate\":\"https:\\\/\\\/contactfm72.fr\\\/?s={search_term_string}\"},\"query-input\":{\"@type\":\"PropertyValueSpecification\",\"valueRequired\":true,\"valueName\":\"search_term_string\"}}],\"inLanguage\":\"fr-FR\"},{\"@type\":\"Organization\",\"@id\":\"https:\\\/\\\/contactfm72.fr\\\/#organization\",\"name\":\"Contact FM 99.3\",\"url\":\"https:\\\/\\\/contactfm72.fr\\\/\",\"logo\":{\"@type\":\"ImageObject\",\"inLanguage\":\"fr-FR\",\"@id\":\"https:\\\/\\\/contactfm72.fr\\\/#\\\/schema\\\/logo\\\/image\\\/\",\"url\":\"https:\\\/\\\/contactfm72.fr\\\/wp-content\\\/uploads\\\/2025\\\/04\\\/2025-04-18-2.jpg\",\"contentUrl\":\"https:\\\/\\\/contactfm72.fr\\\/wp-content\\\/uploads\\\/2025\\\/04\\\/2025-04-18-2.jpg\",\"width\":680,\"height\":307,\"caption\":\"Contact FM 99.3\"},\"image\":{\"@id\":\"https:\\\/\\\/contactfm72.fr\\\/#\\\/schema\\\/logo\\\/image\\\/\"},\"sameAs\":[\"https:\\\/\\\/www.facebook.com\\\/Contactfm.Chateauduloir\",\"https:\\\/\\\/x.com\\\/contactfm72\",\"https:\\\/\\\/www.instagram.com\\\/contact.fm.72?igsh=cGhlMHQ5N2JlNnpp\",\"https:\\\/\\\/www.tiktok.com\\\/@contact.fm\"]},{\"@type\":\"Person\",\"@id\":\"https:\\\/\\\/contactfm72.fr\\\/#\\\/schema\\\/person\\\/9fdc9d1c2eb029354a4f1535b90ba82d\",\"name\":\"Val\u00e9rie C.\",\"image\":{\"@type\":\"ImageObject\",\"inLanguage\":\"fr-FR\",\"@id\":\"https:\\\/\\\/secure.gravatar.com\\\/avatar\\\/2f8aa28f8dfbd7d4420afd1fdcdd0a349923e2c8a38ab28198b0f9d0601e4737?s=96&d=mm&r=g\",\"url\":\"https:\\\/\\\/secure.gravatar.com\\\/avatar\\\/2f8aa28f8dfbd7d4420afd1fdcdd0a349923e2c8a38ab28198b0f9d0601e4737?s=96&d=mm&r=g\",\"contentUrl\":\"https:\\\/\\\/secure.gravatar.com\\\/avatar\\\/2f8aa28f8dfbd7d4420afd1fdcdd0a349923e2c8a38ab28198b0f9d0601e4737?s=96&d=mm&r=g\",\"caption\":\"Val\u00e9rie C.\"},\"url\":\"https:\\\/\\\/contactfm72.fr\\\/?author=4\"}]}<\/script>\n<!-- \/ Yoast SEO plugin. -->","yoast_head_json":{"title":"Vouvray-sur-Loir. A Leclerc, ils trouvent leurs vocations - Contact FM 99.3","robots":{"index":"index","follow":"follow","max-snippet":"max-snippet:-1","max-image-preview":"max-image-preview:large","max-video-preview":"max-video-preview:-1"},"canonical":"https:\/\/contactfm72.fr\/?p=10051","og_locale":"fr_FR","og_type":"article","og_title":"Vouvray-sur-Loir. A Leclerc, ils trouvent leurs vocations - Contact FM 99.3","og_description":"Le Salon des m\u00e9tiers et de la formation a investi la galerie du centre Leclerc de Vouvray-sur-Loir le mercredi 1er juin. Un lieu propice aux rencontres et \u00e9changes aboutissant, souvent, \u00e0 de futurs entretiens. &nbsp; Le salon a offert la possibilit\u00e9 de d\u00e9couvrir des m\u00e9tiers, de rencontrer des organismes de formation et des structures qui&hellip;","og_url":"https:\/\/contactfm72.fr\/?p=10051","og_site_name":"Contact FM 99.3","article_publisher":"https:\/\/www.facebook.com\/Contactfm.Chateauduloir","article_published_time":"2022-06-03T09:00:49+00:00","og_image":[{"width":2048,"height":1536,"url":"https:\/\/contactfm72.fr\/wp-content\/uploads\/2022\/06\/salon-leclerc.jpg","type":"image\/jpeg"}],"author":"Val\u00e9rie C.","twitter_card":"summary_large_image","twitter_creator":"@contactfm72","twitter_site":"@contactfm72","twitter_misc":{"\u00c9crit par":"Val\u00e9rie C.","Dur\u00e9e de lecture estim\u00e9e":"3 minutes"},"schema":{"@context":"https:\/\/schema.org","@graph":[{"@type":"Article","@id":"https:\/\/contactfm72.fr\/?p=10051#article","isPartOf":{"@id":"https:\/\/contactfm72.fr\/?p=10051"},"author":{"name":"Val\u00e9rie C.","@id":"https:\/\/contactfm72.fr\/#\/schema\/person\/9fdc9d1c2eb029354a4f1535b90ba82d"},"headline":"Vouvray-sur-Loir. A Leclerc, ils trouvent leurs vocations","datePublished":"2022-06-03T09:00:49+00:00","mainEntityOfPage":{"@id":"https:\/\/contactfm72.fr\/?p=10051"},"wordCount":550,"publisher":{"@id":"https:\/\/contactfm72.fr\/#organization"},"image":{"@id":"https:\/\/contactfm72.fr\/?p=10051#primaryimage"},"thumbnailUrl":"https:\/\/contactfm72.fr\/wp-content\/uploads\/2022\/06\/salon-leclerc.jpg","articleSection":["Contact FM 72"],"inLanguage":"fr-FR"},{"@type":"WebPage","@id":"https:\/\/contactfm72.fr\/?p=10051","url":"https:\/\/contactfm72.fr\/?p=10051","name":"Vouvray-sur-Loir. A Leclerc, ils trouvent leurs vocations - Contact FM 99.3","isPartOf":{"@id":"https:\/\/contactfm72.fr\/#website"},"primaryImageOfPage":{"@id":"https:\/\/contactfm72.fr\/?p=10051#primaryimage"},"image":{"@id":"https:\/\/contactfm72.fr\/?p=10051#primaryimage"},"thumbnailUrl":"https:\/\/contactfm72.fr\/wp-content\/uploads\/2022\/06\/salon-leclerc.jpg","datePublished":"2022-06-03T09:00:49+00:00","breadcrumb":{"@id":"https:\/\/contactfm72.fr\/?p=10051#breadcrumb"},"inLanguage":"fr-FR","potentialAction":[{"@type":"ReadAction","target":["https:\/\/contactfm72.fr\/?p=10051"]}]},{"@type":"ImageObject","inLanguage":"fr-FR","@id":"https:\/\/contactfm72.fr\/?p=10051#primaryimage","url":"https:\/\/contactfm72.fr\/wp-content\/uploads\/2022\/06\/salon-leclerc.jpg","contentUrl":"https:\/\/contactfm72.fr\/wp-content\/uploads\/2022\/06\/salon-leclerc.jpg","width":2048,"height":1536,"caption":"A Leclerc, le Salon des m\u00e9tiers et de la formation a investi la galerie commerciale."},{"@type":"BreadcrumbList","@id":"https:\/\/contactfm72.fr\/?p=10051#breadcrumb","itemListElement":[{"@type":"ListItem","position":1,"name":"Accueil","item":"https:\/\/contactfm72.fr\/"},{"@type":"ListItem","position":2,"name":"Vouvray-sur-Loir. A Leclerc, ils trouvent leurs vocations"}]},{"@type":"WebSite","@id":"https:\/\/contactfm72.fr\/#website","url":"https:\/\/contactfm72.fr\/","name":"Contact FM 99.3","description":"Votre radio en vall\u00e9e du Loir","publisher":{"@id":"https:\/\/contactfm72.fr\/#organization"},"potentialAction":[{"@type":"SearchAction","target":{"@type":"EntryPoint","urlTemplate":"https:\/\/contactfm72.fr\/?s={search_term_string}"},"query-input":{"@type":"PropertyValueSpecification","valueRequired":true,"valueName":"search_term_string"}}],"inLanguage":"fr-FR"},{"@type":"Organization","@id":"https:\/\/contactfm72.fr\/#organization","name":"Contact FM 99.3","url":"https:\/\/contactfm72.fr\/","logo":{"@type":"ImageObject","inLanguage":"fr-FR","@id":"https:\/\/contactfm72.fr\/#\/schema\/logo\/image\/","url":"https:\/\/contactfm72.fr\/wp-content\/uploads\/2025\/04\/2025-04-18-2.jpg","contentUrl":"https:\/\/contactfm72.fr\/wp-content\/uploads\/2025\/04\/2025-04-18-2.jpg","width":680,"height":307,"caption":"Contact FM 99.3"},"image":{"@id":"https:\/\/contactfm72.fr\/#\/schema\/logo\/image\/"},"sameAs":["https:\/\/www.facebook.com\/Contactfm.Chateauduloir","https:\/\/x.com\/contactfm72","https:\/\/www.instagram.com\/contact.fm.72?igsh=cGhlMHQ5N2JlNnpp","https:\/\/www.tiktok.com\/@contact.fm"]},{"@type":"Person","@id":"https:\/\/contactfm72.fr\/#\/schema\/person\/9fdc9d1c2eb029354a4f1535b90ba82d","name":"Val\u00e9rie C.","image":{"@type":"ImageObject","inLanguage":"fr-FR","@id":"https:\/\/secure.gravatar.com\/avatar\/2f8aa28f8dfbd7d4420afd1fdcdd0a349923e2c8a38ab28198b0f9d0601e4737?s=96&d=mm&r=g","url":"https:\/\/secure.gravatar.com\/avatar\/2f8aa28f8dfbd7d4420afd1fdcdd0a349923e2c8a38ab28198b0f9d0601e4737?s=96&d=mm&r=g","contentUrl":"https:\/\/secure.gravatar.com\/avatar\/2f8aa28f8dfbd7d4420afd1fdcdd0a349923e2c8a38ab28198b0f9d0601e4737?s=96&d=mm&r=g","caption":"Val\u00e9rie C."},"url":"https:\/\/contactfm72.fr\/?author=4"}]}},"_links":{"self":[{"href":"https:\/\/contactfm72.fr\/index.php?rest_route=\/wp\/v2\/posts\/10051","targetHints":{"allow":["GET"]}}],"collection":[{"href":"https:\/\/contactfm72.fr\/index.php?rest_route=\/wp\/v2\/posts"}],"about":[{"href":"https:\/\/contactfm72.fr\/index.php?rest_route=\/wp\/v2\/types\/post"}],"author":[{"embeddable":true,"href":"https:\/\/contactfm72.fr\/index.php?rest_route=\/wp\/v2\/users\/4"}],"replies":[{"embeddable":true,"href":"https:\/\/contactfm72.fr\/index.php?rest_route=%2Fwp%2Fv2%2Fcomments&post=10051"}],"version-history":[{"count":2,"href":"https:\/\/contactfm72.fr\/index.php?rest_route=\/wp\/v2\/posts\/10051\/revisions"}],"predecessor-version":[{"id":10054,"href":"https:\/\/contactfm72.fr\/index.php?rest_route=\/wp\/v2\/posts\/10051\/revisions\/10054"}],"wp:featuredmedia":[{"embeddable":true,"href":"https:\/\/contactfm72.fr\/index.php?rest_route=\/wp\/v2\/media\/10052"}],"wp:attachment":[{"href":"https:\/\/contactfm72.fr\/index.php?rest_route=%2Fwp%2Fv2%2Fmedia&parent=10051"}],"wp:term":[{"taxonomy":"category","embeddable":true,"href":"https:\/\/contactfm72.fr\/index.php?rest_route=%2Fwp%2Fv2%2Fcategories&post=10051"},{"taxonomy":"post_tag","embeddable":true,"href":"https:\/\/contactfm72.fr\/index.php?rest_route=%2Fwp%2Fv2%2Ftags&post=10051"}],"curies":[{"name":"wp","href":"https:\/\/api.w.org\/{rel}","templated":true}]}}