{"id":10018,"date":"2022-05-31T16:08:25","date_gmt":"2022-05-31T14:08:25","guid":{"rendered":"http:\/\/contactfm72.fr\/?p=10018"},"modified":"2022-05-31T16:08:25","modified_gmt":"2022-05-31T14:08:25","slug":"elections-legislatives-lassociation-de-defense-des-services-de-lhopital-adresse-une-lettre-ouverte-aux-candidats","status":"publish","type":"post","link":"https:\/\/contactfm72.fr\/?p=10018","title":{"rendered":"\u00c9lections l\u00e9gislatives. L&#8217;association de d\u00e9fense des services de l&#8217;h\u00f4pital adresse une lettre ouverte aux candidats"},"content":{"rendered":"<h2>Alors que le service des urgences de l\u2019h\u00f4pital de Montval-sur-Loir a annonc\u00e9 une \u00e9ni\u00e8me fermeture de ses services pour ce d\u00e9but de mois de juin 2022, l\u2019association de d\u00e9fense des services de l\u2019h\u00f4pital de Montval-sur-Loir vient d&#8217;adresser une lettre ouverte aux candidats aux \u00e9lections l\u00e9gislatives.<\/h2>\n<p><strong>\u00a0<\/strong><\/p>\n<p>Un \u00e9ni\u00e8me \u00e9pisode pour une saga qui semble interminable. C\u2019est \u00e0 pr\u00e9sent le quotidien des <strong>sarthois\u00a0<\/strong>: le <strong>service des urgences du Centre Hospitalier de Montval-sur-Loir<\/strong> vient \u00e0 nouveau d\u2019annoncer des <strong>fermetures de ses services<\/strong> pour, globalement, les dix premiers jours du mois de juin.<br \/>\nA vos stylos\u00a0:<\/p>\n<ul>\n<li>Du dimanche 5 juin 20h30 au lundi 6 juin 2022 8h30 ;<\/li>\n<li>Du mardi 7 juin 8h30 au mercredi 8 juin 2022 8h30 ;<\/li>\n<li>Du jeudi 9 juin 8h30 au vendredi 10 juin 2022 8h30.<\/li>\n<\/ul>\n<p>&nbsp;<\/p>\n<p>Depuis le d\u00e9but des annonces de fermeture, le service assure tout de m\u00eame un <strong>minimum de soins<\/strong>. Une infirmi\u00e8re et une aide-soignante de jour et de nuit sont pr\u00e9sentes pour accueillir les patients qui viendraient \u00e0 se pr\u00e9senter aux urgences et les r\u00e9orienter avec la r\u00e9gulation du SAMU 72 en fonction de leur \u00e9tat de sant\u00e9 vers la r\u00e9ponse la plus adapt\u00e9e. Et comme \u00e0 chaque annonce, il est rappel\u00e9 qu\u2019une permanence des soins ambulatoire est accessible en appelant le <strong>116 117<\/strong>. Ce num\u00e9ro permet de contacter un m\u00e9decin de garde qui \u00e9value chaque situation et apporte une r\u00e9ponse adapt\u00e9e. R\u00e9ponse adapt\u00e9e \u00e9tant conseil t\u00e9l\u00e9phonique, ou encore orientation vers un m\u00e9decin de garde de proximit\u00e9.<\/p>\n<p>&nbsp;<\/p>\n<h3><strong>Un manque de recrutement m\u00e9dical<\/strong><\/h3>\n<p>Cette situation n\u2019est pas in\u00e9dite \u00e0 Montval-sur-Loir. C\u2019est le cas pour les h\u00f4pitaux de proximit\u00e9 sarthois. Les services de <strong>Saint-Calais et du Bailleul<\/strong> subissent la m\u00eame probl\u00e9matique : un manque cruel de recrutement m\u00e9dical afin de parvenir \u00e0 assurer de mani\u00e8re continue la permanence des soins et le fonctionnement du service des urgences 24h\/24. L\u2019Agence R\u00e9gionale de Sant\u00e9 l\u2019a d\u2019ailleurs assur\u00e9 : la <strong>moiti\u00e9 des postes de m\u00e9decins urgentistes sont vacants dans le d\u00e9partement<\/strong>.<\/p>\n<p>Il manque donc<strong> 50% de m\u00e9decins urgentistes<\/strong> sur le d\u00e9partement. Une situation catastrophique alors que les soignants se remettent \u00e0 peine des tensions hospitali\u00e8res li\u00e9es \u00e0 la crise sanitaire. Les beaux jours approchent, les touristes aussi, des patients en plus grand nombre pour les mois prochains. Quel avenir pour les h\u00f4pitaux de proximit\u00e9 sarthois ?<\/p>\n<p><strong>\u00a0<\/strong><\/p>\n<p><strong>\u00a0<\/strong><\/p>\n<h3><strong>Une r\u00e9ponse in\u00e9dite sur le territoire<\/strong><\/h3>\n<p>Depuis le <strong>31 mai 2021<\/strong> sur le secteur du Sud-Sarthe, l\u2019<strong>\u00e9quipe param\u00e9dicale d\u2019urgence (EPMU)<\/strong> a \u00e9t\u00e9 lanc\u00e9e <a href=\"http:\/\/contactfm72.fr\/?p=8752\">dans le cadre d\u2019une exp\u00e9rimentation destin\u00e9e<\/a> \u00e0 faire face \u00e0 une p\u00e9nurie de m\u00e9decins urgentistes et de fermetures continuelles du service des urgences de l\u2019h\u00f4pital de Ch\u00e2teau-du-Loir.<\/p>\n<p>L\u2019EPMU, constitu\u00e9e d\u2019un <strong>bin\u00f4me infirmier et aide-soignant ambulancier<\/strong>, form\u00e9e aux urgences vitales, intervient en amont du SMUR et agit selon les protocoles de prise en charge pr\u00e9cis r\u00e9dig\u00e9s par le SAMU 72. Le d\u00e9ploiement de l&#8217;EPMU permet de prendre les patients en charge plus vite et de mobiliser moins longtemps le m\u00e9decin du SMUR : dans certains cas, l&#8217;\u00e9quipe du SMUR peut passer le relais \u00e0 l&#8217;EPMU en cours d&#8217;intervention pour assurer le transfert vers une structure hospitali\u00e8re.<\/p>\n<p>Cette solution, annonc\u00e9e temporaire l\u2019ann\u00e9e derni\u00e8re, semble se <strong>p\u00e9renniser<\/strong>, d\u2019autant que le centre hospitalier de Saint-Calais vient d\u2019acqu\u00e9rir une EPMU qui sillonnera son secteur.<\/p>\n<p><strong>\u00a0<\/strong><\/p>\n<h3><strong>L\u2019inqui\u00e9tude de l\u2019association de d\u00e9fense<\/strong><\/h3>\n<p>Face \u00e0 cette situation, des sarthois ont cr\u00e9\u00e9 l\u2019<strong>association de d\u00e9fense des services de l\u2019h\u00f4pital de Montval<\/strong>. Ces habitants inquiets de l\u2019avenir de l\u2019offre de soins de leurs services des h\u00f4pitaux de proximit\u00e9 ont alert\u00e9, par l\u2019interm\u00e9diaire d\u2019une <strong>lettre ouverte<\/strong>, les <a href=\"http:\/\/contactfm72.fr\/?p=9987\"><strong>neuf candidats aux \u00e9lections l\u00e9gislatives de la 3<sup>\u00e8me<\/sup> circonscription de la Sarthe<\/strong><\/a>. Depuis de longs mois, les membres de cette association, les habitants, les syndicats et personnels des h\u00f4pitaux encha\u00eenent des mouvements de gr\u00e8ve, soutenus par la municipalit\u00e9, et des points d\u2019informations, notamment dans des lieux strat\u00e9giques de Montval-sur-Loir, comme le march\u00e9 le samedi matin, ou encore la galerie du centre Leclerc de Vouvray-sur-Loir.<\/p>\n<blockquote><p>\u00ab\u00a0Ces fermetures portent atteintes au droit fondamental de tous les citoyens \u00e0 \u00eatre secourus et soign\u00e9s quel que soit leur lieu de r\u00e9sidence. \u00c0 cette p\u00e9nurie s\u2019ajoutent les cons\u00e9quences de toute une s\u00e9rie de lois appliqu\u00e9es par les gouvernements successifs depuis pr\u00e8s de 20 ans qui conduisent \u00e0 aligner le fonctionnement de l\u2019h\u00f4pital public sur le priv\u00e9\u00a0\u00bb, font-ils savoir dans un communiqu\u00e9.<\/p><\/blockquote>\n<p>&nbsp;<\/p>\n<h3><strong>Quatre points importants<\/strong><\/h3>\n<p>L\u2019association, pr\u00e9sid\u00e9e par Michel Macon, souligne notamment quatre points \u00e0 privil\u00e9gier face \u00e0 cette situation. Ils souhaitent que l\u2019\u00e9lu<strong> p\u00e9rennise et am\u00e9liore le service des urgences<\/strong> de l\u2019h\u00f4pital public de Montval-sur-Loir ; <strong>cr\u00e9er une facult\u00e9 de m\u00e9decine au Mans<\/strong> afin d\u2019augmenter le nombre de m\u00e9decins g\u00e9n\u00e9ralistes r\u00e9f\u00e9rents et sp\u00e9cialistes pour lutter contre la d\u00e9sertification m\u00e9dicale\u00a0; <strong>donner la priorit\u00e9 aux investissements publics<\/strong> n\u00e9cessaires aux services publics et enfin, <strong>remettre en question le r\u00f4le de l\u2019ARS<\/strong>.<\/p>\n<p>&nbsp;<\/p>\n<p>Les membres de l\u2019association sont \u00e0 pr\u00e9sent attentifs au programme des neuf candidats qui doivent faire de la<strong> probl\u00e9matique des d\u00e9serts m\u00e9dicaux en milieu rural<\/strong> une de leurs priorit\u00e9s au milieu de l\u2019urgence climatique ou encore celle du pouvoir d\u2019achat.<\/p>\n<!-- AddThis Advanced Settings generic via filter on the_content --><!-- AddThis Share Buttons generic via filter on the_content -->","protected":false},"excerpt":{"rendered":"<p>Alors que le service des urgences de l\u2019h\u00f4pital de Montval-sur-Loir a annonc\u00e9 une \u00e9ni\u00e8me fermeture de ses services pour ce d\u00e9but de mois de juin 2022, l\u2019association de d\u00e9fense des services de l\u2019h\u00f4pital de Montval-sur-Loir vient d&#8217;adresser une lettre ouverte aux candidats aux \u00e9lections l\u00e9gislatives. \u00a0 Un \u00e9ni\u00e8me \u00e9pisode pour une saga qui semble interminable.&hellip;<!-- AddThis Advanced Settings generic via filter on get_the_excerpt --><!-- AddThis Share Buttons generic via filter on get_the_excerpt --><\/p>\n","protected":false},"author":4,"featured_media":10019,"comment_status":"closed","ping_status":"open","sticky":false,"template":"","format":"standard","meta":{"footnotes":""},"categories":[1],"tags":[],"class_list":["post-10018","post","type-post","status-publish","format-standard","has-post-thumbnail","hentry","category-contact-fm-72","category-1","description-off"],"yoast_head":"<!-- This site is optimized with the Yoast SEO plugin v27.4 - https:\/\/yoast.com\/product\/yoast-seo-wordpress\/ -->\n<title>\u00c9lections l\u00e9gislatives. L&#039;association de d\u00e9fense des services de l&#039;h\u00f4pital adresse une lettre ouverte aux candidats - Contact FM 99.3<\/title>\n<meta name=\"robots\" content=\"index, follow, max-snippet:-1, max-image-preview:large, max-video-preview:-1\" \/>\n<link rel=\"canonical\" href=\"https:\/\/contactfm72.fr\/?p=10018\" \/>\n<meta property=\"og:locale\" content=\"fr_FR\" \/>\n<meta property=\"og:type\" content=\"article\" \/>\n<meta property=\"og:title\" content=\"\u00c9lections l\u00e9gislatives. L&#039;association de d\u00e9fense des services de l&#039;h\u00f4pital adresse une lettre ouverte aux candidats - Contact FM 99.3\" \/>\n<meta property=\"og:description\" content=\"Alors que le service des urgences de l\u2019h\u00f4pital de Montval-sur-Loir a annonc\u00e9 une \u00e9ni\u00e8me fermeture de ses services pour ce d\u00e9but de mois de juin 2022, l\u2019association de d\u00e9fense des services de l\u2019h\u00f4pital de Montval-sur-Loir vient d&#8217;adresser une lettre ouverte aux candidats aux \u00e9lections l\u00e9gislatives. \u00a0 Un \u00e9ni\u00e8me \u00e9pisode pour une saga qui semble interminable.&hellip;\" \/>\n<meta property=\"og:url\" content=\"https:\/\/contactfm72.fr\/?p=10018\" \/>\n<meta property=\"og:site_name\" content=\"Contact FM 99.3\" \/>\n<meta property=\"article:publisher\" content=\"https:\/\/www.facebook.com\/Contactfm.Chateauduloir\" \/>\n<meta property=\"article:published_time\" content=\"2022-05-31T14:08:25+00:00\" \/>\n<meta property=\"og:image\" content=\"https:\/\/contactfm72.fr\/wp-content\/uploads\/2022\/05\/h\u00f4pital.jpg\" \/>\n\t<meta property=\"og:image:width\" content=\"2048\" \/>\n\t<meta property=\"og:image:height\" content=\"1707\" \/>\n\t<meta property=\"og:image:type\" content=\"image\/jpeg\" \/>\n<meta name=\"author\" content=\"Val\u00e9rie C.\" \/>\n<meta name=\"twitter:card\" content=\"summary_large_image\" \/>\n<meta name=\"twitter:creator\" content=\"@contactfm72\" \/>\n<meta name=\"twitter:site\" content=\"@contactfm72\" \/>\n<meta name=\"twitter:label1\" content=\"\u00c9crit par\" \/>\n\t<meta name=\"twitter:data1\" content=\"Val\u00e9rie C.\" \/>\n\t<meta name=\"twitter:label2\" content=\"Dur\u00e9e de lecture estim\u00e9e\" \/>\n\t<meta name=\"twitter:data2\" content=\"5 minutes\" \/>\n<script type=\"application\/ld+json\" class=\"yoast-schema-graph\">{\"@context\":\"https:\\\/\\\/schema.org\",\"@graph\":[{\"@type\":\"Article\",\"@id\":\"https:\\\/\\\/contactfm72.fr\\\/?p=10018#article\",\"isPartOf\":{\"@id\":\"https:\\\/\\\/contactfm72.fr\\\/?p=10018\"},\"author\":{\"name\":\"Val\u00e9rie C.\",\"@id\":\"https:\\\/\\\/contactfm72.fr\\\/#\\\/schema\\\/person\\\/9fdc9d1c2eb029354a4f1535b90ba82d\"},\"headline\":\"\u00c9lections l\u00e9gislatives. L&#8217;association de d\u00e9fense des services de l&#8217;h\u00f4pital adresse une lettre ouverte aux candidats\",\"datePublished\":\"2022-05-31T14:08:25+00:00\",\"mainEntityOfPage\":{\"@id\":\"https:\\\/\\\/contactfm72.fr\\\/?p=10018\"},\"wordCount\":949,\"publisher\":{\"@id\":\"https:\\\/\\\/contactfm72.fr\\\/#organization\"},\"image\":{\"@id\":\"https:\\\/\\\/contactfm72.fr\\\/?p=10018#primaryimage\"},\"thumbnailUrl\":\"https:\\\/\\\/contactfm72.fr\\\/wp-content\\\/uploads\\\/2022\\\/05\\\/h\u00f4pital.jpg\",\"articleSection\":[\"Contact FM 72\"],\"inLanguage\":\"fr-FR\"},{\"@type\":\"WebPage\",\"@id\":\"https:\\\/\\\/contactfm72.fr\\\/?p=10018\",\"url\":\"https:\\\/\\\/contactfm72.fr\\\/?p=10018\",\"name\":\"\u00c9lections l\u00e9gislatives. L'association de d\u00e9fense des services de l'h\u00f4pital adresse une lettre ouverte aux candidats - Contact FM 99.3\",\"isPartOf\":{\"@id\":\"https:\\\/\\\/contactfm72.fr\\\/#website\"},\"primaryImageOfPage\":{\"@id\":\"https:\\\/\\\/contactfm72.fr\\\/?p=10018#primaryimage\"},\"image\":{\"@id\":\"https:\\\/\\\/contactfm72.fr\\\/?p=10018#primaryimage\"},\"thumbnailUrl\":\"https:\\\/\\\/contactfm72.fr\\\/wp-content\\\/uploads\\\/2022\\\/05\\\/h\u00f4pital.jpg\",\"datePublished\":\"2022-05-31T14:08:25+00:00\",\"breadcrumb\":{\"@id\":\"https:\\\/\\\/contactfm72.fr\\\/?p=10018#breadcrumb\"},\"inLanguage\":\"fr-FR\",\"potentialAction\":[{\"@type\":\"ReadAction\",\"target\":[\"https:\\\/\\\/contactfm72.fr\\\/?p=10018\"]}]},{\"@type\":\"ImageObject\",\"inLanguage\":\"fr-FR\",\"@id\":\"https:\\\/\\\/contactfm72.fr\\\/?p=10018#primaryimage\",\"url\":\"https:\\\/\\\/contactfm72.fr\\\/wp-content\\\/uploads\\\/2022\\\/05\\\/h\u00f4pital.jpg\",\"contentUrl\":\"https:\\\/\\\/contactfm72.fr\\\/wp-content\\\/uploads\\\/2022\\\/05\\\/h\u00f4pital.jpg\",\"width\":2048,\"height\":1707,\"caption\":\"Alors que le service hospitalier des urgences de Montval-sur-Loir vient d'annoncer une \u00e9ni\u00e8me fermeture, les membres de l'association de d\u00e9fense des services de l'h\u00f4pital adresse une lettre ouverte aux candidats aux \u00e9lections l\u00e9gislatives de la 3\u00e8me circonscription de Sarthe.\"},{\"@type\":\"BreadcrumbList\",\"@id\":\"https:\\\/\\\/contactfm72.fr\\\/?p=10018#breadcrumb\",\"itemListElement\":[{\"@type\":\"ListItem\",\"position\":1,\"name\":\"Accueil\",\"item\":\"https:\\\/\\\/contactfm72.fr\\\/\"},{\"@type\":\"ListItem\",\"position\":2,\"name\":\"\u00c9lections l\u00e9gislatives. L&#8217;association de d\u00e9fense des services de l&#8217;h\u00f4pital adresse une lettre ouverte aux candidats\"}]},{\"@type\":\"WebSite\",\"@id\":\"https:\\\/\\\/contactfm72.fr\\\/#website\",\"url\":\"https:\\\/\\\/contactfm72.fr\\\/\",\"name\":\"Contact FM 99.3\",\"description\":\"Votre radio en vall\u00e9e du Loir\",\"publisher\":{\"@id\":\"https:\\\/\\\/contactfm72.fr\\\/#organization\"},\"potentialAction\":[{\"@type\":\"SearchAction\",\"target\":{\"@type\":\"EntryPoint\",\"urlTemplate\":\"https:\\\/\\\/contactfm72.fr\\\/?s={search_term_string}\"},\"query-input\":{\"@type\":\"PropertyValueSpecification\",\"valueRequired\":true,\"valueName\":\"search_term_string\"}}],\"inLanguage\":\"fr-FR\"},{\"@type\":\"Organization\",\"@id\":\"https:\\\/\\\/contactfm72.fr\\\/#organization\",\"name\":\"Contact FM 99.3\",\"url\":\"https:\\\/\\\/contactfm72.fr\\\/\",\"logo\":{\"@type\":\"ImageObject\",\"inLanguage\":\"fr-FR\",\"@id\":\"https:\\\/\\\/contactfm72.fr\\\/#\\\/schema\\\/logo\\\/image\\\/\",\"url\":\"https:\\\/\\\/contactfm72.fr\\\/wp-content\\\/uploads\\\/2025\\\/04\\\/2025-04-18-2.jpg\",\"contentUrl\":\"https:\\\/\\\/contactfm72.fr\\\/wp-content\\\/uploads\\\/2025\\\/04\\\/2025-04-18-2.jpg\",\"width\":680,\"height\":307,\"caption\":\"Contact FM 99.3\"},\"image\":{\"@id\":\"https:\\\/\\\/contactfm72.fr\\\/#\\\/schema\\\/logo\\\/image\\\/\"},\"sameAs\":[\"https:\\\/\\\/www.facebook.com\\\/Contactfm.Chateauduloir\",\"https:\\\/\\\/x.com\\\/contactfm72\",\"https:\\\/\\\/www.instagram.com\\\/contact.fm.72?igsh=cGhlMHQ5N2JlNnpp\",\"https:\\\/\\\/www.tiktok.com\\\/@contact.fm\"]},{\"@type\":\"Person\",\"@id\":\"https:\\\/\\\/contactfm72.fr\\\/#\\\/schema\\\/person\\\/9fdc9d1c2eb029354a4f1535b90ba82d\",\"name\":\"Val\u00e9rie C.\",\"image\":{\"@type\":\"ImageObject\",\"inLanguage\":\"fr-FR\",\"@id\":\"https:\\\/\\\/secure.gravatar.com\\\/avatar\\\/2f8aa28f8dfbd7d4420afd1fdcdd0a349923e2c8a38ab28198b0f9d0601e4737?s=96&d=mm&r=g\",\"url\":\"https:\\\/\\\/secure.gravatar.com\\\/avatar\\\/2f8aa28f8dfbd7d4420afd1fdcdd0a349923e2c8a38ab28198b0f9d0601e4737?s=96&d=mm&r=g\",\"contentUrl\":\"https:\\\/\\\/secure.gravatar.com\\\/avatar\\\/2f8aa28f8dfbd7d4420afd1fdcdd0a349923e2c8a38ab28198b0f9d0601e4737?s=96&d=mm&r=g\",\"caption\":\"Val\u00e9rie C.\"},\"url\":\"https:\\\/\\\/contactfm72.fr\\\/?author=4\"}]}<\/script>\n<!-- \/ Yoast SEO plugin. -->","yoast_head_json":{"title":"\u00c9lections l\u00e9gislatives. L'association de d\u00e9fense des services de l'h\u00f4pital adresse une lettre ouverte aux candidats - Contact FM 99.3","robots":{"index":"index","follow":"follow","max-snippet":"max-snippet:-1","max-image-preview":"max-image-preview:large","max-video-preview":"max-video-preview:-1"},"canonical":"https:\/\/contactfm72.fr\/?p=10018","og_locale":"fr_FR","og_type":"article","og_title":"\u00c9lections l\u00e9gislatives. L'association de d\u00e9fense des services de l'h\u00f4pital adresse une lettre ouverte aux candidats - Contact FM 99.3","og_description":"Alors que le service des urgences de l\u2019h\u00f4pital de Montval-sur-Loir a annonc\u00e9 une \u00e9ni\u00e8me fermeture de ses services pour ce d\u00e9but de mois de juin 2022, l\u2019association de d\u00e9fense des services de l\u2019h\u00f4pital de Montval-sur-Loir vient d&#8217;adresser une lettre ouverte aux candidats aux \u00e9lections l\u00e9gislatives. \u00a0 Un \u00e9ni\u00e8me \u00e9pisode pour une saga qui semble interminable.&hellip;","og_url":"https:\/\/contactfm72.fr\/?p=10018","og_site_name":"Contact FM 99.3","article_publisher":"https:\/\/www.facebook.com\/Contactfm.Chateauduloir","article_published_time":"2022-05-31T14:08:25+00:00","og_image":[{"width":2048,"height":1707,"url":"https:\/\/contactfm72.fr\/wp-content\/uploads\/2022\/05\/h\u00f4pital.jpg","type":"image\/jpeg"}],"author":"Val\u00e9rie C.","twitter_card":"summary_large_image","twitter_creator":"@contactfm72","twitter_site":"@contactfm72","twitter_misc":{"\u00c9crit par":"Val\u00e9rie C.","Dur\u00e9e de lecture estim\u00e9e":"5 minutes"},"schema":{"@context":"https:\/\/schema.org","@graph":[{"@type":"Article","@id":"https:\/\/contactfm72.fr\/?p=10018#article","isPartOf":{"@id":"https:\/\/contactfm72.fr\/?p=10018"},"author":{"name":"Val\u00e9rie C.","@id":"https:\/\/contactfm72.fr\/#\/schema\/person\/9fdc9d1c2eb029354a4f1535b90ba82d"},"headline":"\u00c9lections l\u00e9gislatives. L&#8217;association de d\u00e9fense des services de l&#8217;h\u00f4pital adresse une lettre ouverte aux candidats","datePublished":"2022-05-31T14:08:25+00:00","mainEntityOfPage":{"@id":"https:\/\/contactfm72.fr\/?p=10018"},"wordCount":949,"publisher":{"@id":"https:\/\/contactfm72.fr\/#organization"},"image":{"@id":"https:\/\/contactfm72.fr\/?p=10018#primaryimage"},"thumbnailUrl":"https:\/\/contactfm72.fr\/wp-content\/uploads\/2022\/05\/h\u00f4pital.jpg","articleSection":["Contact FM 72"],"inLanguage":"fr-FR"},{"@type":"WebPage","@id":"https:\/\/contactfm72.fr\/?p=10018","url":"https:\/\/contactfm72.fr\/?p=10018","name":"\u00c9lections l\u00e9gislatives. L'association de d\u00e9fense des services de l'h\u00f4pital adresse une lettre ouverte aux candidats - Contact FM 99.3","isPartOf":{"@id":"https:\/\/contactfm72.fr\/#website"},"primaryImageOfPage":{"@id":"https:\/\/contactfm72.fr\/?p=10018#primaryimage"},"image":{"@id":"https:\/\/contactfm72.fr\/?p=10018#primaryimage"},"thumbnailUrl":"https:\/\/contactfm72.fr\/wp-content\/uploads\/2022\/05\/h\u00f4pital.jpg","datePublished":"2022-05-31T14:08:25+00:00","breadcrumb":{"@id":"https:\/\/contactfm72.fr\/?p=10018#breadcrumb"},"inLanguage":"fr-FR","potentialAction":[{"@type":"ReadAction","target":["https:\/\/contactfm72.fr\/?p=10018"]}]},{"@type":"ImageObject","inLanguage":"fr-FR","@id":"https:\/\/contactfm72.fr\/?p=10018#primaryimage","url":"https:\/\/contactfm72.fr\/wp-content\/uploads\/2022\/05\/h\u00f4pital.jpg","contentUrl":"https:\/\/contactfm72.fr\/wp-content\/uploads\/2022\/05\/h\u00f4pital.jpg","width":2048,"height":1707,"caption":"Alors que le service hospitalier des urgences de Montval-sur-Loir vient d'annoncer une \u00e9ni\u00e8me fermeture, les membres de l'association de d\u00e9fense des services de l'h\u00f4pital adresse une lettre ouverte aux candidats aux \u00e9lections l\u00e9gislatives de la 3\u00e8me circonscription de Sarthe."},{"@type":"BreadcrumbList","@id":"https:\/\/contactfm72.fr\/?p=10018#breadcrumb","itemListElement":[{"@type":"ListItem","position":1,"name":"Accueil","item":"https:\/\/contactfm72.fr\/"},{"@type":"ListItem","position":2,"name":"\u00c9lections l\u00e9gislatives. L&#8217;association de d\u00e9fense des services de l&#8217;h\u00f4pital adresse une lettre ouverte aux candidats"}]},{"@type":"WebSite","@id":"https:\/\/contactfm72.fr\/#website","url":"https:\/\/contactfm72.fr\/","name":"Contact FM 99.3","description":"Votre radio en vall\u00e9e du Loir","publisher":{"@id":"https:\/\/contactfm72.fr\/#organization"},"potentialAction":[{"@type":"SearchAction","target":{"@type":"EntryPoint","urlTemplate":"https:\/\/contactfm72.fr\/?s={search_term_string}"},"query-input":{"@type":"PropertyValueSpecification","valueRequired":true,"valueName":"search_term_string"}}],"inLanguage":"fr-FR"},{"@type":"Organization","@id":"https:\/\/contactfm72.fr\/#organization","name":"Contact FM 99.3","url":"https:\/\/contactfm72.fr\/","logo":{"@type":"ImageObject","inLanguage":"fr-FR","@id":"https:\/\/contactfm72.fr\/#\/schema\/logo\/image\/","url":"https:\/\/contactfm72.fr\/wp-content\/uploads\/2025\/04\/2025-04-18-2.jpg","contentUrl":"https:\/\/contactfm72.fr\/wp-content\/uploads\/2025\/04\/2025-04-18-2.jpg","width":680,"height":307,"caption":"Contact FM 99.3"},"image":{"@id":"https:\/\/contactfm72.fr\/#\/schema\/logo\/image\/"},"sameAs":["https:\/\/www.facebook.com\/Contactfm.Chateauduloir","https:\/\/x.com\/contactfm72","https:\/\/www.instagram.com\/contact.fm.72?igsh=cGhlMHQ5N2JlNnpp","https:\/\/www.tiktok.com\/@contact.fm"]},{"@type":"Person","@id":"https:\/\/contactfm72.fr\/#\/schema\/person\/9fdc9d1c2eb029354a4f1535b90ba82d","name":"Val\u00e9rie C.","image":{"@type":"ImageObject","inLanguage":"fr-FR","@id":"https:\/\/secure.gravatar.com\/avatar\/2f8aa28f8dfbd7d4420afd1fdcdd0a349923e2c8a38ab28198b0f9d0601e4737?s=96&d=mm&r=g","url":"https:\/\/secure.gravatar.com\/avatar\/2f8aa28f8dfbd7d4420afd1fdcdd0a349923e2c8a38ab28198b0f9d0601e4737?s=96&d=mm&r=g","contentUrl":"https:\/\/secure.gravatar.com\/avatar\/2f8aa28f8dfbd7d4420afd1fdcdd0a349923e2c8a38ab28198b0f9d0601e4737?s=96&d=mm&r=g","caption":"Val\u00e9rie C."},"url":"https:\/\/contactfm72.fr\/?author=4"}]}},"_links":{"self":[{"href":"https:\/\/contactfm72.fr\/index.php?rest_route=\/wp\/v2\/posts\/10018","targetHints":{"allow":["GET"]}}],"collection":[{"href":"https:\/\/contactfm72.fr\/index.php?rest_route=\/wp\/v2\/posts"}],"about":[{"href":"https:\/\/contactfm72.fr\/index.php?rest_route=\/wp\/v2\/types\/post"}],"author":[{"embeddable":true,"href":"https:\/\/contactfm72.fr\/index.php?rest_route=\/wp\/v2\/users\/4"}],"replies":[{"embeddable":true,"href":"https:\/\/contactfm72.fr\/index.php?rest_route=%2Fwp%2Fv2%2Fcomments&post=10018"}],"version-history":[{"count":1,"href":"https:\/\/contactfm72.fr\/index.php?rest_route=\/wp\/v2\/posts\/10018\/revisions"}],"predecessor-version":[{"id":10020,"href":"https:\/\/contactfm72.fr\/index.php?rest_route=\/wp\/v2\/posts\/10018\/revisions\/10020"}],"wp:featuredmedia":[{"embeddable":true,"href":"https:\/\/contactfm72.fr\/index.php?rest_route=\/wp\/v2\/media\/10019"}],"wp:attachment":[{"href":"https:\/\/contactfm72.fr\/index.php?rest_route=%2Fwp%2Fv2%2Fmedia&parent=10018"}],"wp:term":[{"taxonomy":"category","embeddable":true,"href":"https:\/\/contactfm72.fr\/index.php?rest_route=%2Fwp%2Fv2%2Fcategories&post=10018"},{"taxonomy":"post_tag","embeddable":true,"href":"https:\/\/contactfm72.fr\/index.php?rest_route=%2Fwp%2Fv2%2Ftags&post=10018"}],"curies":[{"name":"wp","href":"https:\/\/api.w.org\/{rel}","templated":true}]}}